{"id":745144,"date":"2026-09-03T06:07:13","date_gmt":"2026-09-03T06:07:13","guid":{"rendered":"https:\/\/www.europesays.com\/es\/745144\/"},"modified":"2026-09-03T06:07:13","modified_gmt":"2026-09-03T06:07:13","slug":"miguel-angel-hoyo-de-sarria-a-la-elite","status":"publish","type":"post","link":"https:\/\/www.europesays.com\/es\/745144\/","title":{"rendered":"Miguel \u00c1ngel Hoyo, de Sarria a la \u00e9lite"},"content":{"rendered":"<p>El entrenador <strong>Miguel \u00c1ngel Hoyo<\/strong>, ceut\u00ed de nacimiento pero sarriano de adopci\u00f3n, como \u00e9l mismo se considera, se incorpor\u00f3 este mi\u00e9rcoles al staff t\u00e9cnico del Baskonia, equipo que compite en la ACB y en la Euroliga. El actual seleccionador de Costa de Marfil y<strong> director deportivo del CB Sarria i<\/strong>nicia as\u00ed su tercera etapa en el club vitoriano, tras dirigir en la temporada 2018-19 al equipo de LEB Plata y ser el m\u00e1ximo responsable del proyecto j\u00fanior-EBA de la entidad alavesa durante el per\u00edodo 2019-21.<\/p>\n<p>Hoyo, de 52 a\u00f1os, se incorporar\u00e1 a finales de la presente semana al Baskonia como <strong>entrenador ayudante de Paolo Galbiati<\/strong>, justo despu\u00e9s de clasificar a Costa de Marfil para el Mundial del pr\u00f3ximo a\u00f1o tras vencer el pasado s\u00e1bado a Egipto por 72-66 en el Dakar Arena de Senegal, en las ventanas Fiba.<\/p>\n<p><strong>El CB Sarria emiti\u00f3 ayer un comunicado<\/strong> en el que agradec\u00eda al preparador ceut\u00ed su \u00abdedicaci\u00f3n inquebrantable\u00bb por el proyecto. \u00abO teu traballo permanecer\u00e1 aqu\u00ed para sempre. Estamos tristes pola t\u00faa marcha, pero estamos orgullosos de saber que un membro da elite da ACB e da Euroliga levar\u00e1 consigo un anaco deste club\u00bb, indica la misiva.<\/p>\n<p>El anuncio acaba con un emotivo \u00abmoita sorte, Miguel; o CB Sarria <strong>sempre ser\u00e1 a t\u00faa casa<\/strong>\u00ab.<\/p>\n<p>La trayectoria de Miguel \u00c1ngel Hoyo en el b\u00e1squet espa\u00f1ol e internacional es amplia. En Espa\u00f1a, adem\u00e1s de en los clubes mencionados, t<strong>rabaj\u00f3 como t\u00e9cnico asistente en el CB Breog\u00e1n <\/strong>y el Granada, adem\u00e1s de dirigir al B\u00e1squet Coru\u00f1a, Xuven Cambados y Menorca y ejercer como director deportivo del Ourense.<\/p>\n<p>En el extranjero entren\u00f3, entre otros, al Malabo Kings de Guinea Ecuatorial, al H\u00f8rsholm 79ers y al SISU Copenhagen daneses, y fue asistente en el Eski\u015fehir Basket turco y<strong> en la selecci\u00f3n de Angola<\/strong>.<\/p>\n","protected":false},"excerpt":{"rendered":"El entrenador Miguel \u00c1ngel Hoyo, ceut\u00ed de nacimiento pero sarriano de adopci\u00f3n, como \u00e9l mismo se considera, se&hellip;\n","protected":false},"author":2,"featured_media":745145,"comment_status":"","ping_status":"","sticky":false,"template":"","format":"standard","meta":{"footnotes":""},"categories":[93],"tags":[299,168,25,24,5167,23,167],"class_list":["post-745144","post","type-post","status-publish","format-standard","has-post-thumbnail","category-deportes","tag-baloncesto","tag-deportes","tag-es","tag-espana","tag-sarria","tag-spain","tag-sports"],"share_on_mastodon":{"url":"https:\/\/pubeurope.com\/@es\/117205614521965867","error":""},"_links":{"self":[{"href":"https:\/\/www.europesays.com\/es\/wp-json\/wp\/v2\/posts\/745144","targetHints":{"allow":["GET"]}}],"collection":[{"href":"https:\/\/www.europesays.com\/es\/wp-json\/wp\/v2\/posts"}],"about":[{"href":"https:\/\/www.europesays.com\/es\/wp-json\/wp\/v2\/types\/post"}],"author":[{"embeddable":true,"href":"https:\/\/www.europesays.com\/es\/wp-json\/wp\/v2\/users\/2"}],"replies":[{"embeddable":true,"href":"https:\/\/www.europesays.com\/es\/wp-json\/wp\/v2\/comments?post=745144"}],"version-history":[{"count":0,"href":"https:\/\/www.europesays.com\/es\/wp-json\/wp\/v2\/posts\/745144\/revisions"}],"wp:featuredmedia":[{"embeddable":true,"href":"https:\/\/www.europesays.com\/es\/wp-json\/wp\/v2\/media\/745145"}],"wp:attachment":[{"href":"https:\/\/www.europesays.com\/es\/wp-json\/wp\/v2\/media?parent=745144"}],"wp:term":[{"taxonomy":"category","embeddable":true,"href":"https:\/\/www.europesays.com\/es\/wp-json\/wp\/v2\/categories?post=745144"},{"taxonomy":"post_tag","embeddable":true,"href":"https:\/\/www.europesays.com\/es\/wp-json\/wp\/v2\/tags?post=745144"}],"curies":[{"name":"wp","href":"https:\/\/api.w.org\/{rel}","templated":true}]}}