{"id":745156,"date":"2026-09-03T06:14:14","date_gmt":"2026-09-03T06:14:14","guid":{"rendered":"https:\/\/www.europesays.com\/es\/745156\/"},"modified":"2026-09-03T06:14:14","modified_gmt":"2026-09-03T06:14:14","slug":"ultima-hora-de-la-entrada-de-inmigrantes-a-ceuta-en-directo-sanchez-comparece-en-el-congreso-por-la-crisis-de-ceuta-un-dia-despues-de-las-protestas-masivas-en-toda-espana-espana","status":"publish","type":"post","link":"https:\/\/www.europesays.com\/es\/745156\/","title":{"rendered":"\u00daltima hora de la entrada de inmigrantes a Ceuta, en directo | S\u00e1nchez comparece en el Congreso por la crisis de Ceuta un d\u00eda despu\u00e9s de las protestas masivas en toda Espa\u00f1a | Espa\u00f1a"},"content":{"rendered":"<p class=\"ev-title\">Ma\u00edllo: \u201cLos gendarmes son Estado de Marruecos\u201d<\/p>\n<p>El l\u00edder de Izquierda Unida, Antonio Ma\u00edllo, que ayer ya hab\u00eda endurecido el tono y reclamado responsabilidades al Ministerio del Interior por el informe que se\u00f1ala a agentes marroqu\u00edes en la crisis de Ceuta, ha insistido a primera hora de este jueves en la implicaci\u00f3n de Rabat en la entrada masiva de inmigrantes a la ciudad aut\u00f3noma el 30 y 31 de julio, que el Ejecutivo todav\u00eda no da por acreditada.<\/p>\n<p>\u201cEl Gobierno no quiere problemas con Marruecos y teme que si lo nombra pueda generar m\u00e1s ruido a\u00fan del que ya hay, pero lo que no puede es ocultar algo que para IU es evidente, que es la implicaci\u00f3n de Marruecos en el grado que sea. Los gendarmes son Estado de Marruecos\u201d, ha argumentado el l\u00edder de la formaci\u00f3n de izquierdas en la Cadena SER.<\/p>\n<p>\u201cMe preocupa mucho el funcionamiento de terminales de nuestro Estado de manera paralela o desleal hacia el gobierno leg\u00edtimo. El presidente debe informar de ello. Me refiero al informe de la polic\u00eda, a la actitud del CNI, a muchos casos anteriores en la Guardia Civil que han generado dudas\u201d, ha a\u00f1adido.<\/p>\n<p>Sobre la comparecencia del presidente del Gobierno, Pedro S\u00e1nchez, esta ma\u00f1ana en el Congreso, Ma\u00edllo ha se\u00f1alado que espera de ella \u201ctransparencia y monitorizaci\u00f3n de los hechos desde que ocurrieron. Es muy importante porque tiene que lanzar una verdad: que es lo que ha ocurrido y el compromiso de no limitar la informaci\u00f3n. Hay un elefante en la habitaci\u00f3n que no ha querido abordar, que es la implicaci\u00f3n activa o pasiva, mayor o menor de Marruecos\u201d.<\/p>\n","protected":false},"excerpt":{"rendered":"Ma\u00edllo: \u201cLos gendarmes son Estado de Marruecos\u201d El l\u00edder de Izquierda Unida, Antonio Ma\u00edllo, que ayer ya hab\u00eda&hellip;\n","protected":false},"author":2,"featured_media":745157,"comment_status":"","ping_status":"","sticky":false,"template":"","format":"standard","meta":{"footnotes":""},"categories":[8],"tags":[6069,17,18,4486,894,25,24,13,14,14341,11,590,895,15398,19,20,4485,892,9,10,15,16,2959,956,1699,23,12,21,22],"class_list":["post-745156","post","type-post","status-publish","format-standard","has-post-thumbnail","category-espana","tag-alberto-nunez-feijoo","tag-breaking-news","tag-breakingnews","tag-ceuta","tag-crisis-migratoria","tag-es","tag-espana","tag-featured-news","tag-featurednews","tag-fernando-grande-marlaska","tag-headlines","tag-inmigracion","tag-inmigracion-irregular","tag-inmigracion-irregular-espana","tag-latest-news","tag-latestnews","tag-marruecos","tag-migracion","tag-news","tag-noticias","tag-noticias-destacadas","tag-noticiasdestacadas","tag-pedro-sanchez","tag-pp","tag-psoe","tag-spain","tag-titulares","tag-ultimas-noticias","tag-ultimasnoticias"],"share_on_mastodon":{"url":"","error":"Validation failed: Text character limit of 500 exceeded"},"_links":{"self":[{"href":"https:\/\/www.europesays.com\/es\/wp-json\/wp\/v2\/posts\/745156","targetHints":{"allow":["GET"]}}],"collection":[{"href":"https:\/\/www.europesays.com\/es\/wp-json\/wp\/v2\/posts"}],"about":[{"href":"https:\/\/www.europesays.com\/es\/wp-json\/wp\/v2\/types\/post"}],"author":[{"embeddable":true,"href":"https:\/\/www.europesays.com\/es\/wp-json\/wp\/v2\/users\/2"}],"replies":[{"embeddable":true,"href":"https:\/\/www.europesays.com\/es\/wp-json\/wp\/v2\/comments?post=745156"}],"version-history":[{"count":0,"href":"https:\/\/www.europesays.com\/es\/wp-json\/wp\/v2\/posts\/745156\/revisions"}],"wp:featuredmedia":[{"embeddable":true,"href":"https:\/\/www.europesays.com\/es\/wp-json\/wp\/v2\/media\/745157"}],"wp:attachment":[{"href":"https:\/\/www.europesays.com\/es\/wp-json\/wp\/v2\/media?parent=745156"}],"wp:term":[{"taxonomy":"category","embeddable":true,"href":"https:\/\/www.europesays.com\/es\/wp-json\/wp\/v2\/categories?post=745156"},{"taxonomy":"post_tag","embeddable":true,"href":"https:\/\/www.europesays.com\/es\/wp-json\/wp\/v2\/tags?post=745156"}],"curies":[{"name":"wp","href":"https:\/\/api.w.org\/{rel}","templated":true}]}}