{"id":745162,"date":"2026-09-03T06:31:19","date_gmt":"2026-09-03T06:31:19","guid":{"rendered":"https:\/\/www.europesays.com\/es\/745162\/"},"modified":"2026-09-03T06:31:19","modified_gmt":"2026-09-03T06:31:19","slug":"tiger-woods-pierde-el-permiso-de-conducir-durante-cinco-anos-pero-evita-la-carcel","status":"publish","type":"post","link":"https:\/\/www.europesays.com\/es\/745162\/","title":{"rendered":"Tiger Woods pierde el permiso de conducir durante cinco a\u00f1os pero evita la c\u00e1rcel"},"content":{"rendered":"<p style=\"\">Tiger Woods se declar\u00f3 culpable ayer de los cargos de conducci\u00f3n descuidada y temeraria tras un accidente de autom\u00f3vil en Florida ocurrido el pasado marzo,  &#8230; con lo que evita el ingreso en la c\u00e1rcel. <\/p>\n<p class=\"v-d-p\" style=\"\">El astro del golf tendr\u00e1 su licencia de conducir suspendida durante cinco a\u00f1os, seg\u00fan los t\u00e9rminos de un acuerdo de culpabilidad que retir\u00f3 el cargo m\u00e1s grave de conducir bajo los efectos del alcohol o las drogas. De haber sido hallado culpable de ese delito, el ganador de quince &#8216;majors&#8217;, de 50 a\u00f1os, podr\u00eda haber sido condenado a una pena de prisi\u00f3n.<\/p>\n<p class=\"v-d-p\" style=\"\">En marzo, el veh\u00edculo que conduc\u00eda Woods choc\u00f3 contra un remolque tirado por una camioneta cerca de su residencia en Florida. Los agentes que acudieron al lugar concluyeron que el golfista se encontraba bajo los efectos de sustancias y hallaron en su poder medicamentos analg\u00e9sicos opioides. <\/p>\n<p class=\"v-d-p\" style=\"\">Woods se neg\u00f3 a someterse a un an\u00e1lisis de orina y fue acusado, encarcelado y puesto en libertad bajo fianza.<\/p>\n","protected":false},"excerpt":{"rendered":"Tiger Woods se declar\u00f3 culpable ayer de los cargos de conducci\u00f3n descuidada y temeraria tras un accidente de&hellip;\n","protected":false},"author":2,"featured_media":745163,"comment_status":"","ping_status":"","sticky":false,"template":"","format":"standard","meta":{"footnotes":""},"categories":[93],"tags":[988,4280,5810,47239,168,25,24,12041,6754,3457,23,167,19011,33020],"class_list":["post-745162","post","type-post","status-publish","format-standard","has-post-thumbnail","category-deportes","tag-anos","tag-carcel","tag-cinco","tag-conducir","tag-deportes","tag-es","tag-espana","tag-evita","tag-permiso","tag-pierde","tag-spain","tag-sports","tag-tiger","tag-woods"],"share_on_mastodon":{"url":"https:\/\/pubeurope.com\/@es\/117205708996850140","error":""},"_links":{"self":[{"href":"https:\/\/www.europesays.com\/es\/wp-json\/wp\/v2\/posts\/745162","targetHints":{"allow":["GET"]}}],"collection":[{"href":"https:\/\/www.europesays.com\/es\/wp-json\/wp\/v2\/posts"}],"about":[{"href":"https:\/\/www.europesays.com\/es\/wp-json\/wp\/v2\/types\/post"}],"author":[{"embeddable":true,"href":"https:\/\/www.europesays.com\/es\/wp-json\/wp\/v2\/users\/2"}],"replies":[{"embeddable":true,"href":"https:\/\/www.europesays.com\/es\/wp-json\/wp\/v2\/comments?post=745162"}],"version-history":[{"count":0,"href":"https:\/\/www.europesays.com\/es\/wp-json\/wp\/v2\/posts\/745162\/revisions"}],"wp:featuredmedia":[{"embeddable":true,"href":"https:\/\/www.europesays.com\/es\/wp-json\/wp\/v2\/media\/745163"}],"wp:attachment":[{"href":"https:\/\/www.europesays.com\/es\/wp-json\/wp\/v2\/media?parent=745162"}],"wp:term":[{"taxonomy":"category","embeddable":true,"href":"https:\/\/www.europesays.com\/es\/wp-json\/wp\/v2\/categories?post=745162"},{"taxonomy":"post_tag","embeddable":true,"href":"https:\/\/www.europesays.com\/es\/wp-json\/wp\/v2\/tags?post=745162"}],"curies":[{"name":"wp","href":"https:\/\/api.w.org\/{rel}","templated":true}]}}