{"id":745166,"date":"2026-09-03T06:33:22","date_gmt":"2026-09-03T06:33:22","guid":{"rendered":"https:\/\/www.europesays.com\/es\/745166\/"},"modified":"2026-09-03T06:33:22","modified_gmt":"2026-09-03T06:33:22","slug":"alberto-conejero-dramaturgo-y-coguionista-de-la-bola-negra-a-quien-y-por-que-molesta-tanto-la-popularizacion-de-lorca-cultura","status":"publish","type":"post","link":"https:\/\/www.europesays.com\/es\/745166\/","title":{"rendered":"Alberto Conejero, dramaturgo y coguionista de \u2018La bola negra\u2019: \u201c\u00bfA qui\u00e9n y por qu\u00e9 molesta tanto la popularizaci\u00f3n de Lorca?\u00bb | Cultura"},"content":{"rendered":"<p class=\"\"><a href=\"https:\/\/elpais.com\/cultura\/2023-10-05\/alberto-conejero-la-vida-tras-ser-cancelado-por-vox-la-censura-no-solo-afecta-a-los-creadores-afecta-a-toda-la-sociedad.html\" target=\"_self\" rel=\"nofollow noopener\" title=\"https:\/\/elpais.com\/cultura\/2023-10-05\/alberto-conejero-la-vida-tras-ser-cancelado-por-vox-la-censura-no-solo-afecta-a-los-creadores-afecta-a-toda-la-sociedad.html\">Alberto Conejero<\/a> (Vilches, 48 a\u00f1os) es uno de los autores m\u00e1s relevantes del teatro espa\u00f1ol actual, pero asegura que nunca ha recibido tanta atenci\u00f3n medi\u00e1tica como en los \u00faltimos meses por su participaci\u00f3n como coguionista en <a href=\"https:\/\/elpais.com\/cultura\/cine\/2026-05-21\/los-javis-invocan-a-lorca-y-la-memoria-historica-queer-en-la-emotiva-la-bola-negra.html\" target=\"_self\" rel=\"nofollow noopener\" title=\"https:\/\/elpais.com\/cultura\/cine\/2026-05-21\/los-javis-invocan-a-lorca-y-la-memoria-historica-queer-en-la-emotiva-la-bola-negra.html\">La bola negra<\/a>, la nueva pel\u00edcula de Los Javis, <a href=\"https:\/\/elpais.com\/cultura\/cine\/2026-05-23\/los-javis-ganan-el-premio-a-la-mejor-direccion-en-cannes-con-la-bola-negra.html\" target=\"_self\" rel=\"nofollow noopener\" title=\"https:\/\/elpais.com\/cultura\/cine\/2026-05-23\/los-javis-ganan-el-premio-a-la-mejor-direccion-en-cannes-con-la-bola-negra.html\">que gan\u00f3 el premio a la mejor direcci\u00f3n en el festival de Cannes<\/a> y se estrenar\u00e1 en cines el 25 de septiembre. Aunque, m\u00e1s que participaci\u00f3n, habr\u00eda que hablar de inspiraci\u00f3n, pues el primer aliento del filme vino de <a href=\"https:\/\/elpais.com\/cultura\/2015\/02\/11\/babelia\/1423675372_110251.html\" target=\"_self\" rel=\"nofollow noopener\" title=\"https:\/\/elpais.com\/cultura\/2015\/02\/11\/babelia\/1423675372_110251.html\">La piedra oscura<\/a>, obra de Conejero que imagina un di\u00e1logo con Rafael Rodr\u00edguez Rap\u00fan, \u00faltimo gran amor de Federico Garc\u00eda Lorca. \u201cEs emocionante pensar que miles de personas van a conocer a Rodr\u00edguez Rap\u00fan por esta pel\u00edcula. Me conmueve y me hace recordar lo que el personaje dice al final de mi obra: \u2018No voy a desaparecer del todo, \u00bfverdad?\u201d, reflexiona el dramaturgo con su habitual locuacidad, casi sin respirar, ante un caf\u00e9 a los pies de la estatua de Lorca en la plaza de Santa Ana de Madrid. <\/p>\n<p>M\u00e1s informaci\u00f3n<\/p>\n<p class=\"\">Estrenada en 2015 con producci\u00f3n del Centro Dram\u00e1tico Nacional y direcci\u00f3n de Pablo Messiez, La piedra oscura se convirti\u00f3 en un fen\u00f3meno y consagr\u00f3 a Conejero en la escena nacional. El sello <a href=\"https:\/\/www.catedra.com\/libro\/letras-hispanicas\/la-piedra-oscura-ushuaia-en-mitad-de-tanto-fuego-alberto-conejero-9788437650098\/\" target=\"_self\" rel=\"nofollow noopener\" title=\"https:\/\/www.catedra.com\/libro\/letras-hispanicas\/la-piedra-oscura-ushuaia-en-mitad-de-tanto-fuego-alberto-conejero-9788437650098\/\">C\u00e1tedra acaba de reeditar el texto<\/a> junto con otros dos, Ushuaia y En mitad de tanto fuego, en un volumen que concentra las claves de su teatro: \u201cUna escritura de alta tensi\u00f3n po\u00e9tica\u201d, como subraya el estudio introductorio del libro, que explora la memoria hist\u00f3rica a trav\u00e9s de personajes marginales o relegados a un segundo plano. <\/p>\n<p class=\"\"><a href=\"https:\/\/elpais.com\/babelia\/2024-01-26\/en-mitad-de-tanto-fuego-un-monologo-a-tumba-abierta.html\" target=\"_self\" rel=\"nofollow noopener\" title=\"https:\/\/elpais.com\/babelia\/2024-01-26\/en-mitad-de-tanto-fuego-un-monologo-a-tumba-abierta.html\">En mitad de tanto fuego<\/a>, por ejemplo, da voz a Patroclo, el amigo preferido del h\u00e9roe griego Aquiles. <a href=\"https:\/\/elpais.com\/babelia\/2023-02-18\/el-mar-salir-del-teatro-con-ganas-de-cambiar-el-mundo.html\" target=\"_self\" rel=\"nofollow noopener\" title=\"https:\/\/elpais.com\/babelia\/2023-02-18\/el-mar-salir-del-teatro-con-ganas-de-cambiar-el-mundo.html\">El mar. Visi\u00f3n de unos ni\u00f1os que no lo han visto nunca<\/a>, que inspir\u00f3 la pel\u00edcula <a href=\"https:\/\/elpais.com\/cultura\/2023-11-10\/el-maestro-que-prometio-el-mar-un-instante-perdido-de-memoria-historica.html\" target=\"_self\" rel=\"nofollow noopener\" title=\"https:\/\/elpais.com\/cultura\/2023-11-10\/el-maestro-que-prometio-el-mar-un-instante-perdido-de-memoria-historica.html\">El maestro que prometi\u00f3 el mar<\/a>, se centra en el maestro republicano Antoni Benaiges, asesinado en 1936. Este jueves llega al Teatro de la Abad\u00eda su \u00faltimo texto, <a href=\"https:\/\/www.teatroabadia.com\/espectaculo\/leonora\/\" target=\"_self\" rel=\"nofollow noopener\" title=\"https:\/\/www.teatroabadia.com\/espectaculo\/leonora\/\">Leonora, basada en las memorias de la artista Leonora Carrington<\/a>, en un montaje dirigido por el propio autor e interpretado por la actriz Natalia Huarte. Adem\u00e1s, prepara una obra documental sobre la Generaci\u00f3n del 27. <\/p>\n<p class=\"\"><b>Pregunta. <\/b>\u00bfC\u00f3mo se adapta al cine un texto tan po\u00e9tico como La piedra oscura?<\/p>\n<p class=\"\"><b>Respuesta.<\/b> Ha sido un viaje incre\u00edble. Sobre todo, porque Los Javis se han atrevido a hacer una pel\u00edcula no realista. No tiene esp\u00edritu documental ni es un biopic, como tampoco lo es mi obra, sino un ejercicio de enso\u00f1aci\u00f3n y memoria po\u00e9tica. Con momentos muy emocionantes, sin caer en la sensibler\u00eda. \u00a1Es tan pertinente una pel\u00edcula tan humanista en un momento tan despiadado!<\/p>\n<p class=\"\"><b>P.<\/b> \u00bfDespiadado en qu\u00e9 sentido?<\/p>\n<p class=\"\"><b>R. <\/b>Vivimos un tiempo en el que la pol\u00edtica se ha convertido en un meme y vuelven discursos que cre\u00edamos superados. Un tiempo en el que se vuelve a golpear a la gente al grito de \u201cmaric\u00f3n\u201d y se dice que el feminismo ha llegado demasiado lejos. <\/p>\n<p class=\"\"><b>P. <\/b>\u00bfPuede una pel\u00edcula revertir esos discursos?<\/p>\n<p class=\"\"><b>R. <\/b>La clave est\u00e1 en la emoci\u00f3n. Frente al cinismo, la emoci\u00f3n genera empat\u00eda. El teatro, el cine o la literatura nos permiten entrar en una celda con Rodr\u00edguez Rap\u00fan, en un psiqui\u00e1trico con Leonora Carrington, ponernos en el lugar de otros, sentir que toda vida es digna e importante.<\/p>\n<p class=\"\"><b>P.<\/b> \u00bfNo es arriesgado poner palabras inventadas en boca de personajes reales?<\/p>\n<p class=\"\"><b>R. <\/b>A m\u00ed me han llegado a reprochar: \u00bfc\u00f3mo te atreves a darle voz a un personaje femenino como Leonora? Pero es que yo no quiero dar voz a nadie, Leonora ya dej\u00f3 su propia voz en sus memorias. Lo que quiero es invocar esp\u00edritus de otros tiempos, pero que yo reconozco contempor\u00e1neos, para hacerlos presentes a trav\u00e9s de la poes\u00eda y reconocernos en ellos. Es un ejercicio de imaginaci\u00f3n moral y memoria po\u00e9tica.<\/p>\n<p><img alt=\"\" decoding=\"auto\" class=\"_re lazyload a_m-h\" height=\"276\"  width=\"414\"  src=\"https:\/\/www.europesays.com\/es\/wp-content\/uploads\/2026\/09\/VLPNNMTQXJFGJGVDJI5TMB6Z6A.jpg\" loading=\"lazy\" fetchpriority=\"low\"\/>\u00abVivimos en un tiempo en el que se vuelve a golpear a la gente al grito de &#8216;maric\u00f3n&#8217; y se dice que el feminismo ha llegado demasiado lejos\u00bb, dice Alberto Conejero.V\u00edctor Sainz<\/p>\n<p class=\"\"><b>P. <\/b>\u00bfQu\u00e9 le llev\u00f3 a Leonora Carrington?<\/p>\n<p class=\"\"><b>R. <\/b>Yo estaba en M\u00e9xico con un proyecto sobre los hijos de los exiliados espa\u00f1oles y por una calle me encontr\u00e9 con una escultura de Leonora que me pareci\u00f3 una maravilla. Entonces, me pregunt\u00e9 por qu\u00e9 no sab\u00eda yo casi nada de esta artista que vivi\u00f3 episodios fundamentales en la Espa\u00f1a de posguerra. Entre ellos, una violaci\u00f3n en Madrid y un internamiento en un psiqui\u00e1trico de Santander. Cuando le\u00ed sus memorias, ya no hubo vuelta atr\u00e1s. Porque reconoc\u00ed ah\u00ed un esp\u00edritu ind\u00f3cil, lib\u00e9rrimo, una superviviente de tantos naufragios que me conmovi\u00f3 profundamente.<\/p>\n<p class=\"\"><b>P.<\/b> \u00bfSe reconoce en sus personajes? <\/p>\n<p class=\"\"><b>R. <\/b>Si no siento un v\u00ednculo \u00edntimo con esa voz del pasado, no entro. He tenido muchas propuestas que he rechazado porque no lo he sentido. Si no soy capaz de reconocerme, no puedo darlos a conocer. En el caso de Leonora, adem\u00e1s, reconoc\u00ed a una mujer que fue testigo y v\u00edctima de la Espa\u00f1a del primer franquismo.<\/p>\n<p class=\"\"><b>P. <\/b>Lorca <a href=\"https:\/\/elpais.com\/cultura\/2024-12-15\/la-lorcamania-no-se-acaba-nunca.html\" target=\"_self\" rel=\"nofollow noopener\" title=\"https:\/\/elpais.com\/cultura\/2024-12-15\/la-lorcamania-no-se-acaba-nunca.html\">se ha convertido en un icono<\/a> y est\u00e1 por todas partes. \u00bfNo corremos el peligro de vaciarlo de significado por sobredosis?<\/p>\n<p class=\"\"><b>R. <\/b>Lorca es de los grandes dramaturgos y poetas del siglo XX. \u00bfC\u00f3mo no va a haber siempre obras suyas en cartelera? No he o\u00eddo a nadie quejarse en Inglaterra por hartazgo de Shakespeare o en EE UU por Tennessee Williams. Al contrario, yo celebro que en un mundo tan herido y tan oscuro se est\u00e9 hablando de un poeta. Nunca puede haber una sobredosis de poes\u00eda. Me preocupar\u00eda si hubiera una prostituci\u00f3n pol\u00edtica o un falseamiento de sus ideales, pero su popularizaci\u00f3n, \u00bfpor qu\u00e9? \u00bfA qui\u00e9n y por qu\u00e9 le molesta tanto?<\/p>\n<p class=\"\"><b>P. <\/b>\u00bfTal vez tiene que ver con la polarizaci\u00f3n pol\u00edtica? <\/p>\n<p class=\"\"><b>R. <\/b>Tiene que ver tambi\u00e9n con la educaci\u00f3n. La memoria hist\u00f3rica no es solo la discusi\u00f3n del pasado, sino del presente y del futuro. Por eso no puede ser solo un discurso que venga de arriba abajo, sino que tiene que ser un ejercicio horizontal. Por supuesto que el Estado tiene una responsabilidad de generar memoria, pero no podemos encomend\u00e1rsela solo al poder, est\u00e9 quien est\u00e9, porque se puede producir una grieta que aprovechen fuerzas oscuras y determinados partidos pol\u00edticos para establecer una memoria \u201coficial\u201d. En un momento, adem\u00e1s, en que los \u00faltimos testigos de la Guerra Civil est\u00e1n desapareciendo y pueden aparecer personas que disputen sus testimonios. Hay que hacer memoria desde las escuelas, desde el asociacionismo, desde los barrios y desde la cultura. <\/p>\n<p class=\"\"><b>P. <\/b>Usted ha sufrido esa polarizaci\u00f3n en primera persona: su obra sobre el maestro republicano <a href=\"https:\/\/elpais.com\/cultura\/2023-10-05\/alberto-conejero-la-vida-tras-ser-cancelado-por-vox-la-censura-no-solo-afecta-a-los-creadores-afecta-a-toda-la-sociedad.html\" target=\"_self\" rel=\"nofollow noopener\" title=\"https:\/\/elpais.com\/cultura\/2023-10-05\/alberto-conejero-la-vida-tras-ser-cancelado-por-vox-la-censura-no-solo-afecta-a-los-creadores-afecta-a-toda-la-sociedad.html\">fue cancelada en 2023 en un municipio de Burgos por presi\u00f3n de Vox<\/a> y poco despu\u00e9s la Comunidad de Madrid anunci\u00f3 su cese al frente del Festival de Oto\u00f1o de Madrid.<\/p>\n<p class=\"\"><b>R. <\/b>Digamos que es una cuesti\u00f3n de sensibilidades. Desde que sal\u00ed del festival no he vuelto a estrenar en ning\u00fan teatro de la Comunidad de Madrid. No les interesar\u00e1 lo que significo.<\/p>\n","protected":false},"excerpt":{"rendered":"Alberto Conejero (Vilches, 48 a\u00f1os) es uno de los autores m\u00e1s relevantes del teatro espa\u00f1ol actual, pero asegura&hellip;\n","protected":false},"author":2,"featured_media":745167,"comment_status":"","ping_status":"","sticky":false,"template":"","format":"standard","meta":{"footnotes":""},"categories":[91],"tags":[61617,177,209,146,147,25,24,95153,12491,23,1651],"class_list":["post-745166","post","type-post","status-publish","format-standard","has-post-thumbnail","category-entretenimiento","tag-alberto-conejero","tag-cine","tag-cultura","tag-entertainment","tag-entretenimiento","tag-es","tag-espana","tag-leonora-carrington","tag-los-javis","tag-spain","tag-teatro"],"share_on_mastodon":{"url":"https:\/\/pubeurope.com\/@es\/117205717714197670","error":""},"_links":{"self":[{"href":"https:\/\/www.europesays.com\/es\/wp-json\/wp\/v2\/posts\/745166","targetHints":{"allow":["GET"]}}],"collection":[{"href":"https:\/\/www.europesays.com\/es\/wp-json\/wp\/v2\/posts"}],"about":[{"href":"https:\/\/www.europesays.com\/es\/wp-json\/wp\/v2\/types\/post"}],"author":[{"embeddable":true,"href":"https:\/\/www.europesays.com\/es\/wp-json\/wp\/v2\/users\/2"}],"replies":[{"embeddable":true,"href":"https:\/\/www.europesays.com\/es\/wp-json\/wp\/v2\/comments?post=745166"}],"version-history":[{"count":0,"href":"https:\/\/www.europesays.com\/es\/wp-json\/wp\/v2\/posts\/745166\/revisions"}],"wp:featuredmedia":[{"embeddable":true,"href":"https:\/\/www.europesays.com\/es\/wp-json\/wp\/v2\/media\/745167"}],"wp:attachment":[{"href":"https:\/\/www.europesays.com\/es\/wp-json\/wp\/v2\/media?parent=745166"}],"wp:term":[{"taxonomy":"category","embeddable":true,"href":"https:\/\/www.europesays.com\/es\/wp-json\/wp\/v2\/categories?post=745166"},{"taxonomy":"post_tag","embeddable":true,"href":"https:\/\/www.europesays.com\/es\/wp-json\/wp\/v2\/tags?post=745166"}],"curies":[{"name":"wp","href":"https:\/\/api.w.org\/{rel}","templated":true}]}}