{"id":745178,"date":"2026-09-03T06:45:13","date_gmt":"2026-09-03T06:45:13","guid":{"rendered":"https:\/\/www.europesays.com\/es\/745178\/"},"modified":"2026-09-03T06:45:13","modified_gmt":"2026-09-03T06:45:13","slug":"enric-mas-supera-feliz-otra-etapa-trampa-camino-de-la-montana","status":"publish","type":"post","link":"https:\/\/www.europesays.com\/es\/745178\/","title":{"rendered":"Enric Mas supera feliz otra etapa trampa camino de la monta\u00f1a"},"content":{"rendered":"<p class=\"ft-text\">Aprieta el calor por <strong>Murcia<\/strong> bajo un t\u00f3rrido sol y yendo en bici es inevitable que los ciclistas se pongan morenos. Cuando <strong>Enric Mas<\/strong>, l\u00edder de la Vuelta, se quita el casco, se le aprecia la \u2018marquinha\u2019 en la cara, all\u00ed donde las correas impiden que se tueste la piel. Se le ve feliz, este jueves cumple una cuarta etapa de l\u00edder, ya no habr\u00e1 esprint (victoria en Lorca de <strong>Matthew Brennan<\/strong>, la tercera que logra) y buena parte de la carrera se juega en la cumbre de <strong>Calar Alto<\/strong>, cerca de los decorados del espagueti w\u00e9stern por las secas tierras de Almer\u00eda.<\/p>\n<p class=\"ft-text\"><strong>Mas<\/strong> recibe la palmada de <strong>Alejandro Valverde<\/strong> en la salida de Cartagena, etapa ciento por ciento murciana, por donde entrenaba el eterno astro de la regi\u00f3n. Una etapa llana sin contratiempos es un \u00e9xito cuando un l\u00edder no se juega nada, salvo que se produzca un accidente cru\u00e9l, como el que apart\u00f3 a <strong>Tadej Pogacar<\/strong> de la Vuelta.<\/p>\n<p class=\"ft-text\">La labor del Movistar es proteger a su l\u00edder, lo que har\u00eda cualquier otra escuadra, es obvio, si llevasen el jersey rojo. Los que van cumpliendo la labor gregaria, al final, como <strong>Iv\u00e1n Romeo<\/strong>, se descuelgan que, aunque se vaya a rueda a 55 por hora, el desgaste, la tensi\u00f3n y el peligro est\u00e1n siempre presentes. Y eso que ahora ya se ha oficializado proteger la zona de llegada a los \u00faltimos cinco kil\u00f3metros, as\u00ed los l\u00edderes de la general se rezagan. Con menos cascos jug\u00e1ndose la victoria de etapa disminuye el peligro de ca\u00edda.<\/p>\n<p>La lengua catalana<\/p>\n<p class=\"ft-text\"><strong>Mas<\/strong> habla en catal\u00e1n con <strong>Albert Rabadan<\/strong>, que es el periodista que realiza la traducci\u00f3n al ingl\u00e9s en las conferencias de prensa de la Vuelta, como hace tambi\u00e9n en la Volta. Y el l\u00edder de la carrera se despide de los periodistas con un \u201cad\u00e9u\u201d que le sale del alma despu\u00e9s de atender a las preguntas. Igual por aquello de que <strong>Lorca<\/strong> est\u00e1 hermanada con <strong>Molins de Rei<\/strong>.<\/p>\n<p class=\"ft-text\">Hubo un tiempo en el que hab\u00eda mallorquines en el Movistar, como <strong>Llu\u00eds<\/strong>, que sin ser familia, comparte apellido con <strong>Mas<\/strong>. Ahora, entre los catalanoparlantes s\u00f3lo corre <strong>Roger Adri\u00e0<\/strong>, que es de Barcelona, pero no ha sido incluido en la lista de la carrera. El ingl\u00e9s tampoco es ajeno, aunque en esta Vuelta, despu\u00e9s de la retirada del belga <strong>Cian Uijtdebroeks<\/strong>, todos se expresan en castellano, as\u00ed que en mallorqu\u00edn s\u00f3lo puede hablar con la familia o alg\u00fan amigo de la infancia que lo llama para animarlo.<\/p>\n<p class=\"ft-text\">Corre con alegr\u00eda por la Vuelta, una carrera que ha dado un giro total desde el abandono de <strong>Pogacar<\/strong>. Su equipo contin\u00faa como si siguiera en acci\u00f3n: es el que m\u00e1s veh\u00edculos y personal llevan. Si se coincide con ellos en un hotel es m\u00e1s f\u00e1cil encontrar aparcamiento en el centro de una ciudad que en el propio del establecimiento.<\/p>\n<p>\u00abPogacar atacaba y se iba, yo debo calcular m\u00e1s\u00bb<\/p>\n<p class=\"ft-text\"><a class=\"ft-link ft-link--decoration\" href=\"https:\/\/www.sport.es\/es\/noticias\/ciclismo\/enric-pogacar-cambiado-nivel-133884277\" rel=\"nofollow noopener\" target=\"_blank\">\u201cPogacar atacaba y se iba. Nadie puede seguirlo. <\/a>Yo no tengo sus piernas y debo calcular m\u00e1s los ataques que pueda hacer, as\u00ed que no s\u00e9 todav\u00eda c\u00f3mo actuar\u00e9 en Calar Alto, aunque soy consciente de que le llevo una buena renta a <strong>Roglic<\/strong>\u201d. El esloveno veterano, segundo de la general, cuatro Vueltas en el palmar\u00e9s, va segundo en la tabla y se encuentra a 1.18 minutos de distancia del ciclista balear.<\/p>\n<p class=\"ft-text\">Ahora todo est\u00e1 m\u00e1s igualado. <strong>Mas<\/strong> sabe que, aunque vista de rojo, no le vale que sea el principal favorito, porque todos est\u00e1n enganchados en tiempo como una lapa a una roca. Y, en cualquier momento, por ejemplo, en el encadenado de monta\u00f1as de este jueves, primero <strong>Velefique<\/strong> y luego <strong>Calar Alto<\/strong>, todo puede cambiar; aunque sea por una aver\u00eda en la bici.<\/p>\n<p class=\"ft-text\">Pero \u00e9l hace bromas, sonr\u00ede, habla con desparpajo y en el pelot\u00f3n ordena y manda como si fuera el general del ej\u00e9rcito, que de hecho lo es, con soldados vestidos de azul y uniformados con las letras del <strong>Movistar<\/strong>.<\/p>\n<p class=\"ft-text\">Regula el trabajo de los compa\u00f1eros. A ellos les da igual qui\u00e9n gane el esprint, que eso es cosa de <strong>Wout van Aert<\/strong> cuando lanza a su compa\u00f1ero <strong>Brennan<\/strong> hacia la victoria: exquisito contar con su servicio para ganar etapas en la Vuelta. Poca historia re\u00fane la etapa hasta el punto de que <strong>Mas<\/strong> implora que se lo habr\u00eda pasado en grande si hubiese soplado el viento lateral con fuerza, se\u00f1al de cortes en el pelot\u00f3n, diversi\u00f3n a bordo, sobre todo si el tajo se produce por detr\u00e1s del l\u00edder de la carrera y sorprende a alg\u00fan favorito.<\/p>\n<p class=\"ft-text\">Se acaba la etapa, sigue el calor y en estas condiciones, siempre con <strong>Enric Mas<\/strong> de l\u00edder.<\/p>\n<p class=\"ft-helper-fontSize-body-M\" isamp=\"false\">Fuente: <a href=\"https:\/\/www.elperiodico.com\/es\/deportes\/20260902\/esprint-victorioso-brennan-define-vuelta-133880298?utm_source=sport&amp;utm_medium=epi&amp;utm_campaign=audiencia_via\" target=\"_blank\" class=\"ft-link ft-link--decoration\" rel=\"nofollow noopener\">El Peri\u00f3dico<\/a><\/p>\n","protected":false},"excerpt":{"rendered":"Aprieta el calor por Murcia bajo un t\u00f3rrido sol y yendo en bici es inevitable que los ciclistas&hellip;\n","protected":false},"author":2,"featured_media":745179,"comment_status":"","ping_status":"","sticky":false,"template":"","format":"standard","meta":{"footnotes":""},"categories":[273],"tags":[17416,313,312,7148,168,3594,25,24,19186,7789,23,167,16024,1357],"class_list":["post-745178","post","type-post","status-publish","format-standard","has-post-thumbnail","category-ciclismo","tag-brennan","tag-ciclismo","tag-cycling","tag-define","tag-deportes","tag-enric-mas","tag-es","tag-espana","tag-esprint","tag-la-vuelta","tag-spain","tag-sports","tag-victorioso","tag-vuelta"],"share_on_mastodon":{"url":"https:\/\/pubeurope.com\/@es\/117205763865070844","error":""},"_links":{"self":[{"href":"https:\/\/www.europesays.com\/es\/wp-json\/wp\/v2\/posts\/745178","targetHints":{"allow":["GET"]}}],"collection":[{"href":"https:\/\/www.europesays.com\/es\/wp-json\/wp\/v2\/posts"}],"about":[{"href":"https:\/\/www.europesays.com\/es\/wp-json\/wp\/v2\/types\/post"}],"author":[{"embeddable":true,"href":"https:\/\/www.europesays.com\/es\/wp-json\/wp\/v2\/users\/2"}],"replies":[{"embeddable":true,"href":"https:\/\/www.europesays.com\/es\/wp-json\/wp\/v2\/comments?post=745178"}],"version-history":[{"count":0,"href":"https:\/\/www.europesays.com\/es\/wp-json\/wp\/v2\/posts\/745178\/revisions"}],"wp:featuredmedia":[{"embeddable":true,"href":"https:\/\/www.europesays.com\/es\/wp-json\/wp\/v2\/media\/745179"}],"wp:attachment":[{"href":"https:\/\/www.europesays.com\/es\/wp-json\/wp\/v2\/media?parent=745178"}],"wp:term":[{"taxonomy":"category","embeddable":true,"href":"https:\/\/www.europesays.com\/es\/wp-json\/wp\/v2\/categories?post=745178"},{"taxonomy":"post_tag","embeddable":true,"href":"https:\/\/www.europesays.com\/es\/wp-json\/wp\/v2\/tags?post=745178"}],"curies":[{"name":"wp","href":"https:\/\/api.w.org\/{rel}","templated":true}]}}