{"id":745184,"date":"2026-09-03T06:56:42","date_gmt":"2026-09-03T06:56:42","guid":{"rendered":"https:\/\/www.europesays.com\/es\/745184\/"},"modified":"2026-09-03T06:56:42","modified_gmt":"2026-09-03T06:56:42","slug":"el-cancer-de-laringe-desciende-en-hombres","status":"publish","type":"post","link":"https:\/\/www.europesays.com\/es\/745184\/","title":{"rendered":"El c\u00e1ncer de laringe desciende en hombres"},"content":{"rendered":"<p>\t\t\t<a href=\"https:\/\/www.facebook.com\/adolfo.fernandezalonso\" target=\"_blank\" aria-label=\"banneradolfo-min\" rel=\"nofollow noopener\"><img loading=\"lazy\" decoding=\"async\" src=\"https:\/\/www.europesays.com\/es\/wp-content\/uploads\/2026\/09\/banneradolfo-min.gif\" alt=\"\" width=\"620\" height=\"100\"\/><\/a><\/p>\n<p class=\"wp-block-paragraph\"><strong>La mortalidad por c\u00e1ncer de laringe ha experimentado un importante descenso en Espa\u00f1a durante las \u00faltimas d\u00e9cadas, especialmente entre los hombres, pero la evoluci\u00f3n no ha sido igual en ambos sexos. Un estudio publicado en Acta Otorrinolaringol\u00f3gica Espa\u00f1ola que analiza las tendencias nacionales de mortalidad entre 1999 y 2023 muestra que la tasa de mortalidad estandarizada por edad en los hombres pas\u00f3 de 12,10 a 4,76 fallecimientos por cada 100.000 habitantes, lo que supone un descenso superior al 60%. <\/strong><\/p>\n<p><a href=\"https:\/\/www.europesays.com\/es\/wp-content\/uploads\/2026\/09\/hospital-no-fumar.png\"><img loading=\"lazy\" decoding=\"async\" width=\"984\" height=\"759\" src=\"https:\/\/www.europesays.com\/es\/wp-content\/uploads\/2026\/09\/hospital-no-fumar.png\" alt=\"\" class=\"wp-image-110240\"  \/><\/a><\/p>\n<p class=\"wp-block-paragraph\">En contraste, entre las mujeres la mortalidad se ha mantenido globalmente estable, aunque con un comportamiento diferente seg\u00fan la edad: mientras disminuye entre las m\u00e1s j\u00f3venes, aumenta de forma significativa a partir de los 55 a\u00f1os.<\/p>\n<p class=\"wp-block-paragraph\">El trabajo, realizado a partir de los datos de mortalidad del Instituto Nacional de Estad\u00edstica (INE), recoge un total de 36.598 fallecimientos por c\u00e1ncer de laringe en Espa\u00f1a durante los 25 a\u00f1os analizados, de los que 34.532 correspondieron a hombres (94%) y 2.066 a mujeres (6%). Los resultados ponen de manifiesto la estrecha relaci\u00f3n entre la evoluci\u00f3n de este tumor y los cambios producidos durante las \u00faltimas d\u00e9cadas en la exposici\u00f3n de la poblaci\u00f3n a factores de riesgo, especialmente el consumo de tabaco.<\/p>\n<p><a href=\"https:\/\/www.csif.es\/es\/portada\/castillalamancha\/sanidad\" target=\"_blank\" aria-label=\"CSIF MAYO 2026 620X100\" rel=\"nofollow noopener\"><img loading=\"lazy\" decoding=\"async\" src=\"https:\/\/www.europesays.com\/es\/wp-content\/uploads\/2026\/09\/CSIF-MAYO-2026-620X100.gif\" alt=\"\" width=\"620\" height=\"100\"\/><\/a><\/p>\n<p class=\"wp-block-paragraph\">\u00abLos datos muestran de forma muy clara que los cambios en los h\u00e1bitos de consumo de tabaco de las distintas generaciones tienen un reflejo d\u00e9cadas despu\u00e9s en la mortalidad por c\u00e1ncer de laringe\u00bb, se\u00f1ala el presidente de la SEORL-CCC, el Dr Seraf\u00edn S\u00e1nchez. \u00abLa evoluci\u00f3n favorable observada en los hombres es una buena noticia, pero el incremento que estamos viendo en mujeres de mayor edad nos recuerda que los efectos del tabaquismo pueden aparecer muchos a\u00f1os despu\u00e9s de la exposici\u00f3n y que la prevenci\u00f3n debe mantenerse como una prioridad\u00bb.<\/p>\n<p>Hombres j\u00f3venes<\/p>\n<p class=\"wp-block-paragraph\">El descenso de la mortalidad masculina ha sido sostenido durante todo el periodo estudiado. La tasa estandarizada pas\u00f3 de 12,10 fallecimientos por 100.000 habitantes en 1999 a 4,76 en 2023, con una reducci\u00f3n media anual del 4%. El descenso fue todav\u00eda m\u00e1s acusado entre los hombres menores de 50 a\u00f1os, donde la tasa pas\u00f3 de 1,31 a 0,11 fallecimientos por 100.000 habitantes, con una reducci\u00f3n anual del 11%.<\/p>\n<p><a href=\"https:\/\/usicam.es\/\" target=\"_blank\" aria-label=\"USICAM MAYO 2026 620X100\" rel=\"nofollow noopener\"><img loading=\"lazy\" decoding=\"async\" src=\"https:\/\/www.europesays.com\/es\/wp-content\/uploads\/2026\/09\/USICAM-MAYO-2026-620X100.gif\" alt=\"\" width=\"620\" height=\"100\"\/><\/a><\/p>\n<p class=\"wp-block-paragraph\">El an\u00e1lisis estad\u00edstico realizado por los investigadores permite observar que este descenso no responde \u00fanicamente a la evoluci\u00f3n de un determinado periodo, sino tambi\u00e9n a un marcado efecto generacional. Entre los hombres, el riesgo de mortalidad fue disminuyendo progresivamente en las cohortes nacidas m\u00e1s recientemente. De hecho, el riesgo relativo estimado pas\u00f3 de 3,27 en la cohorte de nacimiento de 1919 a 0,05 en la de 1984.<\/p>\n<p class=\"wp-block-paragraph\">Seg\u00fan los autores, este patr\u00f3n es compatible principalmente con la reducci\u00f3n de la exposici\u00f3n al tabaco de las generaciones m\u00e1s j\u00f3venes. El estudio se\u00f1ala que otros factores, como las mejoras progresivas en el diagn\u00f3stico y el tratamiento, tambi\u00e9n pueden haber contribuido a la evoluci\u00f3n observada, aunque los propios investigadores consideran que el principal motor del descenso de la mortalidad masculina parece ser una menor incidencia del tumor asociada a la reducci\u00f3n de los principales factores de riesgo.<\/p>\n<p>Mujeres<\/p>\n<p class=\"wp-block-paragraph\">La situaci\u00f3n es distinta en las mujeres. Aunque la mortalidad global se mantiene baja y estable, el an\u00e1lisis por grupos de edad revela una evoluci\u00f3n desigual. Entre las menores de 50 a\u00f1os, la mortalidad disminuy\u00f3 de forma significativa entre 1999 y 2023, con un descenso medio anual del 7,2%. Sin embargo, entre las mujeres de 50 a\u00f1os o m\u00e1s aument\u00f3 un 1,5% anual.<\/p>\n<p class=\"wp-block-paragraph\">El an\u00e1lisis Edad-Periodo-Cohorte realizado en el estudio permite precisar todav\u00eda m\u00e1s esta tendencia. A partir aproximadamente de los 55 a\u00f1os se observa un cambio de comportamiento, con incrementos anuales de la mortalidad que alcanzan el 4,13% entre las mujeres de 60 a 64 a\u00f1os y el 4,51% entre las de 65 a 69 a\u00f1os.<\/p>\n<p class=\"wp-block-paragraph\">Los investigadores relacionan este patr\u00f3n con los cambios hist\u00f3ricos en el consumo de tabaco y alcohol entre las mujeres espa\u00f1olas. El inicio y la expansi\u00f3n del tabaquismo femenino se produjeron m\u00e1s tarde que entre los hombres, por lo que las consecuencias de aquella exposici\u00f3n pueden manifestarse ahora, d\u00e9cadas despu\u00e9s, entre las cohortes que alcanzan edades m\u00e1s avanzadas.<\/p>\n<p class=\"wp-block-paragraph\">No obstante, el estudio pide interpretar estos resultados con cautela debido al reducido n\u00famero absoluto de fallecimientos entre mujeres: durante los 25 a\u00f1os analizados se registraron poco m\u00e1s de 2.000 muertes frente a m\u00e1s de 34.500 en hombres.<\/p>\n<p>Tabaco y alcohol, principales factores de riesgo<\/p>\n<p class=\"wp-block-paragraph\">El c\u00e1ncer de laringe est\u00e1 estrechamente relacionado con factores de riesgo evitables. El tabaco constituye el principal factor etiol\u00f3gico, mientras que el consumo de alcohol puede actuar de forma sin\u00e9rgica, incrementando especialmente el riesgo cuando ambas exposiciones se combinan.<\/p>\n<p class=\"wp-block-paragraph\">Por este motivo, los especialistas de SEORL-CCC consideran que la prevenci\u00f3n contin\u00faa siendo una de las principales herramientas para reducir la incidencia y mortalidad de este tumor. La reducci\u00f3n del consumo de tabaco y alcohol debe acompa\u00f1arse de estrategias dirigidas a favorecer el abandono del h\u00e1bito tab\u00e1quico y a mantener la vigilancia sobre aquellos grupos de poblaci\u00f3n en los que persiste una exposici\u00f3n elevada a estos factores.<\/p>\n","protected":false},"excerpt":{"rendered":"La mortalidad por c\u00e1ncer de laringe ha experimentado un importante descenso en Espa\u00f1a durante las \u00faltimas d\u00e9cadas, especialmente&hellip;\n","protected":false},"author":2,"featured_media":745185,"comment_status":"","ping_status":"","sticky":false,"template":"","format":"standard","meta":{"footnotes":""},"categories":[92],"tags":[131521,25,24,165,12257,4044,166,23],"class_list":["post-745184","post","type-post","status-publish","format-standard","has-post-thumbnail","category-salud","tag-cancer-de-laringe","tag-es","tag-espana","tag-health","tag-hombres","tag-mujeres","tag-salud","tag-spain"],"share_on_mastodon":{"url":"https:\/\/pubeurope.com\/@es\/117205808918360806","error":""},"_links":{"self":[{"href":"https:\/\/www.europesays.com\/es\/wp-json\/wp\/v2\/posts\/745184","targetHints":{"allow":["GET"]}}],"collection":[{"href":"https:\/\/www.europesays.com\/es\/wp-json\/wp\/v2\/posts"}],"about":[{"href":"https:\/\/www.europesays.com\/es\/wp-json\/wp\/v2\/types\/post"}],"author":[{"embeddable":true,"href":"https:\/\/www.europesays.com\/es\/wp-json\/wp\/v2\/users\/2"}],"replies":[{"embeddable":true,"href":"https:\/\/www.europesays.com\/es\/wp-json\/wp\/v2\/comments?post=745184"}],"version-history":[{"count":0,"href":"https:\/\/www.europesays.com\/es\/wp-json\/wp\/v2\/posts\/745184\/revisions"}],"wp:featuredmedia":[{"embeddable":true,"href":"https:\/\/www.europesays.com\/es\/wp-json\/wp\/v2\/media\/745185"}],"wp:attachment":[{"href":"https:\/\/www.europesays.com\/es\/wp-json\/wp\/v2\/media?parent=745184"}],"wp:term":[{"taxonomy":"category","embeddable":true,"href":"https:\/\/www.europesays.com\/es\/wp-json\/wp\/v2\/categories?post=745184"},{"taxonomy":"post_tag","embeddable":true,"href":"https:\/\/www.europesays.com\/es\/wp-json\/wp\/v2\/tags?post=745184"}],"curies":[{"name":"wp","href":"https:\/\/api.w.org\/{rel}","templated":true}]}}