{"id":745192,"date":"2026-09-03T07:01:22","date_gmt":"2026-09-03T07:01:22","guid":{"rendered":"https:\/\/www.europesays.com\/es\/745192\/"},"modified":"2026-09-03T07:01:22","modified_gmt":"2026-09-03T07:01:22","slug":"el-sueldo-medio-ya-no-es-suficiente-la-mitad-de-los-europeos-solo-puede-comprar-un-estudio-de-menos-de-50-m2","status":"publish","type":"post","link":"https:\/\/www.europesays.com\/es\/745192\/","title":{"rendered":"El sueldo medio ya no es suficiente: la mitad de los europeos solo puede comprar un estudio de menos de 50 m2"},"content":{"rendered":"<p class=\"L6-news-detail__text\">Casi la mitad de las personas con ingresos medios que viven en Europa solo pueden permitirse comprar el equivalente a un apartamento de una habitaci\u00f3n o un estudio de menos de 50 m2, mientras que<b> el 39 % de los europeos ni siquiera puede alquilar una vivienda<\/b> de este tama\u00f1o.<\/p>\n<p class=\"L6-news-detail__text\">Estos datos, incluidos en un <b>estudio de la Universidad T\u00e9cnica de Viena<\/b> (TU Wien) publicado en la revista Journal of Maps, revelan la <b>creciente crisis de acceso a la vivienda<\/b> que est\u00e1 afectando a Europa y especialmente a las \u00e1reas metropolitanas de Madrid, Par\u00eds y Berl\u00edn.<\/p>\n<p class=\"L6-news-detail__text\">A falta de estad\u00edsticas oficiales comparables, los autores analizaron m\u00e1s de 18 millones de anuncios de compraventa de pisos y 3,5 millones de anuncios de alquiler en 31 pa\u00edses, publicados entre marzo de 2024 y marzo de 2025.<\/p>\n<p class=\"L6-news-detail__text\">Con esos datos, calcularon la <b>superficie habitable asequible en funci\u00f3n de los ingresos<\/b> regionales promedio e identificaron las zonas en las que las viviendas est\u00e1n \u00abfuera del alcance\u00bb para la mayor\u00eda de las personas con ingresos medios.<\/p>\n<p class=\"L6-news-detail__text\">Los resultados revelan que <b>\u00fanicamente dos de cada cinco personas (44 %) en Europa vive en una ciudad en la que es posible para alguien con ingresos medios <\/b>adquirir un apartamento o estudio de unos 50 metros cuadrados.<\/p>\n<p class=\"L6-news-detail__text\">Los autores advierten adem\u00e1s de que dado que hay una minor\u00eda con ingresos extremadamente altos que eleva la media, <b>las dificultades de acceso a la vivienda para la mayor\u00eda de los ciudadanos son incluso m\u00e1s graves<\/b> de lo que refleja el estudio.<\/p>\n<p class=\"L6-news-detail__text\">El an\u00e1lisis tambi\u00e9n descubri\u00f3 que m\u00e1s del 70 % de la poblaci\u00f3n europea vive en regiones donde una hipoteca a treinta a\u00f1os solo permite adquirir hasta 75 metros cuadrados (siempre seg\u00fan los ingresos medios).<\/p>\n<p>Focos de inaccesibilidad muy marcados<\/p>\n<p class=\"L6-news-detail__text\">Aunque <b>Madrid, Par\u00eds y Berl\u00edn son las ciudades m\u00e1s inaccesibles de Europa<\/b>, el estudio advierte de que en las capitales europeas en general, como Dublin, Lisboa, Varsovia, Praga o Budapest, m\u00e1s del 65 % de la poblaci\u00f3n vive en \u00e1reas donde el alquiler promedio ofrece menos de 50 m2 por un tercio del sueldo local.<\/p>\n<p class=\"L6-news-detail__text\">Por pa\u00edses, el estudio identifica a Portugal, Pa\u00edses Bajos y Suiza, como pa\u00edses \u00absistem\u00e1ticamente inaccesibles\u00bb para los compradores con un sueldo medio, y advierte de que en el este de Europa, pa\u00edses como<b> Polonia y Hungr\u00eda est\u00e1n encareci\u00e9ndose<\/b> y acerc\u00e1ndose a los est\u00e1ndares de Europa occidental, pese a que sus ingresos locales son comparativamente mucho m\u00e1s bajos.<\/p>\n<p class=\"L6-news-detail__text\">Por su parte, <b>Irlanda e Italia registran \u00abniveles alarmantes de inaccesibilidad en el mercado de alquiler\u00bb<\/b>, donde alquilar una vivienda es proporcionalmente m\u00e1s caro que comprarla mediante hipoteca.<\/p>\n<p class=\"L6-news-detail__text\"><b>Los pa\u00edses escandinavos<\/b> (Suecia, Noruega y Finlandia), <b>y los b\u00e1lticos<\/b> (Estonia, Letonia y Lituania) <b>se mantienen como los territorios m\u00e1s asequibles<\/b> del continente, con la \u00fanica excepci\u00f3n de sus capitales y focos urbanos concretos, apunta el trabajo.<\/p>\n<p class=\"L6-news-detail__text\">\u00abNuestro estudio revela focos de inaccesibilidad muy marcados\u00bb, resume la autora principal, Franziska Sielker, profesora de Investigaci\u00f3n Urbana y Regional en el Instituto de Planificaci\u00f3n Espacial de la UT de Viena.<\/p>\n<p class=\"L6-news-detail__text\">Para los autores, estos datos revelan que hay una <b>grave crisis de asequibilidad de la vivienda<\/b> en ciernes, que ya afecta de manera desproporcionada a quienes se incorporan al mercado inmobiliario y a los que cambian de residencia con frecuencia, por motivos personales o profesionales.<\/p>\n<p class=\"L6-news-detail__text\">Adem\u00e1s, advierten de que, aunque los centros urbanos son los que m\u00e1s sufren las consecuencias de los elevados precios de la vivienda generan un \u00abefecto de desbordamiento\u00bb que se contagia a las regiones vecinas y encarece la vivienda.<\/p>\n<p class=\"L6-news-detail__text\">Por ello, creen que <b>las regiones metropolitanas son las que necesitan soluciones de pol\u00edtica de vivienda<\/b> con mayor urgencia.<\/p>\n<p>Regiones costeras y tur\u00edsticas<\/p>\n<p class=\"L6-news-detail__text\">El estudio tambi\u00e9n revela que la vivienda en zonas tur\u00edsticas populares, como <b>las regiones costeras y monta\u00f1osas, es menos asequible <\/b>que en otras \u00e1reas.<\/p>\n<p class=\"L6-news-detail__text\">En concreto, se\u00f1ala que la presi\u00f3n de la vivienda es especialmente cr\u00edtica en las \u00e1reas costeras de Espa\u00f1a, Francia, Portugal, Grecia y Croacia, donde los propietarios de las segundas residencias y los inquilinos a corto plazo est\u00e1n encareciendo el mercado inmobiliario y <b>expulsando a los residentes locales<\/b>.<\/p>\n<p class=\"L6-news-detail__text\">Los autores creen que una opci\u00f3n pol\u00edtica en estas regiones ser\u00eda intervenir en el mercado de alquiler a corto plazo, regulando las plataformas de arrendamiento tur\u00edstico para evitar que las propiedades residenciales se destinen \u00abmasivamente\u00bb al turismo dejando a los residentes sin opciones ni oferta de viviendas, y fijar controles en el mercado de las segundas viviendas.<\/p>\n<p class=\"L6-news-detail__text\">No obstante -advierten-, dado que los mercados inmobiliarios est\u00e1n muy regionalizados,<b> las pol\u00edticas nacionales gen\u00e9ricas \u00abno siempre son efectivas\u00bb<\/b>.<\/p>\n<p class=\"L6-news-detail__text\"><a title=\"*A\u00f1ade laSexta como tu medio de referencia en Google y no te pierdas toda la actualidad y el mejor contenido\" href=\"https:\/\/www.google.com\/preferences\/source?q=lasexta.com\" target=\"_blank\" rel=\"nofollow noopener\"><b>*A\u00f1ade laSexta como tu medio de referencia en Google y no te pierdas toda la actualidad y el mejor contenido<\/b><\/a><\/p>\n<p class=\"L6-support-news-video__title\">Sorpaso de China a Alemania<\/p>\n<p> <a href=\"https:\/\/www.lasexta.com\/noticias\/economia\/china-convierte-mayor-proveedor-espana-sus-coches-electricos-tecnologia-avanzada_202608286a91a5d02bcaf82098f3652a.html\" class=\"L6-news__link\" rel=\"nofollow noopener\" target=\"_blank\">China se convierte en el mayor proveedor de Espa\u00f1a con sus coches el\u00e9ctricos y tecnolog\u00eda avanzada<\/p>\n<p class=\"recirculation-video-desc\">Los detalles El atractivo no est\u00e1 solo en lo econ\u00f3mico, porque China ha apostado por la innovaci\u00f3n. \u00abTiene algo que es muy dif\u00edcil de ignorar: tiene buena tecnolog\u00eda a buen precio\u00bb, aseguran los expertos.<\/p>\n<p> <\/a><\/p>\n","protected":false},"excerpt":{"rendered":"Casi la mitad de las personas con ingresos medios que viven en Europa solo pueden permitirse comprar el&hellip;\n","protected":false},"author":2,"featured_media":745193,"comment_status":"","ping_status":"","sticky":false,"template":"","format":"standard","meta":{"footnotes":""},"categories":[42],"tags":[17,18,2125,700,13,14,11,61,62,63,64,19,20,9,10,15,110362,16,12,21,22,3633,65,66,67],"class_list":["post-745192","post","type-post","status-publish","format-standard","has-post-thumbnail","category-internacional","tag-breaking-news","tag-breakingnews","tag-directo","tag-europa","tag-featured-news","tag-featurednews","tag-headlines","tag-internacional","tag-international","tag-international-news","tag-internationalnews","tag-latest-news","tag-latestnews","tag-news","tag-noticias","tag-noticias-destacadas","tag-noticias-ultima-hora","tag-noticiasdestacadas","tag-titulares","tag-ultimas-noticias","tag-ultimasnoticias","tag-vivienda","tag-world","tag-world-news","tag-worldnews"],"share_on_mastodon":{"url":"https:\/\/pubeurope.com\/@es\/117205826769320430","error":""},"_links":{"self":[{"href":"https:\/\/www.europesays.com\/es\/wp-json\/wp\/v2\/posts\/745192","targetHints":{"allow":["GET"]}}],"collection":[{"href":"https:\/\/www.europesays.com\/es\/wp-json\/wp\/v2\/posts"}],"about":[{"href":"https:\/\/www.europesays.com\/es\/wp-json\/wp\/v2\/types\/post"}],"author":[{"embeddable":true,"href":"https:\/\/www.europesays.com\/es\/wp-json\/wp\/v2\/users\/2"}],"replies":[{"embeddable":true,"href":"https:\/\/www.europesays.com\/es\/wp-json\/wp\/v2\/comments?post=745192"}],"version-history":[{"count":0,"href":"https:\/\/www.europesays.com\/es\/wp-json\/wp\/v2\/posts\/745192\/revisions"}],"wp:featuredmedia":[{"embeddable":true,"href":"https:\/\/www.europesays.com\/es\/wp-json\/wp\/v2\/media\/745193"}],"wp:attachment":[{"href":"https:\/\/www.europesays.com\/es\/wp-json\/wp\/v2\/media?parent=745192"}],"wp:term":[{"taxonomy":"category","embeddable":true,"href":"https:\/\/www.europesays.com\/es\/wp-json\/wp\/v2\/categories?post=745192"},{"taxonomy":"post_tag","embeddable":true,"href":"https:\/\/www.europesays.com\/es\/wp-json\/wp\/v2\/tags?post=745192"}],"curies":[{"name":"wp","href":"https:\/\/api.w.org\/{rel}","templated":true}]}}