{"id":745196,"date":"2026-09-03T07:03:27","date_gmt":"2026-09-03T07:03:27","guid":{"rendered":"https:\/\/www.europesays.com\/es\/745196\/"},"modified":"2026-09-03T07:03:27","modified_gmt":"2026-09-03T07:03:27","slug":"el-llamativo-calendario-de-leonor-para-su-inicio-de-curso-en-la-universidad-carlos-iii-examenes-antes-de-navidad-dos-cuatrimestres-y-una-agenda-sin-descansos","status":"publish","type":"post","link":"https:\/\/www.europesays.com\/es\/745196\/","title":{"rendered":"El llamativo calendario de Leonor para su inicio de curso en la Universidad Carlos III: ex\u00e1menes antes de Navidad, dos cuatrimestres y una agenda sin descansos"},"content":{"rendered":"<p><img alt=\"La princesa Leonor en la Universidad Carlos III de Madrid. (Fotomontaje: Europa Press\/UC3M)\" class=\"global-image\" decoding=\"async\" fetchpriority=\"high\" height=\"1080\" loading=\"eager\" src=\"https:\/\/www.europesays.com\/es\/wp-content\/uploads\/2026\/09\/3U4TH2UB4ZAZJA5TMZV7L74N24.jpg\" width=\"1920\"\/>La princesa Leonor en la Universidad Carlos III de Madrid. (Fotomontaje: Europa Press\/UC3M)<\/p>\n<p>02 Sep, 2026 11:30 p. m. EST<\/p>\n<p class=\"paragraph\" data-paragraph-number=\"1\">La <a rel=\"noopener noreferrer nofollow\" href=\"https:\/\/www.infobae.com\/espana\/2026\/09\/02\/los-gestos-y-detalles-que-marcaron-la-jura-de-la-constitucion-de-la-princesa-leonor-no-estaras-sola-en-tu-camino\/\" target=\"_self\" title=\"https:\/\/www.infobae.com\/espana\/2026\/09\/02\/los-gestos-y-detalles-que-marcaron-la-jura-de-la-constitucion-de-la-princesa-leonor-no-estaras-sola-en-tu-camino\/\">princesa Leonor<\/a> tiene por delante un mes de septiembre especialmente significativo. Apenas dos meses despu\u00e9s de poner punto final a sus tres a\u00f1os de formaci\u00f3n militar, <a rel=\"noopener noreferrer nofollow\" href=\"https:\/\/www.infobae.com\/espana\/2026\/04\/18\/la-prensa-internacional-se-rinde-ante-leonor-es-una-princesa-en-mas-de-un-sentido\/\" target=\"_blank\" title=\"https:\/\/www.infobae.com\/espana\/2026\/04\/18\/la-prensa-internacional-se-rinde-ante-leonor-es-una-princesa-en-mas-de-un-sentido\/\">la heredera al trono<\/a> se prepara para regresar a las aulas y comenzar una nueva etapa acad\u00e9mica. El pr\u00f3ximo 7 de septiembre, la hija de Felipe VI y Letizia <b>se incorporar\u00e1 a la Universidad Carlos III <\/b>de Madrid (UC3M) para estudiar el grado de Ciencias Pol\u00edticas en el campus de Getafe.<\/p>\n<p class=\"paragraph\" data-paragraph-number=\"2\">Su llegada a la universidad supone un cambio importante respecto a los \u00faltimos a\u00f1os. El pasado <b>10 de julio de 2026<\/b>, Leonor culmin\u00f3 su formaci\u00f3n militar en la Academia General del Aire y del Espacio de San Javier, donde particip\u00f3 junto a los reyes en el acto de entrega de Reales Despachos de Empleo a los nuevos oficiales del Ej\u00e9rcito del Aire y del Espacio.<\/p>\n<p><img alt=\"La princesa Leonor en la Academia General del Aire de San Javier, \u00faltima etapa de su formaci\u00f3n militar. Archivo\/EFE\/ Marcial Guill\u00e9n&#13;&#10;\" class=\"global-image\" decoding=\"async\" fetchpriority=\"low\" height=\"4000\" loading=\"lazy\" src=\"https:\/\/www.europesays.com\/es\/wp-content\/uploads\/2026\/09\/E7BIZBGM2NBPRG3IQKFCLY347Q.jpg\" width=\"6000\"\/>La princesa Leonor en la Academia General del Aire de San Javier, \u00faltima etapa de su formaci\u00f3n militar. Archivo\/EFE\/ Marcial Guill\u00e9n&#13;<\/p>\n<p class=\"paragraph\" data-paragraph-number=\"3\">Con esa etapa ya concluida, aunque todav\u00eda tenga por delante las ceremonias en las que recibir\u00e1 oficialmente los despachos correspondientes a sus rangos militares correspondientes a las diferentes academias, la princesa de Asturias centra ahora su formaci\u00f3n superior en una carrera universitaria que <b>se prolongar\u00e1 durante cuatro a\u00f1os.<\/b> La propia Casa del Rey ya hab\u00eda se\u00f1alado que estos estudios deber\u00e1n desarrollarse en <b>paralelo a sus compromisos<\/b> institucionales como heredera de la corona. Y el calendario oficial de la Carlos III permite hacerse una idea de c\u00f3mo ser\u00e1 su primer curso.<\/p>\n<p class=\"paragraph\" data-paragraph-number=\"4\">La primera fecha marcada en rojo ser\u00e1 el <b>7 de septiembre<\/b>, jornada en la que comenzar\u00e1n oficialmente las clases del curso 2026-2027 para los estudiantes de grado de la UC3M. La Universidad Carlos III establece que el primer cuatrimestre arrancar\u00e1 ese d\u00eda y finalizar\u00e1 el <b>11 de diciembre<\/b>.<\/p>\n<p class=\"paragraph\" data-paragraph-number=\"5\">Antes de sumergirse por completo en las asignaturas, Leonor tendr\u00e1 adem\u00e1s la oportunidad de <a rel=\"noopener noreferrer nofollow\" href=\"https:\/\/www.infobae.com\/espana\/2026\/05\/26\/la-universidad-carlos-iii-agradece-la-eleccion-de-la-princesa-leonor-en-un-comunicado-maxima-ilusion-y-un-alto-sentido-de-la-responsabilidad\/\" target=\"_self\" title=\"https:\/\/www.infobae.com\/espana\/2026\/05\/26\/la-universidad-carlos-iii-agradece-la-eleccion-de-la-princesa-leonor-en-un-comunicado-maxima-ilusion-y-un-alto-sentido-de-la-responsabilidad\/\">familiarizarse con el campus<\/a> de Getafe y con la vida universitaria. La Carlos III ha organizado<b> jornadas de bienvenida para los nuevos estudiantes<\/b>, con informaci\u00f3n sobre los servicios de la universidad y las posibilidades que ofrece el centro.<\/p>\n<p>Casa Real homenajea a la princesa Leonor con un v\u00eddeo que resume sus tres a\u00f1os de formaci\u00f3n militar por tierra, mar y aire<\/p>\n<p class=\"paragraph\" data-paragraph-number=\"6\">El grado que ha elegido pertenece a la Facultad de Ciencias Sociales y Jur\u00eddicas y<b> combina contenidos de Ciencia Pol\u00edtica con otras \u00e1reas <\/b>como el Derecho, la Econom\u00eda, la Sociolog\u00eda, la Historia o las Relaciones Internacionales. Se trata, por tanto, de una formaci\u00f3n especialmente vinculada a algunas de las materias que tendr\u00e1n relevancia en su futuro institucional.<\/p>\n<p class=\"paragraph\" data-paragraph-number=\"7\">Aunque las clases del<b> primer cuatrimestre<\/b> terminar\u00e1n el <b>11 de diciembre<\/b>, Leonor no podr\u00e1 dar por concluida esta primera parte del curso con la llegada de las vacaciones. Apenas unos d\u00edas despu\u00e9s comenzar\u00e1 el periodo de ex\u00e1menes ordinarios.<\/p>\n<p class=\"paragraph\" data-paragraph-number=\"8\">Seg\u00fan el calendario acad\u00e9mico de grado de la UC3M, las pruebas del primer cuatrimestre se celebrar\u00e1n en dos bloques: del <b>16 al 22 de diciembre de 2026<\/b> y del <b>11 al 25 de enero de 2027<\/b>. De esta forma, la <a rel=\"noopener noreferrer nofollow\" href=\"https:\/\/www.infobae.com\/espana\/2026\/07\/22\/una-experta-en-realeza-internacional-cree-que-la-princesa-leonor-salvara-la-corona-espanola-tras-los-escandalos-del-rey-emerito-no-toma-el-camino-facil\/\" target=\"_self\" title=\"https:\/\/www.infobae.com\/espana\/2026\/07\/22\/una-experta-en-realeza-internacional-cree-que-la-princesa-leonor-salvara-la-corona-espanola-tras-los-escandalos-del-rey-emerito-no-toma-el-camino-facil\/\">heredera<\/a> tendr\u00e1 que afrontar parte de sus primeros ex\u00e1menes universitarios justo antes de Navidad y continuar con las pruebas despu\u00e9s del par\u00f3n navide\u00f1o.<\/p>\n<p><img alt=\"La princesa Leonor mira a su padre, el rey Felipe VI, durante un desfile militar luego de que ella jurara fidelidad a la Constituci\u00f3n como posible futura reina de Espa\u00f1a, Madrid, martes 31 de octubre de 2023. (AP Foto\/Manu Fernandez)\" class=\"global-image\" decoding=\"async\" fetchpriority=\"low\" height=\"4161\" loading=\"lazy\" src=\"https:\/\/www.europesays.com\/es\/wp-content\/uploads\/2026\/09\/VK5V3VLRNVDKHBUJHLWWMASLLI.jpg\" width=\"7398\"\/>La princesa Leonor mira a su padre, el rey Felipe VI, durante un desfile militar luego de que ella jurara fidelidad a la Constituci\u00f3n como posible futura reina de Espa\u00f1a, Madrid, martes 31 de octubre de 2023. (AP Foto\/Manu Fernandez)<\/p>\n<p class=\"paragraph\" data-paragraph-number=\"9\">Ser\u00e1 uno de los<b> momentos m\u00e1s exigentes <\/b>de su primer curso, especialmente teniendo en cuenta que durante estos meses su agenda no quedar\u00e1 limitada a las obligaciones acad\u00e9micas. La Princesa de Asturias deber\u00e1 seguir atendiendo los compromisos oficiales que correspondan a su condici\u00f3n de heredera.<\/p>\n<p class=\"paragraph\" data-paragraph-number=\"10\">Una vez superado el periodo de ex\u00e1menes de enero, la actividad acad\u00e9mica volver\u00e1 a ponerse en marcha. El <b>26 de enero de 2027<\/b> comenzar\u00e1 el segundo cuatrimestre, cuyas clases se prolongar\u00e1n hasta el <b>7 de mayo<\/b>. Despu\u00e9s llegar\u00e1 una nueva convocatoria ordinaria de ex\u00e1menes, prevista entre el <b>11 y el 28 de mayo<\/b>.<\/p>\n<p class=\"paragraph\" data-paragraph-number=\"11\">La estructura del curso permitir\u00e1 as\u00ed dividir su primer a\u00f1o universitario en dos grandes etapas, con unas semanas de descanso entre ambas y los correspondientes periodos de evaluaci\u00f3n. En caso de que alguna asignatura quede pendiente, el calendario contempla adem\u00e1s una<b> convocatoria extraordinaria <\/b>entre el <b>14 y el 30 de junio<\/b>.<\/p>\n<p><img alt=\"La princesa de Leonor y la infanta Sof\u00eda en la recepci\u00f3n Palacio de la Zarzuela a la selecci\u00f3n espa\u00f1ola masculina de f\u00fatbol, tras proclamarse ayer campeones del mundo derrotando en la final a Argentina. EFE\/Daniel Gonz\u00e1lez\" class=\"global-image\" decoding=\"async\" fetchpriority=\"low\" height=\"599\" loading=\"lazy\" src=\"https:\/\/www.europesays.com\/es\/wp-content\/uploads\/2026\/09\/6C2A5E7YFFAKJJUIYIOZAIK32M.jpg\" width=\"1066\"\/>La princesa de Leonor y la infanta Sof\u00eda en la recepci\u00f3n Palacio de la Zarzuela a la selecci\u00f3n espa\u00f1ola masculina de f\u00fatbol, tras proclamarse ayer campeones del mundo derrotando en la final a Argentina. EFE\/Daniel Gonz\u00e1lez<\/p>\n<p class=\"paragraph\" data-paragraph-number=\"12\">La universidad establece, adem\u00e1s, una organizaci\u00f3n docente basada habitualmente en <b>dos sesiones semanales de 90 minutos por asignatura<\/b>, aunque algunas materias pueden incorporar sesiones adicionales de laboratorio. En el caso de la Facultad de Ciencias Sociales y Jur\u00eddicas, una de esas sesiones puede adoptar el formato de clase magistral de 100 minutos.<\/p>\n<p class=\"paragraph\" data-paragraph-number=\"13\">A<b> diferencia de cualquier otro alumno<\/b> de su promoci\u00f3n, Leonor tendr\u00e1 que encontrar el equilibrio entre los horarios universitarios y una <a rel=\"noopener noreferrer nofollow\" href=\"https:\/\/www.infobae.com\/espana\/2026\/05\/27\/la-casa-real-modifica-su-agenda-para-incluir-a-la-princesa-leonor-en-el-gran-acto-de-las-fuerzas-armadas-en-vigo\/\" target=\"_self\" title=\"https:\/\/www.infobae.com\/espana\/2026\/05\/27\/la-casa-real-modifica-su-agenda-para-incluir-a-la-princesa-leonor-en-el-gran-acto-de-las-fuerzas-armadas-en-vigo\/\">agenda institucional<\/a> que continuar\u00e1 creciendo. Su incorporaci\u00f3n a la Carlos III no supone una pausa en su preparaci\u00f3n como futura reina de Espa\u00f1a, sino una nueva manera de completarla.<\/p>\n<p>Casa Real homenajea a la princesa Leonor con un v\u00eddeo que resume sus tres a\u00f1os de formaci\u00f3n militar por tierra, mar y aire<\/p>\n<p class=\"paragraph\" data-paragraph-number=\"14\">Durante el curso est\u00e1n previstos algunos de los actos m\u00e1s se\u00f1alados de su agenda, entre ellos los <a rel=\"noopener noreferrer nofollow\" href=\"https:\/\/www.infobae.com\/espana\/2025\/10\/24\/lo-mejor-de-los-premios-princesa-de-asturias-2025-el-futuro-papel-de-leonor-el-comentario-que-hizo-reir-a-los-reyes-y-el-protagonismo-de-las-abuelas\/\" target=\"_self\" title=\"https:\/\/www.infobae.com\/espana\/2025\/10\/24\/lo-mejor-de-los-premios-princesa-de-asturias-2025-el-futuro-papel-de-leonor-el-comentario-que-hizo-reir-a-los-reyes-y-el-protagonismo-de-las-abuelas\/\">Premios Princesa de Asturias<\/a>, que tradicionalmente se celebran en octubre y constituyen una de las citas centrales del a\u00f1o para la heredera.<\/p>\n<p class=\"paragraph\" data-paragraph-number=\"15\">Adem\u00e1s, aunque su formaci\u00f3n acad\u00e9mica ser\u00e1 ahora la prioridad, el <a rel=\"noopener noreferrer nofollow\" href=\"https:\/\/www.infobae.com\/espana\/2026\/05\/30\/la-princesa-leonor-demuestra-su-valia-como-futura-capitana-general-de-los-ejercitos-en-su-debut-en-el-dia-de-las-fuerzas-armadas-ante-el-orgullo-de-los-reyes\/\" target=\"_self\" title=\"https:\/\/www.infobae.com\/espana\/2026\/05\/30\/la-princesa-leonor-demuestra-su-valia-como-futura-capitana-general-de-los-ejercitos-en-su-debut-en-el-dia-de-las-fuerzas-armadas-ante-el-orgullo-de-los-reyes\/\">\u00e1mbito militar<\/a> tampoco desaparece completamente de su recorrido. La Casa del Rey ya ha informado de que<b> en julio de 2027 recibir\u00e1 los Reales Despachos <\/b>correspondientes a sus empleos de teniente del Ej\u00e9rcito de Tierra y del Ej\u00e9rcito del Aire y del Espacio, as\u00ed como de alf\u00e9rez de nav\u00edo de la Armada, en las ceremonias correspondientes a sus respectivas promociones.<\/p>\n","protected":false},"excerpt":{"rendered":"La princesa Leonor en la Universidad Carlos III de Madrid. (Fotomontaje: Europa Press\/UC3M) 02 Sep, 2026 11:30 p.&hellip;\n","protected":false},"author":2,"featured_media":745197,"comment_status":"","ping_status":"","sticky":false,"template":"","format":"standard","meta":{"footnotes":""},"categories":[5],"tags":[132232,132233,17,18,25,24,13,14,132234,11,19,20,2461,9,10,15,16,1027,23,12,21,22],"class_list":["post-745196","post","type-post","status-publish","format-standard","has-post-thumbnail","category-titulares","tag-academia-del-aire","tag-avion-pc-21-pilatus","tag-breaking-news","tag-breakingnews","tag-es","tag-espana","tag-featured-news","tag-featurednews","tag-formacion-militar-pnrincesa-de-asturoias","tag-headlines","tag-latest-news","tag-latestnews","tag-mujer","tag-news","tag-noticias","tag-noticias-destacadas","tag-noticiasdestacadas","tag-realeza","tag-spain","tag-titulares","tag-ultimas-noticias","tag-ultimasnoticias"],"share_on_mastodon":{"url":"https:\/\/pubeurope.com\/@es\/117205836291551783","error":""},"_links":{"self":[{"href":"https:\/\/www.europesays.com\/es\/wp-json\/wp\/v2\/posts\/745196","targetHints":{"allow":["GET"]}}],"collection":[{"href":"https:\/\/www.europesays.com\/es\/wp-json\/wp\/v2\/posts"}],"about":[{"href":"https:\/\/www.europesays.com\/es\/wp-json\/wp\/v2\/types\/post"}],"author":[{"embeddable":true,"href":"https:\/\/www.europesays.com\/es\/wp-json\/wp\/v2\/users\/2"}],"replies":[{"embeddable":true,"href":"https:\/\/www.europesays.com\/es\/wp-json\/wp\/v2\/comments?post=745196"}],"version-history":[{"count":0,"href":"https:\/\/www.europesays.com\/es\/wp-json\/wp\/v2\/posts\/745196\/revisions"}],"wp:featuredmedia":[{"embeddable":true,"href":"https:\/\/www.europesays.com\/es\/wp-json\/wp\/v2\/media\/745197"}],"wp:attachment":[{"href":"https:\/\/www.europesays.com\/es\/wp-json\/wp\/v2\/media?parent=745196"}],"wp:term":[{"taxonomy":"category","embeddable":true,"href":"https:\/\/www.europesays.com\/es\/wp-json\/wp\/v2\/categories?post=745196"},{"taxonomy":"post_tag","embeddable":true,"href":"https:\/\/www.europesays.com\/es\/wp-json\/wp\/v2\/tags?post=745196"}],"curies":[{"name":"wp","href":"https:\/\/api.w.org\/{rel}","templated":true}]}}