{"id":745232,"date":"2026-09-03T07:47:24","date_gmt":"2026-09-03T07:47:24","guid":{"rendered":"https:\/\/www.europesays.com\/es\/745232\/"},"modified":"2026-09-03T07:47:24","modified_gmt":"2026-09-03T07:47:24","slug":"eeuu-destaca-el-exito-de-sus-operaciones-en-alta-mar-tras-un-ano-de-ataques-contra-supuestas-narcolanchas","status":"publish","type":"post","link":"https:\/\/www.europesays.com\/es\/745232\/","title":{"rendered":"EEUU destaca el \u00ab\u00e9xito\u00bb de sus operaciones en alta mar tras un a\u00f1o de ataques contra supuestas narcolanchas"},"content":{"rendered":"\n<p> Las autoridades de Estados Unidos han destacado este mi\u00e9rcoles el \u00ab\u00e9xito\u00bb de su operaci\u00f3n &#8216;Lanza del Sur&#8217;, puesta en marcha hace ahora un a\u00f1o para hacer frente al tr\u00e1fico de drogas en alta mar, y han subrayado que los ataques contra supuestas narcolanchas en aguas del Caribe y del oc\u00e9ano Pac\u00edfico han<strong> permitido disminuir a niveles \u00abr\u00e9cord\u00bb la \u00abactividad mar\u00edtima il\u00edcita\u00bb.<\/strong><\/p>\n<p> As\u00ed lo ha indicado el Departamento de Defensa estadounidense en un informe en el que ha hecho hincapi\u00e9 en que estas operaciones han permitid<strong>o reducir estas actividades en un 65% en el Caribe occidental y un 60% en el Caribe oriental, adem\u00e1s de casi un 50% en \u00abzonas clave del Pac\u00edfico oriental\u00bb.<\/strong><\/p>\n<p> Un alto cargo del Pent\u00e1gono ha afirmado que fue el presidente estadounidense, Donald Trump, el que<strong> \u00abprometi\u00f3 al pueblo estadounidense hace un a\u00f1o garantizar la seguridad de Estados Unidos, defender su soberan\u00eda y combatir a los c\u00e1rteles y narcoterroristas que han envenenado nuestras comunidades durante demasiado tiempo\u00bb.<\/strong><\/p>\n<p> \u00abBajo la direcci\u00f3n del subsecretario Pete Hegseth, el Departamento de Guerra est\u00e1<strong> cumpliendo esa promesa y, espec\u00edficamente en el hemisferio occidental, los resultados son simplemente innegables\u00bb<\/strong>, ha apuntado, bajo condici\u00f3n de anonimato.<\/p>\n<p> El informe trimestral m\u00e1s reciente del Departamento de Defensa presentado ante el Congreso abarca el per\u00edodo ente abril y junio de este a\u00f1o e indica que las Fuerzas Armadas estadounidenses llevaron a cabo ataques a\u00e9reos contra 19 embarcaciones sospechosas de estar vinculadas a organizaciones terroristas designadas, con un saldo de aproximadamente 56 personas muertas o presuntamente muertas en este periodo de tiempo. Seg\u00fan el documento<strong>, en el trimestre anterior fueron atacadas 12 embarcaciones, lo que provoc\u00f3 la muerte de 40 presuntos traficantes.<\/strong><\/p>\n<p> Asimismo, el portavoz ha manifestado que los c\u00e1rteles son, \u00aben efecto, comparables a organizaciones terroristas extranjeras de larga trayectoria\u00bb.<strong> \u00abLas organizaciones terroristas extranjeras que operan en M\u00e9xico y en todo el hemisferio occidental son responsables de m\u00e1s muertes de estadounidenses que cualquier otro adversario al que nos hayamos enfrentado en los \u00faltimos tiempos\u00bb,<\/strong> ha afirmado.<\/p>\n<p> Adem\u00e1s, ha apuntado a que \u00ab<strong>no solo la propagaci\u00f3n del fentanilo, una droga altamente letal, contribuye a las muertes de estadounidenses, <\/strong>sino tambi\u00e9n la exportaci\u00f3n de violencia a las comunidades estadounidenses\u00bb.<\/p>\n<p> <strong>\u00abLa estructura de las pandillas en Estados Unidos es consecuencia de la amenaza de los c\u00e1rteles en el hemisferio occidental, <\/strong>por lo que la evidencia demuestra de manera concluyente que la violencia en nuestras calles &#8211;los asesinatos entre pandillas, los magnicidios, el derramamiento de sangre, la extorsi\u00f3n y el robo a mano armada&#8211; son parte integral de esta vasta y sofisticada red de organizaciones terroristas extranjeras que operan en la zona y cuyo principal objetivo es Estados Unidos\u00bb, ha manifestado. <\/p>\n<p>EL PENT\u00c1GONO REIVINDICA LA DEFENSA DE EEUU<\/p>\n<p> Sobre el futuro de la operaci\u00f3n, ha matizado que<strong> \u00abla victoria implicar\u00eda que las naciones aliadas de Estados Unidos en el hemisferio tengan el control de sus propios gobiernos\u00bb.<\/strong><\/p>\n<p> \u00abNuestro trabajo no consiste en defender a esos pa\u00edses por su propio bien &#8211;aunque son nuestros socios y los ayudamos&#8211; sino defender a Estados Unidos. El presidente dej\u00f3 claro que podemos y atacaremos donde sea necesario\u00bb, ha declarado, al tiempo que ha incidido en que la victoria pasa por evitar que estas organizaciones<strong> \u00abcuenten con ej\u00e9rcitos y dejen de controlar territorios\u00bb.<\/strong><\/p>\n<p> \u00abDebemos impedir que exporten violencia a Estados Unidos y<strong> lograr que no puedan controlar el comercio en la regi\u00f3n y no puedan asesinar a ciudadanos estadounidenses<\/strong> importando drogas a nuestro pa\u00eds\u00bb, ha sostenido.<\/p>\n<p> El \u00faltimo balance ofrecido por el Mando Sur de Estados Unido<strong>s, m\u00e1s de 220 personas han muerto en el marco de los ataques contra supuestas narcolanchas lanzadas por las fuerzas estadounidenses durante el \u00faltimo a\u00f1o.<\/strong><\/p>\n","protected":false},"excerpt":{"rendered":"Las autoridades de Estados Unidos han destacado este mi\u00e9rcoles el \u00ab\u00e9xito\u00bb de su operaci\u00f3n &#8216;Lanza del Sur&#8217;, puesta&hellip;\n","protected":false},"author":2,"featured_media":745233,"comment_status":"","ping_status":"","sticky":false,"template":"","format":"standard","meta":{"footnotes":""},"categories":[42],"tags":[17,18,13,14,11,61,62,63,64,19,20,9,10,15,16,12,21,22,65,66,67],"class_list":["post-745232","post","type-post","status-publish","format-standard","has-post-thumbnail","category-internacional","tag-breaking-news","tag-breakingnews","tag-featured-news","tag-featurednews","tag-headlines","tag-internacional","tag-international","tag-international-news","tag-internationalnews","tag-latest-news","tag-latestnews","tag-news","tag-noticias","tag-noticias-destacadas","tag-noticiasdestacadas","tag-titulares","tag-ultimas-noticias","tag-ultimasnoticias","tag-world","tag-world-news","tag-worldnews"],"share_on_mastodon":{"url":"","error":""},"_links":{"self":[{"href":"https:\/\/www.europesays.com\/es\/wp-json\/wp\/v2\/posts\/745232","targetHints":{"allow":["GET"]}}],"collection":[{"href":"https:\/\/www.europesays.com\/es\/wp-json\/wp\/v2\/posts"}],"about":[{"href":"https:\/\/www.europesays.com\/es\/wp-json\/wp\/v2\/types\/post"}],"author":[{"embeddable":true,"href":"https:\/\/www.europesays.com\/es\/wp-json\/wp\/v2\/users\/2"}],"replies":[{"embeddable":true,"href":"https:\/\/www.europesays.com\/es\/wp-json\/wp\/v2\/comments?post=745232"}],"version-history":[{"count":0,"href":"https:\/\/www.europesays.com\/es\/wp-json\/wp\/v2\/posts\/745232\/revisions"}],"wp:featuredmedia":[{"embeddable":true,"href":"https:\/\/www.europesays.com\/es\/wp-json\/wp\/v2\/media\/745233"}],"wp:attachment":[{"href":"https:\/\/www.europesays.com\/es\/wp-json\/wp\/v2\/media?parent=745232"}],"wp:term":[{"taxonomy":"category","embeddable":true,"href":"https:\/\/www.europesays.com\/es\/wp-json\/wp\/v2\/categories?post=745232"},{"taxonomy":"post_tag","embeddable":true,"href":"https:\/\/www.europesays.com\/es\/wp-json\/wp\/v2\/tags?post=745232"}],"curies":[{"name":"wp","href":"https:\/\/api.w.org\/{rel}","templated":true}]}}