{"id":745234,"date":"2026-09-03T07:48:13","date_gmt":"2026-09-03T07:48:13","guid":{"rendered":"https:\/\/www.europesays.com\/es\/745234\/"},"modified":"2026-09-03T07:48:13","modified_gmt":"2026-09-03T07:48:13","slug":"septiembre-arranca-con-calor-extremo-y-con-hasta-11-comunidades-en-alerta-por-las-altas-temperaturas","status":"publish","type":"post","link":"https:\/\/www.europesays.com\/es\/745234\/","title":{"rendered":"Septiembre arranca con calor extremo y con hasta 11 comunidades en alerta por las altas temperaturas"},"content":{"rendered":"<p class=\"L6-news-detail__text\"><b>Septiembre ha llegado con calor bajo el brazo<\/b>. Con mucho calor bajo el brazo. Con temperaturas altas y picos en el mercurio tanto por el d\u00eda como por la noche que tienen en aviso hasta a 11 comunidades aut\u00f3nomas y donde se esperan hasta 42 grados en la provincia <b><a title=\"de Ciudad Real\" href=\"https:\/\/www.lasexta.com\/temas\/ciudad_real-1\" target=\"_blank\" rel=\"nofollow noopener\">de Ciudad Real<\/a><\/b>.<\/p>\n<p class=\"L6-news-detail__text\">Seg\u00fan la <b><a title=\"AEMET\" href=\"https:\/\/www.lasexta.com\/temas\/aemet-1\" target=\"_blank\" rel=\"nofollow noopener\">AEMET<\/a><\/b>, <b><a title=\"Andaluc\u00eda\" href=\"https:\/\/www.lasexta.com\/temas\/andalucia-1\" target=\"_blank\" rel=\"nofollow noopener\">Andaluc\u00eda<\/a><\/b>, <b>Castilla-La Mancha<\/b> y <b><a title=\"Extremadura\" href=\"https:\/\/www.lasexta.com\/temas\/extremadura-1\" target=\"_blank\" rel=\"nofollow noopener\">Extremadura<\/a><\/b> van a alcanzar el nivel naranja, con <b><a title=\"C\u00e1diz\" href=\"https:\/\/www.lasexta.com\/temas\/cadiz-1\" target=\"_blank\" rel=\"nofollow noopener\">C\u00e1diz<\/a><\/b>, <b><a title=\"C\u00f3rdoba\" href=\"https:\/\/www.lasexta.com\/temas\/cordoba-1\" target=\"_blank\" rel=\"nofollow noopener\">C\u00f3rdoba<\/a><\/b>, <b><a title=\"Huelva\" href=\"https:\/\/www.lasexta.com\/temas\/huelva-1\" target=\"_blank\" rel=\"nofollow noopener\">Huelva<\/a><\/b>, <b><a title=\"Ja\u00e9n\" href=\"https:\/\/www.lasexta.com\/temas\/jaen-1\" target=\"_blank\" rel=\"nofollow noopener\">Ja\u00e9n<\/a><\/b>, <b><a title=\"Sevilla\" href=\"https:\/\/www.lasexta.com\/temas\/sevilla-1\" target=\"_blank\" rel=\"nofollow noopener\">Sevilla<\/a><\/b>, Ciudad Real, Toledo, Badajoz y C\u00e1ceres <b>llegando a tales avisos.<\/b><\/p>\n<p class=\"L6-news-detail__text\">El resto de avisos por<b> altas temperaturas<\/b> se registran en <b><a title=\"Granada\" href=\"https:\/\/www.lasexta.com\/temas\/granada-1\" target=\"_blank\" rel=\"nofollow noopener\">Granada<\/a><\/b>; Huesca, Teruel y <b><a title=\"Zaragoza\" href=\"https:\/\/www.lasexta.com\/temas\/zaragoza-1\" target=\"_blank\" rel=\"nofollow noopener\">Zaragoza<\/a><\/b>; \u00c1vila, Salamanca, Segovia, Soria, Valladolid y Zamora; Albacete y Guadalajara; Girona, Lleida y Tarragona; Ourense; Sierra de <b><a title=\"Madrid\" href=\"https:\/\/www.lasexta.com\/temas\/madrid-1\" target=\"_blank\" rel=\"nofollow noopener\">Madrid<\/a><\/b>, Metropolitana y Henares, y Sur, Vegas y Oeste; Ribera del Ebro de Navarra; Ribera del Ebro de La Rioja; y <b><a title=\"Valencia\" href=\"https:\/\/www.lasexta.com\/temas\/valencia-1\" target=\"_blank\" rel=\"nofollow noopener\">Valencia<\/a><\/b>.<\/p>\n<p class=\"L6-news-detail__text\">Y es que las temperaturas van a ir en aumento durante <b>estos d\u00edas hasta llegar al fin de semana<\/b>. En un <b>jueves <\/b>en el que la AEMET ha se\u00f1alado que habr\u00e1 tiempo estable bajo la influencia de las altas presiones, con cielos poco nubosos o despejados en la mayor parte de la Pen\u00ednsula y Baleares. En uno en el que <b>el mercurio se va a disparar<\/b>. Tanto de d\u00eda como en unas <b>noches en las que en Barcelona se esperan hasta 25 grados<\/b>. Donde m\u00e1s calor se espera es en los valles del Tajo, del Guadiana y del Guadalquivir, con algo de fresco por las ma\u00f1anas.<\/p>\n<p class=\"L6-news-detail__text\">A lo largo del d\u00eda, las temperaturas van a subir, con respecto a estas \u00faltimas jornadas, hasta<b> cinco grados en Badajoz e incluso en Bilbao<\/b>, donde se espera que se alcancen los 32 grados.<\/p>\n<p class=\"L6-news-detail__text\">Con cielos pr\u00e1cticamente despejados en todo el pa\u00eds, se esperan nubes bajas en el litoral de Albor\u00e1n, el Estrecho, <b><a title=\"Ceuta\" href=\"https:\/\/www.lasexta.com\/temas\/ceuta-1\" target=\"_blank\" rel=\"nofollow noopener\">Ceuta<\/a><\/b>, Melilla, el litoral atl\u00e1ntico gallego y resto del Cant\u00e1brico. Por la tarde, podr\u00edan aparecer algunas nubes de evoluci\u00f3n en zonas altas del tercio este <b>y darse alg\u00fan chubasco aislado.<\/b><\/p>\n<p class=\"L6-news-detail__text\">Mientras tanto, en Canarias, la previsi\u00f3n avanza que habr\u00e1 intervalos <b>de nubes medias y altas<\/b> y por la ma\u00f1ana nubes bajas en los nortes.<\/p>\n<p class=\"L6-news-detail__text\">En cuanto al viento, la AEMET indica que se prev\u00e9 que sea flojo y variable en el interior peninsular y de brisas en el Mediterr\u00e1neo.<b> El levante ser\u00e1 moderado<\/b> en el sureste, el litoral de Albor\u00e1n y el Estrecho, donde las rachas podr\u00e1n ser muy fuertes. En el Cant\u00e1brico, soplar\u00e1 del este, flojo; en el Ampurd\u00e1n, tramontana moderada durante la primera mitad del d\u00eda, y en Canarias, alisio moderado.<\/p>\n<p class=\"L6-news-detail__text\"><b><a title=\"*A\u00f1ade laSexta como tu medio de referencia en Google y no te pierdas toda la actualidad y el mejor contenido\" href=\"https:\/\/www.google.com\/preferences\/source?q=lasexta.com\" target=\"_blank\" rel=\"nofollow noopener\">*A\u00f1ade laSexta como tu medio de referencia en Google y no te pierdas toda la actualidad y el mejor contenido<\/a><\/b><\/p>\n<p class=\"L6-support-news-video__title\">En El Objetivo<\/p>\n<p> <a href=\"https:\/\/www.lasexta.com\/noticias\/nacional\/angela-martialay-afirma-que-debe-investigar-marruecos-esta-detras-ocurrido-ceuta_202609026a98943d2d7d3022177c4f50.html\" class=\"L6-news__link\" rel=\"nofollow noopener\" target=\"_blank\">\u00c1ngela Martialay afirma que se debe investigar \u00absi Marruecos est\u00e1 detr\u00e1s o no\u00bb de lo ocurrido en Ceuta<\/p>\n<p class=\"recirculation-video-desc\">La jefa de Tribunales en &#8216;El Mundo&#8217; cree que la jueza Tard\u00f3n va a acabar abriendo un procedimiento judicial en la Audiencia Nacional debido a que se ha producido un ataque contra la soberan\u00eda de Espa\u00f1a.<\/p>\n<p> <\/a><\/p>\n","protected":false},"excerpt":{"rendered":"Septiembre ha llegado con calor bajo el brazo. Con mucho calor bajo el brazo. Con temperaturas altas y&hellip;\n","protected":false},"author":2,"featured_media":745235,"comment_status":"","ping_status":"","sticky":false,"template":"","format":"standard","meta":{"footnotes":""},"categories":[8],"tags":[17,18,2125,13193,25,24,13,14,11,19,20,9,10,15,110362,16,1374,23,12,21,22],"class_list":["post-745234","post","type-post","status-publish","format-standard","has-post-thumbnail","category-espana","tag-breaking-news","tag-breakingnews","tag-directo","tag-el-tiempo","tag-es","tag-espana","tag-featured-news","tag-featurednews","tag-headlines","tag-latest-news","tag-latestnews","tag-news","tag-noticias","tag-noticias-destacadas","tag-noticias-ultima-hora","tag-noticiasdestacadas","tag-ola-de-calor","tag-spain","tag-titulares","tag-ultimas-noticias","tag-ultimasnoticias"],"share_on_mastodon":{"url":"https:\/\/pubeurope.com\/@es\/117206011701460019","error":""},"_links":{"self":[{"href":"https:\/\/www.europesays.com\/es\/wp-json\/wp\/v2\/posts\/745234","targetHints":{"allow":["GET"]}}],"collection":[{"href":"https:\/\/www.europesays.com\/es\/wp-json\/wp\/v2\/posts"}],"about":[{"href":"https:\/\/www.europesays.com\/es\/wp-json\/wp\/v2\/types\/post"}],"author":[{"embeddable":true,"href":"https:\/\/www.europesays.com\/es\/wp-json\/wp\/v2\/users\/2"}],"replies":[{"embeddable":true,"href":"https:\/\/www.europesays.com\/es\/wp-json\/wp\/v2\/comments?post=745234"}],"version-history":[{"count":0,"href":"https:\/\/www.europesays.com\/es\/wp-json\/wp\/v2\/posts\/745234\/revisions"}],"wp:featuredmedia":[{"embeddable":true,"href":"https:\/\/www.europesays.com\/es\/wp-json\/wp\/v2\/media\/745235"}],"wp:attachment":[{"href":"https:\/\/www.europesays.com\/es\/wp-json\/wp\/v2\/media?parent=745234"}],"wp:term":[{"taxonomy":"category","embeddable":true,"href":"https:\/\/www.europesays.com\/es\/wp-json\/wp\/v2\/categories?post=745234"},{"taxonomy":"post_tag","embeddable":true,"href":"https:\/\/www.europesays.com\/es\/wp-json\/wp\/v2\/tags?post=745234"}],"curies":[{"name":"wp","href":"https:\/\/api.w.org\/{rel}","templated":true}]}}