{"id":745240,"date":"2026-09-03T07:57:08","date_gmt":"2026-09-03T07:57:08","guid":{"rendered":"https:\/\/www.europesays.com\/es\/745240\/"},"modified":"2026-09-03T07:57:08","modified_gmt":"2026-09-03T07:57:08","slug":"el-casademont-zaragoza-sale-de-benasque-con-el-refuerzo-de-nerea-hermosa","status":"publish","type":"post","link":"https:\/\/www.europesays.com\/es\/745240\/","title":{"rendered":"El Casademont Zaragoza sale de Benasque con el \u2018refuerzo\u2019 de Nerea Hermosa"},"content":{"rendered":"<p class=\"c-paragraph\">El Casademont Zaragoza <b>finaliza este jueves su concentraci\u00f3n en Benasque,<\/b> donde ha permanecido desde el pasado lunes, y encara ya la recta final de su preparaci\u00f3n. Iniciar\u00e1 el curso oficial el pr\u00f3ximo 26 de septiembre, en Torrej\u00f3n de Ardoz, con la defensa del t\u00edtulo de la Supercopa de Espa\u00f1a, en un duelo de semifinales que le medir\u00e1 con el Valencia Basket.\u00a0<\/p>\n<p class=\"c-paragraph\">La plantilla aragonesa <b>contin\u00faa, de momento, sin todos sus efectivos:<\/b> Mariona Ortiz y Veronika Vorackova comienzan esta misma semana su participaci\u00f3n en el Mundial, con las selecciones de Espa\u00f1a y de la Rep\u00fablica Checa, respectivamente; Ornella Bankol\u00e9 (Toronto Tempo) y Nadia Fingall (Golden State Valkyries) se hallan compitiendo actualmente en la WNBA; mientras que Astou Ndour se incorporar\u00e1 al equipo el pr\u00f3ximo mes de enero.<\/p>\n<p class=\"c-paragraph\">S\u00ed se uni\u00f3 al grupo, el pasado martes, Nerea Hermosa, <b>despu\u00e9s de haber estado concentrada desde el 4 de agosto con la selecci\u00f3n espa\u00f1ola. <\/b>Este mi\u00e9rcoles realiz\u00f3 su primer entrenamiento. \u00abHa sido un mes muy intenso, pero estoy muy contenta del trabajo que he realizado\u00bb, confiesa la p\u00edvot, quien reforz\u00f3 al combinado nacional debido a las ausencias de Raquel Carrera, Megan Gustafson y Awa Fam.<\/p>\n<p>\u00abCrear equipo\u00bb<\/p>\n<p class=\"c-paragraph\">\u00abEstoy muy feliz de estar ya entren\u00e1ndome con el Casademont Zaragoza\u00bb, a\u00f1ade Nerea, quien recuerda que ahora, durante la pretemporada, es el momento de \u00abcrear equipo\u00bb, por lo que \u00abtoca esforzarse al m\u00e1ximo\u00bb para que el entrenador, Carlos Cantero, vaya ajustando todas su piezas. \u00abLlego con mucha ilusi\u00f3n; <b>espero disfrutar mucho <\/b>de esta nueva temporada\u00bb, anuncia la p\u00edvot, convencida de que \u00abcon trabajo, los resultados ir\u00e1n llegando\u00bb en otro curso con importantes desaf\u00edos.<\/p>\n<p class=\"c-paragraph\">En el anterior ejercicio, y tras haber dirimido hasta <b>59 encuentros oficiales,<\/b> el Casademont conquist\u00f3 la Supercopa de Espa\u00f1a, en septiembre de 2025; fue finalista de la Liga Femenina, despu\u00e9s de haberse proclamado campe\u00f3n de la fase regular; y tambi\u00e9n accedi\u00f3 al podio de la Euroliga, como tercer clasificado, tras una Final Six de r\u00e9cord celebrada en el pabell\u00f3n Pr\u00edncipe Felipe de Zaragoza.<\/p>\n<p class=\"c-paragraph\">El Casademont <b>ha vuelto a edificar un proyecto ilusionante,<\/b> de altura. Hasta ocho jugadoras contin\u00faan de la temporada anterior \u2013Laia Flores, Helena Oma, Nadia Fingall, Veronika Vorackova, Ornella Bankol\u00e9, Merritt Hempe, Nerea Hermosa y Mariona Ortiz\u2013, para dotar as\u00ed al equipo de la estabilidad, la tranquilidad y el sentido de permanencia necesarios para competir con las m\u00e1ximas garant\u00edas. Y en el banquillo sigue Carlos Cantero, piedra angular de los \u00e9xitos protagonizados por la escuadra aragonesa en los \u00faltimos a\u00f1os.<\/p>\n<p class=\"c-paragraph\">Por su parte, el Casademont ha robustecido su plantilla con las contrataciones de<b> Carla Brito, Aisha Sheppard, Yarden Garzon, Kristine Vitola y Astou Ndour,<\/b> quienes llegan para suplir las marchas de Helena Pueyo, Carla Leite, Stephanie Mawuli y Aminata Gueye.<\/p>\n<p class=\"c-paragraph\">El cuadro zaragozano <b>jugar\u00e1 cuatro partidos de preparaci\u00f3n. <\/b>El primer examen est\u00e1 programado para el 10 de septiembre, contra el Gernika (20.00), en la localidad navarra de Olite. Posteriormente, el Casademont se medir\u00e1 en dos ocasiones con el Athinaikos griego, primero el 18 de septiembre (20.30), en Ejea de los Caballeros, y dos d\u00edas m\u00e1s tarde en el pabell\u00f3n Pr\u00edncipe Felipe (17.30), en una nueva edici\u00f3n del Trofeo Ciudad de Zaragoza. Adem\u00e1s, afrontar\u00e1 un \u00faltimo ensayo en Torres de Berrell\u00e9n, el 23 de septiembre (21.00), frente al Azulmarino.<\/p>\n","protected":false},"excerpt":{"rendered":"El Casademont Zaragoza finaliza este jueves su concentraci\u00f3n en Benasque, donde ha permanecido desde el pasado lunes, y&hellip;\n","protected":false},"author":2,"featured_media":745241,"comment_status":"","ping_status":"","sticky":false,"template":"","format":"standard","meta":{"footnotes":""},"categories":[269],"tags":[299,298,8818,2511,24171,168,25,24,5150,23,167,491],"class_list":["post-745240","post","type-post","status-publish","format-standard","has-post-thumbnail","category-baloncesto","tag-baloncesto","tag-basketball","tag-benasque","tag-casademont","tag-con","tag-deportes","tag-es","tag-espana","tag-sale","tag-spain","tag-sports","tag-zaragoza"],"share_on_mastodon":{"url":"https:\/\/pubeurope.com\/@es\/117206046867901455","error":""},"_links":{"self":[{"href":"https:\/\/www.europesays.com\/es\/wp-json\/wp\/v2\/posts\/745240","targetHints":{"allow":["GET"]}}],"collection":[{"href":"https:\/\/www.europesays.com\/es\/wp-json\/wp\/v2\/posts"}],"about":[{"href":"https:\/\/www.europesays.com\/es\/wp-json\/wp\/v2\/types\/post"}],"author":[{"embeddable":true,"href":"https:\/\/www.europesays.com\/es\/wp-json\/wp\/v2\/users\/2"}],"replies":[{"embeddable":true,"href":"https:\/\/www.europesays.com\/es\/wp-json\/wp\/v2\/comments?post=745240"}],"version-history":[{"count":0,"href":"https:\/\/www.europesays.com\/es\/wp-json\/wp\/v2\/posts\/745240\/revisions"}],"wp:featuredmedia":[{"embeddable":true,"href":"https:\/\/www.europesays.com\/es\/wp-json\/wp\/v2\/media\/745241"}],"wp:attachment":[{"href":"https:\/\/www.europesays.com\/es\/wp-json\/wp\/v2\/media?parent=745240"}],"wp:term":[{"taxonomy":"category","embeddable":true,"href":"https:\/\/www.europesays.com\/es\/wp-json\/wp\/v2\/categories?post=745240"},{"taxonomy":"post_tag","embeddable":true,"href":"https:\/\/www.europesays.com\/es\/wp-json\/wp\/v2\/tags?post=745240"}],"curies":[{"name":"wp","href":"https:\/\/api.w.org\/{rel}","templated":true}]}}