{"id":745254,"date":"2026-09-03T08:07:10","date_gmt":"2026-09-03T08:07:10","guid":{"rendered":"https:\/\/www.europesays.com\/es\/745254\/"},"modified":"2026-09-03T08:07:10","modified_gmt":"2026-09-03T08:07:10","slug":"la-razon-por-la-que-naomi-watts-finalmente-accedio-a-protagonizar-lo-imposible-de-bayona","status":"publish","type":"post","link":"https:\/\/www.europesays.com\/es\/745254\/","title":{"rendered":"La raz\u00f3n por la que Naomi Watts finalmente accedi\u00f3 a protagonizar &#8216;Lo imposible&#8217; de Bayona"},"content":{"rendered":"<p class=\"article-text\">\n        <strong>Naomi Watts<\/strong> vuelve a ser noticia despu\u00e9s de conocer que recibir\u00e1 un Premio Donostia en el Festival de Cine de San Sebasti\u00e1n, cuya edici\u00f3n se celebrar\u00e1 del 18 al 26 de septiembre. Un reconocimiento que Espa\u00f1a brindar\u00e1 a esta actriz, cuyo salto a la fama lleg\u00f3 con la Mulholland Drive (2001) de <a href=\"https:\/\/www.eldiario.es\/spin\/brutal-asesinato-real-inspiro-david-lynch-crear-twin-peaks-pm_1_12203434.html\" target=\"_blank\" data-mrf-recirculation=\"links-noticia\" class=\"link\" rel=\"nofollow noopener\">David Lynch<\/a>, pero que aqu\u00ed ser\u00e1 para siempre recordada por el papel que hizo en una de las pel\u00edculas m\u00e1s aclamadas del director J.A. Bayona<strong>.<\/strong>\n    <\/p>\n<p>    <a href=\"https:\/\/www.eldiario.es\/cultura\/cine\/naomi-watts-recibira-premio-donostia-festival-san-sebastian_1_13476265.html\" data-mrf-recirculation=\"saber-mas\" data-dl-event=\"saber-mas\" rel=\"nofollow noopener\" target=\"_blank\"><\/p>\n<p class=\"know-more__title\">Naomi Watts recibir\u00e1 el Premio Donostia en el Festival de San Sebasti\u00e1n<\/p>\n<p>            <img decoding=\"async\" class=\"lazy\" loading=\"lazy\" data-src=\"https:\/\/static.eldiario.es\/clip\/d951633a-5a05-4bb5-963c-e326581257cb_16-9-aspect-ratio_default_0_x909y145.jpg\" src=\"data:image\/svg+xml,%3Csvg xmlns=\" http:=\"\" viewbox=\"0 0 880 495\" alt=\"Naomi Watts recibir\u00e1 el Premio Donostia en el Festival de San Sebasti\u00e1n\"\/><\/p>\n<p>                        <\/a><\/p>\n<p class=\"article-text\">\n        Hablamos, como no pod\u00eda ser de otra forma, de <strong>Lo imposible<\/strong>, el largometraje sobre el <a href=\"https:\/\/www.eldiario.es\/internacional\/asia-recuerda-ceremonias-victimas-20-aniversario-tsunami-indico_1_11928087.html\" target=\"_blank\" data-mrf-recirculation=\"links-noticia\" class=\"link\" rel=\"nofollow noopener\">tsunami de 2004 que caus\u00f3 la muerte de unas 200.000 personas<\/a>. La interpretaci\u00f3n que Watts hizo de Mar\u00eda Bennett, personaje inspirado directamente en la m\u00e9dica espa\u00f1ola Mar\u00eda Bel\u00f3n cuya familia sobrevivi\u00f3 a aquel desastre, <strong>le vali\u00f3 una nominaci\u00f3n al Oscar, aunque finalmente no gan\u00f3<\/strong>.\n    <\/p>\n<p class=\"article-text\">\n        Lo que muchos no saben es que la actriz de Hollywood no tuvo claro desde el principio que quisiera ponerse al frente de este personaje. Fue ella misma quien revel\u00f3 hace unos a\u00f1os a trav\u00e9s de una entrevista para el medio Times Colonist que, <strong>en un primer momento, dud\u00f3 en si aceptar o no la oferta de trabajo<\/strong>.\n    <\/p>\n<p>    <strong>Una decisi\u00f3n clave<\/strong><\/p>\n<p class=\"article-text\">\n        \u201cFue una tragedia, caus\u00f3 tanto dolor a tanta gente y se cobr\u00f3 tantas vidas que <strong>hacer una pel\u00edcula que pudiera terminar siendo otra pel\u00edcula de desastres<\/strong>&#8230; Hacer que pareciera espectacular de cualquier forma ser\u00eda un gran error\u201d, confes\u00f3 Watts. A esta reflexi\u00f3n se sumaba otro problema: su gran miedo al agua. Cuando ten\u00eda 14 a\u00f1os, Naomi fue arrastrada por la marea junto a su hermano y su madre, una experiencia que la marc\u00f3 profundamente.\n    <\/p>\n<p class=\"article-text\">\n        Sin embargo, <strong>todo cambi\u00f3 cuando supo que quien estaba al frente del proyecto era Bayona<\/strong>. El \u00faltimo proyecto cinematogr\u00e1fico del director espa\u00f1ol hab\u00eda sido El orfanato, la <a href=\"https:\/\/www.eldiario.es\/spin\/pelicula-belen-rueda-15-anos-colocado-visto-max_1_12330020.html\" target=\"_blank\" data-mrf-recirculation=\"links-noticia\" class=\"link\" rel=\"nofollow noopener\">pel\u00edcula protagonizada por Bel\u00e9n Rueda<\/a> que lleg\u00f3 tan lejos que incluso Watts admiraba. \u201cPens\u00e9: Bueno, es un cineasta de verdad. \u00c9l sabe de drama. Suena interesante\u201d.\n    <\/p>\n<p class=\"article-text\">\n        La idea de aceptar el papel termin\u00f3 de formularse cuando ley\u00f3 las primeras p\u00e1ginas de la historia que adaptar\u00eda a la gran pantalla la tragedia que se vivi\u00f3 en Tailandia en 2004. \u201cLe\u00ed el guion y, <strong>desde las primeras cinco p\u00e1ginas, supe que lo iba a hacer<\/strong>\u201d, comparti\u00f3 la actriz en aquella entrevista.\n    <\/p>\n<p>    <a href=\"https:\/\/www.eldiario.es\/spin\/pelicula-costo-15-000-dolares-gano-200-millones-aterrorizo-spielberg-pm_1_13431576.html\" data-mrf-recirculation=\"saber-mas-abajo\" data-dl-event=\"saber-mas-abajo\" rel=\"nofollow noopener\" target=\"_blank\"><\/p>\n<p class=\"know-more__title\">La pel\u00edcula que cost\u00f3 15.000 d\u00f3lares, gan\u00f3 casi 200 millones y aterroriz\u00f3 hasta a Spielberg<\/p>\n<p>            <img decoding=\"async\" class=\"lazy\" loading=\"lazy\" data-src=\"https:\/\/static.eldiario.es\/clip\/e7bc630d-bcb6-453e-9797-1509e1138eea_16-9-aspect-ratio_default_0.jpg\" src=\"data:image\/svg+xml,%3Csvg xmlns=\" http:=\"\" viewbox=\"0 0 880 495\" alt=\"La pel\u00edcula que cost\u00f3 15.000 d\u00f3lares, gan\u00f3 casi 200 millones y aterroriz\u00f3 hasta a Spielberg\"\/><\/p>\n<p>                        <\/a><\/p>\n<p class=\"article-text\">\n        Su decisi\u00f3n dio sus frutos, pues Watts consigui\u00f3 reconocimientos de toda la industria por la interpretaci\u00f3n que hizo de Mar\u00eda. Una mujer con la que, de hecho, <strong>coincidi\u00f3 en varias ocasiones durante la preparaci\u00f3n del pape<\/strong>l. \u201cCuando me sent\u00e9 a hablar con Mar\u00eda por primera vez, simplemente no sab\u00eda qu\u00e9 decir. Me pareci\u00f3 extra\u00f1o, en cierto modo, hacerle una sola pregunta. Yo solo soy una actriz, y ella se enfrentaba a la muerte y a la posibilidad de perder a toda su familia\u201d, revel\u00f3 tiempo despu\u00e9s.\n    <\/p>\n","protected":false},"excerpt":{"rendered":"Naomi Watts vuelve a ser noticia despu\u00e9s de conocer que recibir\u00e1 un Premio Donostia en el Festival de&hellip;\n","protected":false},"author":2,"featured_media":745255,"comment_status":"","ping_status":"","sticky":false,"template":"","format":"standard","meta":{"footnotes":""},"categories":[91],"tags":[132253,31182,146,147,25,24,14896,23830,83697,2678,15337,12109,23,83698],"class_list":["post-745254","post","type-post","status-publish","format-standard","has-post-thumbnail","category-entretenimiento","tag-accedio","tag-bayona","tag-entertainment","tag-entretenimiento","tag-es","tag-espana","tag-finalmente","tag-imposible","tag-naomi","tag-pm","tag-protagonizar","tag-razon","tag-spain","tag-watts"],"share_on_mastodon":{"url":"https:\/\/pubeurope.com\/@es\/117206086157548114","error":""},"_links":{"self":[{"href":"https:\/\/www.europesays.com\/es\/wp-json\/wp\/v2\/posts\/745254","targetHints":{"allow":["GET"]}}],"collection":[{"href":"https:\/\/www.europesays.com\/es\/wp-json\/wp\/v2\/posts"}],"about":[{"href":"https:\/\/www.europesays.com\/es\/wp-json\/wp\/v2\/types\/post"}],"author":[{"embeddable":true,"href":"https:\/\/www.europesays.com\/es\/wp-json\/wp\/v2\/users\/2"}],"replies":[{"embeddable":true,"href":"https:\/\/www.europesays.com\/es\/wp-json\/wp\/v2\/comments?post=745254"}],"version-history":[{"count":0,"href":"https:\/\/www.europesays.com\/es\/wp-json\/wp\/v2\/posts\/745254\/revisions"}],"wp:featuredmedia":[{"embeddable":true,"href":"https:\/\/www.europesays.com\/es\/wp-json\/wp\/v2\/media\/745255"}],"wp:attachment":[{"href":"https:\/\/www.europesays.com\/es\/wp-json\/wp\/v2\/media?parent=745254"}],"wp:term":[{"taxonomy":"category","embeddable":true,"href":"https:\/\/www.europesays.com\/es\/wp-json\/wp\/v2\/categories?post=745254"},{"taxonomy":"post_tag","embeddable":true,"href":"https:\/\/www.europesays.com\/es\/wp-json\/wp\/v2\/tags?post=745254"}],"curies":[{"name":"wp","href":"https:\/\/api.w.org\/{rel}","templated":true}]}}