{"id":745260,"date":"2026-09-03T08:10:09","date_gmt":"2026-09-03T08:10:09","guid":{"rendered":"https:\/\/www.europesays.com\/es\/745260\/"},"modified":"2026-09-03T08:10:09","modified_gmt":"2026-09-03T08:10:09","slug":"el-nino-alcanzara-su-apogeo-a-finales-de-ano-y-se-extendera-hasta-febrero-esta-adquiriendo-enormes-proporciones-ante-nuestros-ojos-clima-y-medio-ambiente","status":"publish","type":"post","link":"https:\/\/www.europesays.com\/es\/745260\/","title":{"rendered":"\u2018El Ni\u00f1o\u2019 alcanzar\u00e1 su apogeo a finales de a\u00f1o y se extender\u00e1 hasta febrero: \u201cEst\u00e1 adquiriendo enormes proporciones ante nuestros ojos\u201d | Clima y Medio Ambiente"},"content":{"rendered":"<p class=\"\">El calentamiento global que vive el planeta debido principalmente a la quema de los combustibles f\u00f3siles es el gran elemento disruptivo del clima global. Pero a este problema motivado por el ser humano se le superpone ahora un fen\u00f3meno natural c\u00edclico, El Ni\u00f1o, que contribuye a elevar la temperatura media mundial a\u00fan m\u00e1s y modifica en muchas regiones los patrones de lluvias. El Ni\u00f1o, <a href=\"https:\/\/elpais.com\/noticias\/fenomeno-el-nino\/\" rel=\"nofollow noopener\" title=\"https:\/\/elpais.com\/noticias\/fenomeno-el-nino\/\" target=\"_blank\">un patr\u00f3n clim\u00e1tico<\/a> caracterizado por el aumento del calor en la superficie del agua en las \u00e1reas tropicales del Pac\u00edfico que acaba teniendo efectos en todo el globo, est\u00e1 activo desde junio y ya causa estragos en Latinoam\u00e9rica, <a href=\"https:\/\/elpais.com\/america-futura\/2026-08-31\/sequias-en-el-centro-y-temporales-en-el-sur-el-nino-empieza-a-mostrar-sus-multiples-caras-en-america-latina.html\" target=\"_self\" rel=\"nofollow noopener\" title=\"https:\/\/elpais.com\/america-futura\/2026-08-31\/sequias-en-el-centro-y-temporales-en-el-sur-el-nino-empieza-a-mostrar-sus-multiples-caras-en-america-latina.html\">que van desde sequ\u00edas a inundaciones<\/a>. Y la Organizaci\u00f3n Meteorol\u00f3gica Mundial (OMM) realiza un estrecho marcaje de su evoluci\u00f3n para advertir de los efectos de un evento que en esta ocasi\u00f3n ser\u00e1 muy intenso.<\/p>\n<p class=\"\">\u201cSe prev\u00e9 que el episodio alcance una intensidad muy fuerte antes de llegar a su apogeo hacia finales de a\u00f1o\u201d, explica en su bolet\u00edn mensual sobre El Ni\u00f1o la OMM. De hecho, desde junio la temperatura de la superficie marina de esa zona clave del Pac\u00edfico ha ido aumentando semana a semana. La novedad del bolet\u00edn que publica este jueves esta organizaci\u00f3n ligada a la ONU es que existe un 100% de probabilidades de que este episodio de El Ni\u00f1o se mantenga al menos hasta febrero de 2027. <\/p>\n<p class=\"\">El Ni\u00f1o suele producirse con una periodicidad de entre dos y siete a\u00f1os, y su duraci\u00f3n oscila entre nueve y doce meses. Normalmente, comienza a formarse entre marzo y junio, y alcanza su apogeo entre noviembre y febrero. <\/p>\n<p class=\"\">\u201cUn episodio de El Ni\u00f1o de intensidad muy fuerte [como el que se est\u00e1 empezando a desarrollar ahora] aumenta la probabilidad de que se produzcan cambios sustantivos en los patrones de temperatura y precipitaci\u00f3n en muchas partes del mundo\u201d, se\u00f1ala la OMM. \u201cSin embargo, la intensidad de un evento dado no tiene una correspondencia directa con la magnitud de sus efectos en ninguna regi\u00f3n concreta\u201d, a\u00f1ade. B\u00e1sicamente, lo que plantea esta organizaci\u00f3n es que existe incertidumbre sobre c\u00f3mo evolucionar\u00e1n los impactos ligados a El Ni\u00f1o. Porque no existen dos iguales. <\/p>\n<p class=\"\">De hecho, la dureza de sus consecuencias pueden variar mucho. El Ni\u00f1o ha tra\u00eddo en anteriores ocasiones \u2014la \u00faltima vez que se dio fue entre 2023 y 2024 y se registraron temperaturas globales r\u00e9cord\u2014 cambios en las pautas de temperatura y precipitaci\u00f3n a escala mundial, adem\u00e1s de aumentar el riesgo de fen\u00f3menos meteorol\u00f3gicos extremos.<\/p>\n<p class=\"\">\u201cEl fen\u00f3meno de El Ni\u00f1o est\u00e1 adquiriendo enormes proporciones ante nuestros ojos. La ciencia no deja lugar a dudas: el planeta se adentra en aguas desconocidas, aguas que se est\u00e1n calentando\u201d, ha se\u00f1alado a trav\u00e9s de un mensaje grabado en v\u00eddeo el secretario general de las Naciones Unidas, Ant\u00f3nio Guterres. \u201cLa temperatura de la superficie del mar es cada vez m\u00e1s alta, las temperaturas no dejan de subir y el mundo se encuentra ya en la zona de peligro de los fen\u00f3menos meteorol\u00f3gicos extremos\u201d, ha a\u00f1adido.<\/p>\n","protected":false},"excerpt":{"rendered":"El calentamiento global que vive el planeta debido principalmente a la quema de los combustibles f\u00f3siles es el&hellip;\n","protected":false},"author":2,"featured_media":745261,"comment_status":"","ping_status":"","sticky":false,"template":"","format":"standard","meta":{"footnotes":""},"categories":[42],"tags":[43415,17,18,11465,1295,13194,13193,12226,13,14,104290,11,61,62,63,64,19,20,28088,6688,9,10,15,16,112067,33579,492,12,21,22,65,66,67],"class_list":["post-745260","post","type-post","status-publish","format-standard","has-post-thumbnail","category-internacional","tag-antonio-guterres","tag-breaking-news","tag-breakingnews","tag-calentamiento-global","tag-cambio-climatico","tag-efecto-invernadero","tag-el-tiempo","tag-emergencia-climatica","tag-featured-news","tag-featurednews","tag-fenomeno-el-nino","tag-headlines","tag-internacional","tag-international","tag-international-news","tag-internationalnews","tag-latest-news","tag-latestnews","tag-lluvias-torrenciales","tag-medio-ambiente","tag-news","tag-noticias","tag-noticias-destacadas","tag-noticiasdestacadas","tag-omm","tag-sequia","tag-sociedad","tag-titulares","tag-ultimas-noticias","tag-ultimasnoticias","tag-world","tag-world-news","tag-worldnews"],"share_on_mastodon":{"url":"","error":""},"_links":{"self":[{"href":"https:\/\/www.europesays.com\/es\/wp-json\/wp\/v2\/posts\/745260","targetHints":{"allow":["GET"]}}],"collection":[{"href":"https:\/\/www.europesays.com\/es\/wp-json\/wp\/v2\/posts"}],"about":[{"href":"https:\/\/www.europesays.com\/es\/wp-json\/wp\/v2\/types\/post"}],"author":[{"embeddable":true,"href":"https:\/\/www.europesays.com\/es\/wp-json\/wp\/v2\/users\/2"}],"replies":[{"embeddable":true,"href":"https:\/\/www.europesays.com\/es\/wp-json\/wp\/v2\/comments?post=745260"}],"version-history":[{"count":0,"href":"https:\/\/www.europesays.com\/es\/wp-json\/wp\/v2\/posts\/745260\/revisions"}],"wp:featuredmedia":[{"embeddable":true,"href":"https:\/\/www.europesays.com\/es\/wp-json\/wp\/v2\/media\/745261"}],"wp:attachment":[{"href":"https:\/\/www.europesays.com\/es\/wp-json\/wp\/v2\/media?parent=745260"}],"wp:term":[{"taxonomy":"category","embeddable":true,"href":"https:\/\/www.europesays.com\/es\/wp-json\/wp\/v2\/categories?post=745260"},{"taxonomy":"post_tag","embeddable":true,"href":"https:\/\/www.europesays.com\/es\/wp-json\/wp\/v2\/tags?post=745260"}],"curies":[{"name":"wp","href":"https:\/\/api.w.org\/{rel}","templated":true}]}}