{"id":745262,"date":"2026-09-03T08:11:16","date_gmt":"2026-09-03T08:11:16","guid":{"rendered":"https:\/\/www.europesays.com\/es\/745262\/"},"modified":"2026-09-03T08:11:16","modified_gmt":"2026-09-03T08:11:16","slug":"mario-picazo-alerta-a-espana-por-lo-que-llega-este-fin-de-semana-las-temperaturas-se-acercaran-a-los-45-grados-y-vuelven-las-noches-ecuatoriales","status":"publish","type":"post","link":"https:\/\/www.europesays.com\/es\/745262\/","title":{"rendered":"Mario Picazo alerta a Espa\u00f1a por lo que llega este fin de semana: \u00abLas temperaturas se acercar\u00e1n a los 45 grados y vuelven las noches ecuatoriales\u00bb"},"content":{"rendered":"<p><img decoding=\"async\" class=\"v-ath__i\" loading=\"lazy\" src=\"https:\/\/www.europesays.com\/es\/wp-content\/uploads\/2026\/09\/1788423075_687_autor-7263-foto-1.jpeg\" alt=\"Daniel Dom\u00ednguez\"\/><\/p>\n<p>03\/09\/2026 a las 09:11h.<\/p>\n<p class=\"v-d-p\" style=\"\">En Espa\u00f1a el verano meteorol\u00f3gico finaliz\u00f3 con temperatura oto\u00f1al mientras que hemos dado la bienvenida al oto\u00f1o meteorol\u00f3gico con temperatura veraniega.<\/p>\n<p class=\"v-d-p\" style=\"\"><strong>El baj\u00f3n t\u00e9rmico de finales del mes de agosto no va a tener su continuidad<\/strong> en los primeros d\u00edas de septiembre. Ya lo avis\u00f3 la Agencia Estatal de Meteorolog\u00eda (<a href=\"https:\/\/www.abc.es\/sociedad\/aemet-alerta-temperaturas-superiores-normal-espana-zonas-20260831141619-nt.html\" title=\"\" data-voc-vtm-id=\"in-text-traffic\" data-mrf-link=\"www.abc.es\" rel=\"nofollow noopener\" target=\"_blank\">Aemet<\/a>) en su predicci\u00f3n semanal y lo confirma el reputado meteor\u00f3logo Mario Picazo.<\/p>\n<p class=\"v-d-p\" style=\"\">\u00abLas temperaturas ya empezaron a subir el fin de semana y lo seguir\u00e1n haciendo con el paso de los d\u00edas. De cara al primer fin de semana de septiembre vamos a ver de nuevo <strong>temperaturas diurnas superando los 40 grados<\/strong> en algunas capitales de provincia\u00bb, explica Picazo, colaborador en &#8216;Eltiempo.es&#8217;.<\/p>\n<ul class=\"v-cmp-rld__u\">\n<li class=\"v-cmp-rld__l\">\n<p><a class=\"v-a-lnk\" href=\"http:\/\/www.abc.es\/gente\/mario-picazo-sobre-estudios-universitarios-empece-fisica-20260826160919-nt.html#vtm_modulosEngag=noticiasrelacionadas-cmp-uno:recreo:noticia:1\" data-voc-vtm-id=\"in-text-traffic\" rel=\"nofollow noopener\" target=\"_blank\"><br \/>\n<img decoding=\"async\" loading=\"lazy\" src=\"https:\/\/www.europesays.com\/es\/wp-content\/uploads\/2026\/09\/1480189517-kKxC--366x256@diario_abc.jpg\" class=\"v-a-img\" width=\"258\" height=\"180\" alt=\"Mario Picazo, sobre sus estudios universitarios: \u00abEmpec\u00e9 F\u00edsica en Barcelona, pero era muy te\u00f3rica, as\u00ed que me fui a Estados Unidos\u00bb\"\/><br \/>\n<\/a><\/p>\n<\/li>\n<\/ul>\n<p>\nNoches ecuatoriales\n<\/p>\n<p class=\"v-d-p\" style=\"\">Picazo sit\u00faa a partir del pasado mi\u00e9rcoles, 2 de septiembre, precisamente, el inicio de este episodio de calor que va a tener su continuidad durante el fin de semana.<\/p>\n<p class=\"v-d-p\" style=\"\">Si bien el inicio de la semana no ha sido especialmente caluroso, aunque s\u00ed se ha notado una tendencia al alza en las temperaturas respecto a las jornadas anteriores, <strong>a partir del pasado mi\u00e9rcoles comenz\u00f3 un claro ascenso t\u00e9rmico<\/strong>.<\/p>\n<p class=\"v-d-p\" style=\"\">Mario Picazo subraya que el pasado mi\u00e9rcoles <strong>las m\u00e1ximas ya se situar\u00edan entre los 30 y los 35 grados<\/strong> en muchas capitales y que las m\u00ednimas se encontrar\u00e1n en la franja entre 20 y 25 grados, especialmente en \u00abel este peninsular a orilla del Mediterraneo\u00bb.<\/p>\n<p class=\"v-d-p\" style=\"\">A partir de este jueves, incluso, Mario Picazo habla de <strong>noches ecuatoriales<\/strong>, aquellas en las que la temperatura no desciende de 25 grados, en puntos como C\u00e1diz.<\/p>\n<p>\nTormentas e inicio de pr\u00f3xima semana\n<\/p>\n<p class=\"v-d-p\" style=\"\">Eso s\u00ed, la llegada del calor tambi\u00e9n \u00abpodr\u00eda favorecer la formaci\u00f3n de <strong>numerosas tormentas secas<\/strong> en zonas monta\u00f1osas del interior y del este peninsular\u00bb, como comenta Mario Picazo, especialmente entre el mi\u00e9rcoles y el viernes.<\/p>\n<p class=\"v-d-p\" style=\"\">Ya de cara al fin de semana, aunque contin\u00faa el calor, con temperaturas que podr\u00e1n superar durante el d\u00eda los 40 grados, el s\u00e1bado pueden darse precipitaciones frecuentes en Galicia, mientras que a lo largo del domingo \u00abpodr\u00edamos ver un sistema frontal llegando por Galicia para <strong>abrir la puerta a aire algo m\u00e1s fresco y a tiempo m\u00e1s inestable<\/strong>\u00bb.<\/p>\n","protected":false},"excerpt":{"rendered":"03\/09\/2026 a las 09:11h. En Espa\u00f1a el verano meteorol\u00f3gico finaliz\u00f3 con temperatura oto\u00f1al mientras que hemos dado la&hellip;\n","protected":false},"author":2,"featured_media":745263,"comment_status":"","ping_status":"","sticky":false,"template":"","format":"standard","meta":{"footnotes":""},"categories":[8],"tags":[132254,3830,17,18,118778,25,24,13,14,772,21090,11,19,20,5012,656,9,11224,10,15,16,50263,773,23,6195,12,21,22,2292],"class_list":["post-745262","post","type-post","status-publish","format-standard","has-post-thumbnail","category-espana","tag-acercaran","tag-alerta","tag-breaking-news","tag-breakingnews","tag-ecuatoriales","tag-es","tag-espana","tag-featured-news","tag-featurednews","tag-fin","tag-grados","tag-headlines","tag-latest-news","tag-latestnews","tag-llega","tag-mario","tag-news","tag-noches","tag-noticias","tag-noticias-destacadas","tag-noticiasdestacadas","tag-picazo","tag-semana","tag-spain","tag-temperaturas","tag-titulares","tag-ultimas-noticias","tag-ultimasnoticias","tag-vuelven"],"share_on_mastodon":{"url":"https:\/\/pubeurope.com\/@es\/117206103040679123","error":""},"_links":{"self":[{"href":"https:\/\/www.europesays.com\/es\/wp-json\/wp\/v2\/posts\/745262","targetHints":{"allow":["GET"]}}],"collection":[{"href":"https:\/\/www.europesays.com\/es\/wp-json\/wp\/v2\/posts"}],"about":[{"href":"https:\/\/www.europesays.com\/es\/wp-json\/wp\/v2\/types\/post"}],"author":[{"embeddable":true,"href":"https:\/\/www.europesays.com\/es\/wp-json\/wp\/v2\/users\/2"}],"replies":[{"embeddable":true,"href":"https:\/\/www.europesays.com\/es\/wp-json\/wp\/v2\/comments?post=745262"}],"version-history":[{"count":0,"href":"https:\/\/www.europesays.com\/es\/wp-json\/wp\/v2\/posts\/745262\/revisions"}],"wp:featuredmedia":[{"embeddable":true,"href":"https:\/\/www.europesays.com\/es\/wp-json\/wp\/v2\/media\/745263"}],"wp:attachment":[{"href":"https:\/\/www.europesays.com\/es\/wp-json\/wp\/v2\/media?parent=745262"}],"wp:term":[{"taxonomy":"category","embeddable":true,"href":"https:\/\/www.europesays.com\/es\/wp-json\/wp\/v2\/categories?post=745262"},{"taxonomy":"post_tag","embeddable":true,"href":"https:\/\/www.europesays.com\/es\/wp-json\/wp\/v2\/tags?post=745262"}],"curies":[{"name":"wp","href":"https:\/\/api.w.org\/{rel}","templated":true}]}}