{"id":745280,"date":"2026-09-03T08:33:18","date_gmt":"2026-09-03T08:33:18","guid":{"rendered":"https:\/\/www.europesays.com\/es\/745280\/"},"modified":"2026-09-03T08:33:18","modified_gmt":"2026-09-03T08:33:18","slug":"1-200-variantes-geneticas-ligadas-a-cinco-rasgos-de-personalidad","status":"publish","type":"post","link":"https:\/\/www.europesays.com\/es\/745280\/","title":{"rendered":"1 200 variantes gen\u00e9ticas ligadas a cinco rasgos de personalidad"},"content":{"rendered":"<p>La gen\u00e9tica y el entorno est\u00e1n interrelacionados a la hora de moldear la personalidad, cuyos rasgos est\u00e1n asociados con numerosas variantes gen\u00e9ticas. Un estudio ha identificado ahora m\u00e1s de 1 200 relacionadas con cinco grandes formas de ser de una persona.<\/p>\n<p>La gen\u00e9tica de la personalidad es m\u00e1s relevante para la experiencia humana de lo que se pensaba, sugiere un art\u00edculo que publica Nature y que est\u00e1 liderado por la Universidad Estatal de Michigan (EE UU).<\/p>\n<p class=\"texto_destacado_central_p\">Las variantes gen\u00e9ticas pueden influir en algunos rasgos de comportamiento, pero no permiten predecir la personalidad\u00a0<\/p>\n<p>Los resultados no indican que la personalidad pueda predecirse directamente a partir del ADN, sino que algunas variantes pueden influir en los rasgos de comportamiento, aunque otros <strong>factores ambientales<\/strong> pueden tener un mayor impacto en su desarrollo.<\/p>\n<p>\u201cNo existe un \u00fanico \u2018gen de la personalidad\u2019, sino que sus rasgos est\u00e1n asociados a numerosas variantes gen\u00e9ticas, pero incluso los efectos m\u00e1s importantes de las variantes individuales siguen siendo muy peque\u00f1os\u201d, explica el autor principal del art\u00edculo, <strong>Ted Schwaba<\/strong>, de la universidad estadounidense.<\/p>\n<p class=\"texto_destacado_central_p\">Aunque cada variante gen\u00e9tica individual tenga muy poca influencia en la personalidad, los efectos de muchas\u00a0 juntas pueden ser m\u00e1s significativos<\/p>\n<p>Sin embargo, aunque cada variante gen\u00e9tica individual tenga muy poca influencia en la personalidad, \u201clos efectos de muchas variantes juntas pueden ser m\u00e1s significativos\u201d.<\/p>\n<p>Los rasgos de personalidad describen diferencias estables en <strong>la forma en que las personas piensan, sienten y se comportan<\/strong>, as\u00ed como en su manera de interactuar con el entorno social y f\u00edsico y experimentarlo, se\u00f1ala el art\u00edculo.<\/p>\n<p><a id=\"eztoc_1_1\"\/>Variaciones del ADN y rasgos<\/p>\n<p>El estudio analiz\u00f3 los posibles v\u00ednculos entre las variaciones del ADN y las diferencias de personalidad y se centr\u00f3 en las conocidas como las cinco grandes categor\u00edas: neuroticismo, extraversi\u00f3n, amabilidad, apertura a la experiencia y responsabilidad.<\/p>\n<p class=\"texto_destacado_central_p\">Las cinco grandes categor\u00edas son neuroticismo, extraversi\u00f3n, amabilidad, apertura a la experiencia y responsabilidad.<\/p>\n<p>La extraversi\u00f3n incluye rasgos como la <strong>sociabilidad, la asertividad y el nivel de energ\u00eda<\/strong>; la amabilidad se vincula con la compasi\u00f3n, el respeto y la confianza; y la responsabilidad, con la organizaci\u00f3n, la productividad y el sentido del deber.<\/p>\n<p>El neuroticismo incluye rasgos como la<strong>\u00a0ansiedad, la depresi\u00f3n y la volatilidad<\/strong> y, por \u00faltimo, la apertura a la experiencia tiene que ver con la imaginaci\u00f3n, la curiosidad y la sensibilidad est\u00e9tica.<\/p>\n<p>El estudio es un metaan\u00e1lisis de los resultados de estudios de asociaci\u00f3n del genoma completo (GWAS) de 46 cohortes de todo el mundo, que abarcan hasta 1,1 millones de participantes, dependiendo del rasgo estudiado.<\/p>\n<p>El equipo identific\u00f3 1 260 variantes gen\u00e9ticas asociadas a esos cinco grandes rasgos, de las cuales 824 no se hab\u00edan relacionado anteriormente con la personalidad.<\/p>\n<p class=\"texto_destacado_central_p\">El equipo identific\u00f3 1 260 variantes gen\u00e9ticas asociadas a esos cinco grandes rasgos, de las cuales 824 no se hab\u00edan relacionado anteriormente con la personalidad<\/p>\n<p>Las muestras de ADN se relacionaron con las diferencias en los rasgos de personalidad de las personas y, mediante m\u00e9todos que comparaban a familiares entre s\u00ed, se confirm\u00f3 que esos v\u00ednculos gen\u00e9ticos no eran resultado de una educaci\u00f3n compartida.<\/p>\n<p>Las mismas variantes relacionadas con la extraversi\u00f3n en un adulto joven de los Pa\u00edses Bajos tambi\u00e9n la predec\u00edan en un jubilado de Estados Unidos.<\/p>\n<p>                        <a href=\"https:\/\/www.agenciasinc.es\/Noticias\/AlphaGenome-una-IA-para-predecir-como-las-variaciones-del-ADN-afectan-a-la-regulacion-genica\" rel=\"nofollow noopener\" target=\"_blank\"><br \/>\n                            <img decoding=\"async\" src=\"https:\/\/www.europesays.com\/es\/wp-content\/uploads\/2026\/09\/AlphaGenome-una-IA-para-predecir-como-las-variaciones-del-ADN-afectan-a-la-regulacion-genica.jpg\" alt=\"AlphaGenome, una IA para predecir c\u00f3mo las variaciones del ADN afectan a la regulaci\u00f3n g\u00e9nica\" title=\"AlphaGenome, una IA para predecir c\u00f3mo las variaciones del ADN afectan a la regulaci\u00f3n g\u00e9nica\" class=\"small_fotoderecha_img\" loading=\"lazy\"\/><br \/>\n                        <\/a><\/p>\n<p>Las variantes <strong>relacionadas con la responsabilidad<\/strong> se asociaron a un mayor nivel de actividad durante el d\u00eda y las vinculadas con la apertura a la experiencia y la extraversi\u00f3n se relacionaron con una mayor tendencia a ser noct\u00e1mbulo.<\/p>\n<p><a id=\"eztoc_2_1\"\/>El peso del entorno<\/p>\n<p>A pesar de estas asociaciones gen\u00e9ticas, los investigadores descubrieron que el entorno sigue desempe\u00f1ando un papel fundamental en la formaci\u00f3n de la personalidad y los resultados apuntan, seg\u00fan el equipo, a una relaci\u00f3n interconectada entre ambos factores.<\/p>\n<p class=\"texto_destacado_central_p\">El entorno sigue desempe\u00f1ando un papel fundamental en la formaci\u00f3n de la personalidad<\/p>\n<p>As\u00ed, las variantes vinculadas con la apertura a la experiencia predec\u00edan que una persona se mudar\u00eda a barrios m\u00e1s cosmopolitas y, a su vez, vivir en esos lugares puede reforzar y moldear a\u00fan m\u00e1s ese mismo rasgo.<\/p>\n<p>La personalidad parece ser \u201crelevante pr\u00e1cticamente en cualquier \u00e1mbito\u201d. As\u00ed, las variantes asociadas al neuroticismo predicen una mayor estancia hospitalaria, \u201clo cual es relevante para los m\u00e9dicos y los investigadores en el \u00e1mbito de la salud\u201d, destac\u00f3 Schwaba.<\/p>\n<p>El equipo resalt\u00f3 adem\u00e1s la relevancia que tiene la gen\u00e9tica de la personalidad sobre otros aspectos de la experiencia humana.<\/p>\n<p>Las variantes gen\u00e9ticas que predicen la personalidad tambi\u00e9n predicen, en parte, la <strong>salud mental y f\u00edsica<\/strong>, la longevidad, la educaci\u00f3n y las trayectorias o los resultados profesionales.<\/p>\n<p><strong>Referencia<\/strong>:<\/p>\n<p>Ted Schwaba et al. \u201cRobust inference and correlates from genetic associations with personality\u201d. <a target=\"_blank\" href=\"https:\/\/www.nature.com\/articles\/s41586-026-10992-9\" rel=\"nofollow noopener\">Nature<\/a>, 2026.<\/p>\n<p>Derechos: <strong>Creative Commons.<\/strong><\/p>\n","protected":false},"excerpt":{"rendered":"La gen\u00e9tica y el entorno est\u00e1n interrelacionados a la hora de moldear la personalidad, cuyos rasgos est\u00e1n asociados&hellip;\n","protected":false},"author":2,"featured_media":745281,"comment_status":"","ping_status":"","sticky":false,"template":"","format":"standard","meta":{"footnotes":""},"categories":[42],"tags":[17,18,13,14,11,61,62,63,64,19,20,9,10,15,16,12,21,22,65,66,67],"class_list":["post-745280","post","type-post","status-publish","format-standard","has-post-thumbnail","category-internacional","tag-breaking-news","tag-breakingnews","tag-featured-news","tag-featurednews","tag-headlines","tag-internacional","tag-international","tag-international-news","tag-internationalnews","tag-latest-news","tag-latestnews","tag-news","tag-noticias","tag-noticias-destacadas","tag-noticiasdestacadas","tag-titulares","tag-ultimas-noticias","tag-ultimasnoticias","tag-world","tag-world-news","tag-worldnews"],"share_on_mastodon":{"url":"https:\/\/pubeurope.com\/@es\/117206188541419934","error":""},"_links":{"self":[{"href":"https:\/\/www.europesays.com\/es\/wp-json\/wp\/v2\/posts\/745280","targetHints":{"allow":["GET"]}}],"collection":[{"href":"https:\/\/www.europesays.com\/es\/wp-json\/wp\/v2\/posts"}],"about":[{"href":"https:\/\/www.europesays.com\/es\/wp-json\/wp\/v2\/types\/post"}],"author":[{"embeddable":true,"href":"https:\/\/www.europesays.com\/es\/wp-json\/wp\/v2\/users\/2"}],"replies":[{"embeddable":true,"href":"https:\/\/www.europesays.com\/es\/wp-json\/wp\/v2\/comments?post=745280"}],"version-history":[{"count":0,"href":"https:\/\/www.europesays.com\/es\/wp-json\/wp\/v2\/posts\/745280\/revisions"}],"wp:featuredmedia":[{"embeddable":true,"href":"https:\/\/www.europesays.com\/es\/wp-json\/wp\/v2\/media\/745281"}],"wp:attachment":[{"href":"https:\/\/www.europesays.com\/es\/wp-json\/wp\/v2\/media?parent=745280"}],"wp:term":[{"taxonomy":"category","embeddable":true,"href":"https:\/\/www.europesays.com\/es\/wp-json\/wp\/v2\/categories?post=745280"},{"taxonomy":"post_tag","embeddable":true,"href":"https:\/\/www.europesays.com\/es\/wp-json\/wp\/v2\/tags?post=745280"}],"curies":[{"name":"wp","href":"https:\/\/api.w.org\/{rel}","templated":true}]}}