{"id":74529,"date":"2025-08-26T23:42:08","date_gmt":"2025-08-26T23:42:08","guid":{"rendered":"https:\/\/www.europesays.com\/es\/74529\/"},"modified":"2025-08-26T23:42:08","modified_gmt":"2025-08-26T23:42:08","slug":"murio-un-joven-de-22-anos-tras-ser-embestido-por-un-toro-de-700-kilogramos","status":"publish","type":"post","link":"https:\/\/www.europesays.com\/es\/74529\/","title":{"rendered":"Muri\u00f3 un joven de 22 a\u00f1os tras ser embestido por un toro de 700 kilogramos"},"content":{"rendered":"<p>El torero portugu\u00e9s <b>Manuel Maria Trindade, de 22 a\u00f1os,<\/b> muri\u00f3 este s\u00e1bado luego de ser embestido por un<b> toro de 700 kilogramos <\/b>durante una corrida que se realiz\u00f3 el d\u00eda anterior en la Plaza de Toros de Campo Peque\u00f1o, situada en Lisboa, <a href=\"https:\/\/www.lanacion.com.ar\/propiedades\/la-ciudad-europea-con-castillos-que-tiene-un-palacio-de-disney-y-nadie-lo-sabe-nid22082025\/\" rel=\"nofollow noopener\" target=\"_blank\" data-ylk=\"slk:Portugal;elm:context_link;itc:0;sec:content-canvas\" class=\"link \"><b>Portugal<\/b><\/a>.<\/p>\n<p>El joven, que resid\u00eda en S\u00e3o Miguel de Machede y formaba parte del grupo Forcados Amadores de S\u00e3o Man\u00e7os, distrito de \u00c9vora, <b>perdi\u00f3 mucha sangre despu\u00e9s de chocar violentamente contra las tablas y caer sobre la arena<\/b>. En principio, Trindade fue asistido por sus compa\u00f1eros y luego estabilizado en la enfermer\u00eda de Campo Peque\u00f1o por el equipo m\u00e9dico de guardia en la corrida.<\/p>\n<p>Tras recibir primeros auxilios, fue trasladado al Hospital de Santa Mar\u00eda y, m\u00e1s tarde, con ventilaci\u00f3n asistida, al Hospital de S\u00e3o Jos\u00e9, en la capital del pa\u00eds, donde <b>ingres\u00f3 con \u201cmuerte cerebral\u201d<\/b>.<\/p>\n<p>De acuerdo a lo que consignaron medios locales, <b>se trataba de la primera toma de la noche<\/b>. El toro de la ganader\u00eda Vinhas, con un peso de 700 kilogramos, <b>embisti\u00f3 al torero y lo estrell\u00f3 contra las tablas de la Plaza, dej\u00e1ndolo inmovilizado sobre la arena<\/b>.<\/p>\n<p>La mam\u00e1 de Trindade, Alzira Beringel, utiliz\u00f3 sus redes sociales para defenderse de las<b> cr\u00edticas que recibi\u00f3 por las corridas de toros en las que participaba su hijo<\/b>.<\/p>\n<p><b>\u201cVengo a agradecerles todos sus aplausos, todas las risas y regocijos por la muerte de mi hijo. \u00bfLo conocieron como para alegrarse de su muerte? \u00bfSaben si le gustaban los animales?<\/b> \u00a1Por casualidad, s\u00ed! Siempre hemos tenido perros y son parte de nuestra familia. Dorm\u00edan con \u00e9l y cuando llegaba a casa se re\u00edan con \u00e9l&#8230; los animales saben qui\u00e9nes son las buenas personas\u00bb, expres\u00f3.<\/p>\n<p><b>\u201cMe hab\u00eda prometido a m\u00ed misma no leer sus comentarios inteligentes, pero fueron apareciendo algunos \u2018tan bonitos\u2019, que no pude soportar <\/b>y tuve que agradecerles por el apoyo y el cari\u00f1o mostrado. Todav\u00eda vivimos en un pa\u00eds democr\u00e1tico, en el que cada uno es libre de gustar lo que le gusta y a nadie m\u00e1s le importa\u201d, a\u00f1adi\u00f3 la mujer.<\/p>\n<p>Sobre el final de su mensaje, la mam\u00e1 del torero sostuvo: <b>\u201cEstoy aqu\u00ed en mi casa, haciendo tiempo&#8230; esperando&#8230; que me entreguen el cuerpo de mi \u2018ni\u00f1o de oro\u2019\u201d. <\/b><\/p>\n<p>La <b>Asociaci\u00f3n Nacional de Grupos de Forcados <\/b>(ANGF)<b> lament\u00f3 profundamente el fallecimiento <\/b>de Manuel Maria Trindade. <b>\u201cANGF desea expresar sus m\u00e1s sentidos condolencias a la familia de Manuel, a todos sus amigos y al Grupo de Forcados Amadores de S\u00e3o Man\u00e7os.<\/b> La ANGF est\u00e1 disponible para proporcionar todo el apoyo necesario en este momento tan dif\u00edcil\u00bb, dijo la asociaci\u00f3n a trav\u00e9s de un mensaje que difundi\u00f3 en sus redes sociales.<\/p>\n<p>Y concluy\u00f3: \u201cQue la memoria y el ejemplo de valent\u00eda de Manuel Mar\u00eda Trindade permanezcan vivos en el coraz\u00f3n de todos los que lo conocieron y admiraron. Las m\u00e1s sentidas condolencias\u201d.<\/p>\n<p>El Presidente de la C\u00e1mara Municipal de \u00c9vora, <b>Carlos Pinto de S\u00e1<\/b>, tambi\u00e9n lament\u00f3 la muerte del joven que viv\u00eda en ese distrito.<\/p>\n<p>\u201cEn mi nombre personal y en nombre del Municipio de \u00c9vora nos dirigimos a la familia y al Grupo de Forcados Amadores de S\u00e3o Man\u00e7os para expresar<b> nuestras m\u00e1s sentidas condolencias y nuestra solidaridad en este momento doloroso que nos golpea.<\/b> \u00a1Que descanse en paz!\u201d, escribi\u00f3 en su cuenta oficial de Facebook.<\/p>\n","protected":false},"excerpt":{"rendered":"El torero portugu\u00e9s Manuel Maria Trindade, de 22 a\u00f1os, muri\u00f3 este s\u00e1bado luego de ser embestido por un&hellip;\n","protected":false},"author":2,"featured_media":74530,"comment_status":"","ping_status":"","sticky":false,"template":"","format":"standard","meta":{"footnotes":""},"categories":[277],"tags":[373,29095,1904,168,29094,25,24,29093,29092,1389,23,167,374],"class_list":{"0":"post-74529","1":"post","2":"type-post","3":"status-publish","4":"format-standard","5":"has-post-thumbnail","7":"category-toreo","8":"tag-bullfighting","9":"tag-campo-pequeno","10":"tag-corridas-de-toros","11":"tag-deportes","12":"tag-distrito-de-evora","13":"tag-es","14":"tag-espana","15":"tag-hospital-de-santa-maria","16":"tag-manuel-maria-trindade","17":"tag-plaza-de-toros","18":"tag-spain","19":"tag-sports","20":"tag-toreo"},"share_on_mastodon":{"url":"","error":""},"_links":{"self":[{"href":"https:\/\/www.europesays.com\/es\/wp-json\/wp\/v2\/posts\/74529","targetHints":{"allow":["GET"]}}],"collection":[{"href":"https:\/\/www.europesays.com\/es\/wp-json\/wp\/v2\/posts"}],"about":[{"href":"https:\/\/www.europesays.com\/es\/wp-json\/wp\/v2\/types\/post"}],"author":[{"embeddable":true,"href":"https:\/\/www.europesays.com\/es\/wp-json\/wp\/v2\/users\/2"}],"replies":[{"embeddable":true,"href":"https:\/\/www.europesays.com\/es\/wp-json\/wp\/v2\/comments?post=74529"}],"version-history":[{"count":0,"href":"https:\/\/www.europesays.com\/es\/wp-json\/wp\/v2\/posts\/74529\/revisions"}],"wp:featuredmedia":[{"embeddable":true,"href":"https:\/\/www.europesays.com\/es\/wp-json\/wp\/v2\/media\/74530"}],"wp:attachment":[{"href":"https:\/\/www.europesays.com\/es\/wp-json\/wp\/v2\/media?parent=74529"}],"wp:term":[{"taxonomy":"category","embeddable":true,"href":"https:\/\/www.europesays.com\/es\/wp-json\/wp\/v2\/categories?post=74529"},{"taxonomy":"post_tag","embeddable":true,"href":"https:\/\/www.europesays.com\/es\/wp-json\/wp\/v2\/tags?post=74529"}],"curies":[{"name":"wp","href":"https:\/\/api.w.org\/{rel}","templated":true}]}}