{"id":745308,"date":"2026-09-03T09:06:13","date_gmt":"2026-09-03T09:06:13","guid":{"rendered":"https:\/\/www.europesays.com\/es\/745308\/"},"modified":"2026-09-03T09:06:13","modified_gmt":"2026-09-03T09:06:13","slug":"oficial-khalifa-diop-se-marcha-a-cleveland-cavaliers","status":"publish","type":"post","link":"https:\/\/www.europesays.com\/es\/745308\/","title":{"rendered":"Oficial: Khalifa Diop se marcha a Cleveland Cavaliers"},"content":{"rendered":"<p class=\"\">Era un secreto a voces que el jugador iba a desembarcar en la NBA. Viaj\u00f3 con permiso del Baskonia a Cleveland, <b>ha pasado las pruebas m\u00e9dicas, depositar\u00e1 su cl\u00e1usula de rescisi\u00f3n <\/b>y se enrolar\u00e1 en la franquicia estadounidense que le eligi\u00f3 en el draft de 2022 en el puesto 39. Deja una huella econ\u00f3mica de casi un mill\u00f3n de d\u00f3lares y el club azulgrana se ahorra una de las fichas m\u00e1s altas. Lleg\u00f3 a Vitoria tras un desembolso de 700.000 euros.<\/p>\n<p class=\"\">En los tres cursos que Khalifa ha estado en Vitoria-Gasteiz ha vestido la el\u00e1stica baskonista en <b>138 ocasiones entre Euroliga y Liga Endesa<\/b>, formando parte de la plantilla que conquist\u00f3 el t\u00edtulo de Copa del Rey 2026. Se esperaba un rendimiento m\u00e1s alto pero su salida deja una buena cantidad en las arcas.<\/p>\n<p class=\"\">Kosner Baskonia \u201cagradece a Khalifa Diop su compromiso y profesionalidad durante las tres temporadas que ha pertenecido a la entidad vitoriana y<b> le desea la mayor de las suertes<\/b> en su futuro en Estados Unidos\u201d, reza la nota oficial que ha enviado el club a los medios de comunicaci\u00f3n. Ahora habr\u00e1 que firmar a dos interiores m\u00e1s.<\/p>\n<p>Novedades en el cuadro t\u00e9cnico<\/p>\n<p class=\"\">Llama la atenci\u00f3n la incorporaci\u00f3n al grupo de Paolo Gabiati de Miguel \u00c1ngel Hoyo. El seleccionador de Costa de Marfil, que recientemente<b> ha dado el pasaporte al base Kobi Simmons<\/b>, se une al grupo de trabajo del entrenador italiano. El amistoso previsto para esta misma tarde con el Gipuzkoa Basket queda descartado porque hay muy pocos jugadores de la primera plantilla todav\u00eda a las \u00f3rdenes del t\u00e9cnico transalpino.<\/p>\n<p>Noticias relacionadas<\/p>\n<p class=\"\"><b>\u00a1Lleva el deporte contigo! <\/b><\/p>\n<p class=\"\">Descarga la App de AS para recibir alertas al instante y configura en <b>MiZona <\/b>qu\u00e9 quieres leer, sigue a tus equipos y consulta sus partidos. <a href=\"https:\/\/trackingcodes.prisamedia.com\/as.html?utm_campaign=cierre_articulo&amp;utm_source=web\" target=\"_blank\" rel=\"nofollow noopener\" title=\"https:\/\/trackingcodes.prisamedia.com\/as.html?utm_campaign=cierre_articulo&amp;utm_source=web\"><b>Desc\u00e1rgala aqu\u00ed.<\/b><\/a><b> <\/b>\u00bfAdem\u00e1s buscas licenciar contenido? Haz clic <a href=\"https:\/\/profesional.elpais.com\/soluciones-sindicacion?utm_medium=interno&amp;utm_source=crosslinking&amp;utm_campaign=sindicacion_as_pie_articulos\" target=\"_blank\" rel=\"nofollow noopener\" title=\"https:\/\/profesional.elpais.com\/soluciones-sindicacion?utm_medium=interno&amp;utm_source=crosslinking&amp;utm_campaign=sindicacion_as_pie_articulos\">aqu\u00ed<\/a>.<\/p>\n","protected":false},"excerpt":{"rendered":"Era un secreto a voces que el jugador iba a desembarcar en la NBA. Viaj\u00f3 con permiso del&hellip;\n","protected":false},"author":2,"featured_media":745309,"comment_status":"","ping_status":"","sticky":false,"template":"","format":"standard","meta":{"footnotes":""},"categories":[269],"tags":[299,298,168,25,24,23,167],"class_list":["post-745308","post","type-post","status-publish","format-standard","has-post-thumbnail","category-baloncesto","tag-baloncesto","tag-basketball","tag-deportes","tag-es","tag-espana","tag-spain","tag-sports"],"share_on_mastodon":{"url":"https:\/\/pubeurope.com\/@es\/117206318255878795","error":""},"_links":{"self":[{"href":"https:\/\/www.europesays.com\/es\/wp-json\/wp\/v2\/posts\/745308","targetHints":{"allow":["GET"]}}],"collection":[{"href":"https:\/\/www.europesays.com\/es\/wp-json\/wp\/v2\/posts"}],"about":[{"href":"https:\/\/www.europesays.com\/es\/wp-json\/wp\/v2\/types\/post"}],"author":[{"embeddable":true,"href":"https:\/\/www.europesays.com\/es\/wp-json\/wp\/v2\/users\/2"}],"replies":[{"embeddable":true,"href":"https:\/\/www.europesays.com\/es\/wp-json\/wp\/v2\/comments?post=745308"}],"version-history":[{"count":0,"href":"https:\/\/www.europesays.com\/es\/wp-json\/wp\/v2\/posts\/745308\/revisions"}],"wp:featuredmedia":[{"embeddable":true,"href":"https:\/\/www.europesays.com\/es\/wp-json\/wp\/v2\/media\/745309"}],"wp:attachment":[{"href":"https:\/\/www.europesays.com\/es\/wp-json\/wp\/v2\/media?parent=745308"}],"wp:term":[{"taxonomy":"category","embeddable":true,"href":"https:\/\/www.europesays.com\/es\/wp-json\/wp\/v2\/categories?post=745308"},{"taxonomy":"post_tag","embeddable":true,"href":"https:\/\/www.europesays.com\/es\/wp-json\/wp\/v2\/tags?post=745308"}],"curies":[{"name":"wp","href":"https:\/\/api.w.org\/{rel}","templated":true}]}}