{"id":745322,"date":"2026-09-03T09:19:13","date_gmt":"2026-09-03T09:19:13","guid":{"rendered":"https:\/\/www.europesays.com\/es\/745322\/"},"modified":"2026-09-03T09:19:13","modified_gmt":"2026-09-03T09:19:13","slug":"el-mundo-en-zona-de-peligro-de-clima-extremo-por-el-nino-2","status":"publish","type":"post","link":"https:\/\/www.europesays.com\/es\/745322\/","title":{"rendered":"El mundo en \u00abzona de peligro\u00bb de clima extremo por El Ni\u00f1o"},"content":{"rendered":"<p>La <a class=\"internal-link\" href=\"https:\/\/www.dw.com\/es\/organizaci\u00f3n-meteorol\u00f3gica-mundial\/t-43720619\" rel=\"nofollow noopener\" target=\"_blank\">Organizaci\u00f3n Meteorol\u00f3gica Mundial<\/a> (OMM), la mayor autoridad cient\u00edfica en cuestiones de clima, confirm\u00f3 este jueves (3.09.2026) que el\u00a0<a class=\"internal-link\" href=\"https:\/\/www.dw.com\/es\/fen\u00f3meno-de-el-ni\u00f1o\/t-38566292\" rel=\"nofollow noopener\" target=\"_blank\">fen\u00f3meno de El Ni\u00f1o<\/a>\u00a0\u00a0<a class=\"internal-link\" href=\"https:\/\/www.dw.com\/es\/el-ni\u00f1o-godzilla-cu\u00e1n-cierta-es-la-amenaza-de-un-super-el-ni\u00f1o-2026\/a-77501361\" rel=\"nofollow noopener\" target=\"_blank\">se intensificar\u00e1 a\u00fan m\u00e1s<\/a> hasta ser muy fuerte y que persistir\u00e1 al menos hasta febrero de 2027, alterando las pautas de lluvias y temperaturas en todo el mundo.<\/p>\n<p>\u00abEl episodio de\u00a0<a class=\"internal-link\" href=\"https:\/\/www.dw.com\/es\/el-ni\u00f1o-genera-rara-sucesi\u00f3n-de-3-huracanes-en-el-pac\u00edfico\/a-78815380\" rel=\"nofollow noopener\" target=\"_blank\">El Ni\u00f1o<\/a> se ha consolidado y en los pr\u00f3ximos meses se intensificar\u00e1 hasta convertirse en un evento de intensidad muy fuerte\u00bb, seg\u00fan coinciden los pron\u00f3sticos de expertos y de los organismos m\u00e1s avanzados de todo el mundo que estudian este fen\u00f3meno, el cual suele aparecer entre cada dos y siete a\u00f1os.<\/p>\n<p>Los cambios en la temperatura y patrones de lluvia aumentar\u00e1n los riesgos de inundaciones, sequ\u00edas y calor extremo, ha reconocido en Ginebra la argentina Celeste Saulo, secretaria general de la OMM, uno de los principales organismos cient\u00edficos de Naciones Unidas.<\/p>\n<p>El secretario general de la <a class=\"internal-link\" href=\"https:\/\/www.dw.com\/es\/onu\/t-17409613\" rel=\"nofollow noopener\" target=\"_blank\">ONU<\/a>, Ant\u00f3nio Guterres, dijo hoy en un comunicado: \u00ab<a class=\"internal-link\" href=\"https:\/\/www.dw.com\/es\/fen\u00f3meno-de-el-ni\u00f1o-probablemente-estar\u00e1-entre-los-m\u00e1s-grandes-registrados\/a-77895943\" rel=\"nofollow noopener\" target=\"_blank\">El Ni\u00f1o se est\u00e1 volviendo gigantesco ante nuestros ojos<\/a>. La ciencia no deja lugar a dudas: el planeta se encuentra en aguas desconocidas, <a class=\"internal-link\" href=\"https:\/\/www.dw.com\/es\/los-oc\u00e9anos-alcanzan-su-temperatura-m\u00e1s-alta-jam\u00e1s-registrada-con-graves-efectos-para-la-vida-marina\/a-78499381\" rel=\"nofollow noopener\" target=\"_blank\">y esas aguas se est\u00e1n calentando<\/a>. Las temperaturas de la superficie del mar est\u00e1n aumentando, las temperaturas siguen subiendo y el mundo se encuentra en la zona de peligro del clima extremo\u00bb.<\/p>\n<p><img data-format=\"MASTER_LANDSCAPE\" data-id=\"78691399\" data-url=\"https:\/\/static.dw.com\/image\/78691399_${formatId}.jpg\" data-aspect-ratio=\"16\/9\" alt=\"Casas bajo el agua y masas de agua en las inundaciones en Nepal. (31.08.2026).\" style=\"padding-bottom: 56.25%; height: 0; max-height: 0;\"\/>Imagen de la destrucci\u00f3n tras las graves inundaciones en Nepal. (31.08.2026).Imagen: Ambir Tolang\/JNA Press\/Sipa USA\/picture alliance<\/p>\n<p>Inquietud en todo el mundo por el impacto de El Ni\u00f1o<\/p>\n<p>La fuerza que tomar\u00e1 El Ni\u00f1o se originar\u00e1 en parte en las temperaturas excepcionalmente altas en el\u00a0\u00a0<a class=\"internal-link\" href=\"https:\/\/www.dw.com\/es\/los-oc\u00e9anos-alcanzan-su-temperatura-m\u00e1s-alta-jam\u00e1s-registrada-con-graves-efectos-para-la-vida-marina\/a-78499381\" rel=\"nofollow noopener\" target=\"_blank\">Pac\u00edfico<\/a>\u00a0tropical -que del lado de Latinoam\u00e9rica ba\u00f1a las costas de <a class=\"internal-link\" href=\"https:\/\/www.dw.com\/es\/ecuador-se-declara-en-alerta-roja-por-el-fen\u00f3meno-de-el-ni\u00f1o\/a-78561091\" rel=\"nofollow noopener\" target=\"_blank\">Ecuador<\/a>, Colombia y Per\u00fa, entre otros pa\u00edses) y se prev\u00e9 que alcance su \u00abapogeo\u00bb a finales de este a\u00f1o, aunque sus efectos se seguir\u00e1n sintiendo bien entrado 2027.<\/p>\n<p>La ocurrencia de El Ni\u00f1o est\u00e1 causando inquietud en distintas partes del mundo, que suelen sentir de forma m\u00e1s fuerte su impacto y hasta padecer diversos tipos de desastres naturales por esta causa.<\/p>\n<p><img data-format=\"MASTER_LANDSCAPE\" data-id=\"68807777\" data-url=\"https:\/\/static.dw.com\/image\/68807777_${formatId}.jpg\" data-aspect-ratio=\"16\/9\" alt=\"Uh hombre sentado frente a una reserva de agua potable en disminuci\u00f3n por la sequ\u00eda en Colombia.\" style=\"padding-bottom: 56.25%; height: 0; max-height: 0;\"\/>El fen\u00f3meno de El Ni\u00f1o provoca sequ\u00eda y tambi\u00e9n inundaciones.Imagen: Fernando Vergara\/picture alliance\/dpa<\/p>\n<p>En regiones como <a class=\"internal-link\" href=\"https:\/\/www.dw.com\/es\/el-salvador-y-panam\u00e1-declaran-alerta-roja-por-sequ\u00eda-asociada-a-el-ni\u00f1o\/a-78502597\" rel=\"nofollow noopener\" target=\"_blank\">Centroam\u00e9rica<\/a>, la alteraci\u00f3n de las lluvias ha provocado una fuerte sequ\u00eda y escasez de agua, lo que ha sido catastr\u00f3fico para los cultivos de ma\u00edz. Miles de familias campesinas ya est\u00e1n afectadas.<\/p>\n<p>En la India, las lluvias del monz\u00f3n han estado por debajo de lo normal en agosto y se espera que estas condiciones se mantengan en septiembre, lo que tambi\u00e9n tendr\u00e1 efectivos perjudiciales en la agricultura.<\/p>\n<p>El Ni\u00f1o golpea en todo el mundo: partes de \u00c1frica, del sudeste asi\u00e1tico y Australia tambi\u00e9n son zonas del mundo que suelen experimentar lluvias torrenciales, inundaciones y deslizamientos de tierra cada vez que El Ni\u00f1o se produce.<\/p>\n<p><img data-format=\"MASTER_LANDSCAPE\" data-id=\"78173313\" data-url=\"https:\/\/static.dw.com\/image\/78173313_${formatId}.jpg\" data-aspect-ratio=\"16\/9\" alt=\"Un hombre toma agua de una botella en Lima, Per\u00fa, bajo un sol ardiente, en la ola de calor extremo. (2024).\" style=\"padding-bottom: 56.25%; height: 0; max-height: 0;\"\/>Calor extremo en Lima, Per\u00fa. (2024).Imagen: Cesar Bueno\/Newscom\/GDA\/IMAGO<\/p>\n<p>Desde una perspectiva social, el impacto m\u00e1s grave es la disminuci\u00f3n de la producci\u00f3n agr\u00edcola, con lo cual las comunidades pierden su acceso a los alimentos y en el resto del mundo los precios aumentan.<\/p>\n<p>A esto \u00faltimo hay que sumar los estragos del conflicto entre Ir\u00e1n y Estados Unidos y el cierre del\u00a0\u00a0<a class=\"internal-link\" href=\"https:\/\/www.dw.com\/es\/estrecho-de-ormuz\/t-76440002\" rel=\"nofollow noopener\" target=\"_blank\">estrecho de Ormuz<\/a>.<\/p>\n<p>Saulo sostuvo que \u00abeste episodio excepcional de El Ni\u00f1o exige medidas de preparaci\u00f3n y respuesta excepcionales\u00bb y destac\u00f3 la movilizaci\u00f3n sin precedentes de los servicios meteorol\u00f3gicos e hidrol\u00f3gicos de todos los pa\u00edses.<\/p>\n<p>La OMM se\u00f1al\u00f3 que ahora los gobiernos y otras instancias de decisi\u00f3n deben valorar esta informaci\u00f3n y definir lo que tienen que hacer.<\/p>\n<p><img data-format=\"MASTER_LANDSCAPE\" data-id=\"69070660\" data-url=\"https:\/\/static.dw.com\/image\/69070660_${formatId}.jpg\" data-aspect-ratio=\"16\/9\" alt=\"Rutas inundadas y veh\u00edculos en el agua en inundaciones en Rio Grande do Sul, Brasil. (2024).\" style=\"padding-bottom: 56.25%; height: 0; max-height: 0;\"\/>Inundaciones en Rio Grande do Sul, Brasil. (2024).Imagen: Nelson Almeida\/AFP<\/p>\n<p>Uno de los valores que m\u00e1s alarma est\u00e1 causando entre los cient\u00edficos es el aumento excesivo de las temperaturas del mar, y no solo de la superficie, sino incluso debajo de \u00e9sta.<\/p>\n<p>En la superficie se hansuperado con creces los registros normales, con un aumento de hasta 2,6 grados Celsius adicionales y valores que no han dejado de subir en las \u00faltimas semanas.<\/p>\n<p>Pero bajo la superficie del oc\u00e9ano \u00abel calor acumulado alcanza una magnitud a\u00fan m\u00e1s excepcional\u00bb, pues en algunas zonas las temperaturas han superado la media en m\u00e1s de 8 grados.<br \/>\u00a0<\/p>\n<p>No dejes que el algoritmo oculte las noticias. Si conf\u00edas en este sitio para obtener informaci\u00f3n confiable, por favor dedica un momento a seleccionarnos como tu fuente preferida en Google:\u00a0<a rel=\"noopener follow nofollow\" target=\"_blank\" class=\"external-link\" href=\"https:\/\/www.google.com\/preferences\/source?q=dw.com\" title=\"Enlace externo \u2014 haz clic aqu\u00ed\">haz clic aqu\u00ed<\/a>\u00a0y marca el casillero o pulsa el bot\u00f3n de DW.com para ver siempre nuestras noticias verificadas en tus preferencias.<\/p>\n<p>CP (efe, afp)<\/p>\n","protected":false},"excerpt":{"rendered":"La Organizaci\u00f3n Meteorol\u00f3gica Mundial (OMM), la mayor autoridad cient\u00edfica en cuestiones de clima, confirm\u00f3 este jueves (3.09.2026) que&hellip;\n","protected":false},"author":2,"featured_media":745323,"comment_status":"","ping_status":"","sticky":false,"template":"","format":"standard","meta":{"footnotes":""},"categories":[42],"tags":[17,18,13,14,11,61,62,63,64,19,20,9,10,15,16,12,21,22,65,66,67],"class_list":["post-745322","post","type-post","status-publish","format-standard","has-post-thumbnail","category-internacional","tag-breaking-news","tag-breakingnews","tag-featured-news","tag-featurednews","tag-headlines","tag-internacional","tag-international","tag-international-news","tag-internationalnews","tag-latest-news","tag-latestnews","tag-news","tag-noticias","tag-noticias-destacadas","tag-noticiasdestacadas","tag-titulares","tag-ultimas-noticias","tag-ultimasnoticias","tag-world","tag-world-news","tag-worldnews"],"share_on_mastodon":{"url":"https:\/\/pubeurope.com\/@es\/117206369311231789","error":""},"_links":{"self":[{"href":"https:\/\/www.europesays.com\/es\/wp-json\/wp\/v2\/posts\/745322","targetHints":{"allow":["GET"]}}],"collection":[{"href":"https:\/\/www.europesays.com\/es\/wp-json\/wp\/v2\/posts"}],"about":[{"href":"https:\/\/www.europesays.com\/es\/wp-json\/wp\/v2\/types\/post"}],"author":[{"embeddable":true,"href":"https:\/\/www.europesays.com\/es\/wp-json\/wp\/v2\/users\/2"}],"replies":[{"embeddable":true,"href":"https:\/\/www.europesays.com\/es\/wp-json\/wp\/v2\/comments?post=745322"}],"version-history":[{"count":0,"href":"https:\/\/www.europesays.com\/es\/wp-json\/wp\/v2\/posts\/745322\/revisions"}],"wp:featuredmedia":[{"embeddable":true,"href":"https:\/\/www.europesays.com\/es\/wp-json\/wp\/v2\/media\/745323"}],"wp:attachment":[{"href":"https:\/\/www.europesays.com\/es\/wp-json\/wp\/v2\/media?parent=745322"}],"wp:term":[{"taxonomy":"category","embeddable":true,"href":"https:\/\/www.europesays.com\/es\/wp-json\/wp\/v2\/categories?post=745322"},{"taxonomy":"post_tag","embeddable":true,"href":"https:\/\/www.europesays.com\/es\/wp-json\/wp\/v2\/tags?post=745322"}],"curies":[{"name":"wp","href":"https:\/\/api.w.org\/{rel}","templated":true}]}}