{"id":745324,"date":"2026-09-03T09:20:10","date_gmt":"2026-09-03T09:20:10","guid":{"rendered":"https:\/\/www.europesays.com\/es\/745324\/"},"modified":"2026-09-03T09:20:10","modified_gmt":"2026-09-03T09:20:10","slug":"fejioo-a-sanchez-dimita-por-incompetente-o-dimita-por-complice-por-que-tiene-miedo-que-sabe-marruecos-de-usted","status":"publish","type":"post","link":"https:\/\/www.europesays.com\/es\/745324\/","title":{"rendered":"Feji\u00f3o, a S\u00e1nchez: \u00abDimita por incompetente o dimita por c\u00f3mplice. \u00bfPor qu\u00e9 tiene miedo? \u00bfQu\u00e9 sabe Marruecos de usted?\u00bb"},"content":{"rendered":"<p class=\"L6-news-detail__text\"><b><a title=\"Alberto N\u00fa\u00f1ez Feij\u00f3o\" href=\"https:\/\/www.lasexta.com\/temas\/alberto_nunez_feijoo-1\" target=\"_blank\" rel=\"nofollow noopener\">Alberto N\u00fa\u00f1ez Feij\u00f3o<\/a><\/b>, l\u00edder <b><a title=\"del PP\" href=\"https:\/\/www.lasexta.com\/temas\/partido_popular_pp-1\" target=\"_blank\" rel=\"nofollow noopener\">del PP<\/a><\/b> y de la oposici\u00f3n, ha vuelto a se\u00f1alar <b><a title=\"a Marruecos\" href=\"https:\/\/www.lasexta.com\/temas\/marruecos-1\" target=\"_blank\" rel=\"nofollow noopener\">a Marruecos<\/a><\/b> por la crisis migratoria del 30 de julio <b><a title=\"en Ceuta\" href=\"https:\/\/www.lasexta.com\/temas\/ceuta-1\" target=\"_blank\" rel=\"nofollow noopener\">en Ceuta<\/a><\/b>. En sus palabras en el <b><a title=\"Congreso de los Diputados\" href=\"https:\/\/www.lasexta.com\/temas\/congreso_de_los_diputados-1\" target=\"_blank\" rel=\"nofollow noopener\">Congreso de los Diputados<\/a><\/b>, adem\u00e1s, ha puesto en el foco <b><a title=\"a Pedro S\u00e1nchez\" href=\"https:\/\/www.lasexta.com\/temas\/pedro_sanchez-1\" target=\"_blank\" rel=\"nofollow noopener\">a Pedro S\u00e1nchez<\/a><\/b> por los \u00abdocumentos qu\u00e9 hab\u00eda en su tel\u00e9fono\u00bb y le cuestiona <b>si tiene \u00abmiedo\u00bb al pa\u00eds africano.<\/b><\/p>\n<p class=\"L6-news-detail__text\"><b>\u00abQu\u00e9 documento hab\u00eda en su tel\u00e9fono.<\/b> \u00bfPor qu\u00e9 tiene miedo a Marruecos? <b>\u00bfQu\u00e9 sabe Marruecos de usted?<\/b> Ning\u00fan miedo personal puede situarse por encima del inter\u00e9s nacional. No puede haber un presidente bajo chantaje y sin control alguno\u00bb, ha expuesto.<\/p>\n<p class=\"L6-news-detail__text\">Y es que Feij\u00f3o ha hablado en el Congreso de una \u00abguerra h\u00edbrida\u00bb en la entrada de los migrantes a Ceuta: \u00abUn presidente libre ha de dar explicaciones y tomar decisiones. No ha hecho nada. Se revela que Rabat pudo desproteger la frontera y usted mismo lo ha dicho, que <b>la gendarmer\u00eda marroqu\u00ed durante diez horas dej\u00f3 entrar a todo quisqui\u00bb.<\/b><\/p>\n<p class=\"L6-news-detail__text\">\u00abLa argumentaci\u00f3n de su comparecencia es demoledora. No nos enteramos de nada y por eso no tenemos responsabilidad o culpa alguna. Si esto es verdad, <b>dimita por incompetente<\/b>; si es falso, <b>dimita por c\u00f3mplice\u00bb<\/b>, ha afirmado.<\/p>\n<p class=\"L6-news-detail__text\">En ese sentido, ha se\u00f1alado que los ceut\u00edes \u00abllevan m\u00e1s de un mes sin normalidad, sin seguridad y sin respuesta\u00bb cuestionando a S\u00e1nchez si sabe \u00abqu\u00e9 es una naci\u00f3n\u00bb: \u00ab80.000 espa\u00f1oles encerrados, descontrol en la frontera, <b>violaciones a ni\u00f1as, contagios<\/b>, ocupaci\u00f3n en domicilios, ataques a militares en su propio pa\u00eds, ruina econ\u00f3mica&#8230; y dice que no se enter\u00f3 de nada\u00bb.<\/p>\n<p class=\"L6-news-detail__text\"><b>\u00abUsted se quer\u00eda ir de vacaciones y se fue<\/b>. Si quiere seguir de vacaciones, convoque elecciones. Un presidente no tiene derecho a ausentarse de sus obligaciones en medio de una crisis de Estado. Lo dijo usted mismo, fue un ataque contra la integridad de la naci\u00f3n y se larg\u00f3 a compartir la banda sonora de su verano. <b>Ner\u00f3n con Tik Tok\u00bb,<\/b> ha dicho.<\/p>\n<p class=\"L6-news-detail__text\">Feij\u00f3o, por su parte, ha hablado de los motivos que motivaron \u00abla invasi\u00f3n\u00bb: \u00abSe produjo porque 80.000 personas procedentes de Marruecos que celebraban el d\u00eda de la <b>fiesta del trono celebrada en Tetu\u00e1n a 25 kil\u00f3metros<\/b> de la frontera se dirigieron all\u00ed y ni si Gobierno ni Marruecos hicieron nada. Ahora trasciende que tambi\u00e9n estaba por escrito en los informes previos al ataque\u00bb.<\/p>\n<p class=\"L6-news-detail__text\">\u00abHay indicios de que Marruecos coordin\u00f3 esto y tambi\u00e9n los hay de que<b> el Gobierno lo sab\u00eda porque fue advertido de ello\u00bb<\/b>, ha expresado Feij\u00f3o.<\/p>\n<p class=\"L6-news-detail__text\"><b><a title=\"*A\u00f1ade laSexta como tu medio de referencia en Google y no te pierdas toda la actualidad y el mejor contenido\" href=\"https:\/\/www.google.com\/preferences\/source?q=lasexta.com\" target=\"_blank\" rel=\"nofollow noopener\">*A\u00f1ade laSexta como tu medio de referencia en Google y no te pierdas toda la actualidad y el mejor contenido<\/a><\/b><\/p>\n<p class=\"L6-support-news-video__title\">Crisis en Ceuta<\/p>\n<p> <a href=\"https:\/\/www.lasexta.com\/noticias\/nacional\/gobierno-publicara-dossier-todos-informes-recibidos-situacion-ceuta-crisis-migratoria_202609036a9925554941316b1e75c888.html\" class=\"L6-news__link\" rel=\"nofollow noopener\" target=\"_blank\">El Gobierno publicar\u00e1 un dossier con todos los informes recibidos sobre la situaci\u00f3n en Ceuta y la crisis migratoria<\/p>\n<p class=\"recirculation-video-desc\">Los detalles El presidente del Gobierno ha asegurado que no tienen \u00abnada que ocultar\u00bb, recalcando que una cosa es detectar que los cruces a nado estaban creciendo y otra \u00abdecir que iban a entrar m\u00e1s de 70.000 personas\u00bb.<\/p>\n<p> <\/a><\/p>\n","protected":false},"excerpt":{"rendered":"Alberto N\u00fa\u00f1ez Feij\u00f3o, l\u00edder del PP y de la oposici\u00f3n, ha vuelto a se\u00f1alar a Marruecos por la&hellip;\n","protected":false},"author":2,"featured_media":745325,"comment_status":"","ping_status":"","sticky":false,"template":"","format":"standard","meta":{"footnotes":""},"categories":[8],"tags":[6069,17,18,4486,14892,2125,25,24,13,14,11,19,20,9,10,15,110362,16,6066,23,12,21,22],"class_list":["post-745324","post","type-post","status-publish","format-standard","has-post-thumbnail","category-espana","tag-alberto-nunez-feijoo","tag-breaking-news","tag-breakingnews","tag-ceuta","tag-congreso-de-los-diputados","tag-directo","tag-es","tag-espana","tag-featured-news","tag-featurednews","tag-headlines","tag-latest-news","tag-latestnews","tag-news","tag-noticias","tag-noticias-destacadas","tag-noticias-ultima-hora","tag-noticiasdestacadas","tag-partido-popular-pp","tag-spain","tag-titulares","tag-ultimas-noticias","tag-ultimasnoticias"],"share_on_mastodon":{"url":"","error":""},"_links":{"self":[{"href":"https:\/\/www.europesays.com\/es\/wp-json\/wp\/v2\/posts\/745324","targetHints":{"allow":["GET"]}}],"collection":[{"href":"https:\/\/www.europesays.com\/es\/wp-json\/wp\/v2\/posts"}],"about":[{"href":"https:\/\/www.europesays.com\/es\/wp-json\/wp\/v2\/types\/post"}],"author":[{"embeddable":true,"href":"https:\/\/www.europesays.com\/es\/wp-json\/wp\/v2\/users\/2"}],"replies":[{"embeddable":true,"href":"https:\/\/www.europesays.com\/es\/wp-json\/wp\/v2\/comments?post=745324"}],"version-history":[{"count":0,"href":"https:\/\/www.europesays.com\/es\/wp-json\/wp\/v2\/posts\/745324\/revisions"}],"wp:featuredmedia":[{"embeddable":true,"href":"https:\/\/www.europesays.com\/es\/wp-json\/wp\/v2\/media\/745325"}],"wp:attachment":[{"href":"https:\/\/www.europesays.com\/es\/wp-json\/wp\/v2\/media?parent=745324"}],"wp:term":[{"taxonomy":"category","embeddable":true,"href":"https:\/\/www.europesays.com\/es\/wp-json\/wp\/v2\/categories?post=745324"},{"taxonomy":"post_tag","embeddable":true,"href":"https:\/\/www.europesays.com\/es\/wp-json\/wp\/v2\/tags?post=745324"}],"curies":[{"name":"wp","href":"https:\/\/api.w.org\/{rel}","templated":true}]}}