{"id":745328,"date":"2026-09-03T09:29:14","date_gmt":"2026-09-03T09:29:14","guid":{"rendered":"https:\/\/www.europesays.com\/es\/745328\/"},"modified":"2026-09-03T09:29:14","modified_gmt":"2026-09-03T09:29:14","slug":"kosner-baskonia-y-khalifa-diop-finalizan-su-vinculacion-2","status":"publish","type":"post","link":"https:\/\/www.europesays.com\/es\/745328\/","title":{"rendered":"Kosner Baskonia y Khalifa Diop finalizan su vinculaci\u00f3n"},"content":{"rendered":"<p class=\"ContentTypeText-module-scss-module__t80MYq__content__paragraph\">En los tres cursos que <strong>Khalifa Diop<\/strong> ha estado en Vitoria-Gasteiz ha vestido la el\u00e1stica baskonista en 138 ocasiones entre EuroLeague y Liga Endesa, formando parte de la plantilla que conquist\u00f3 el t\u00edtulo de Copa del Rey 2026.<\/p>\n<p class=\"ContentTypeText-module-scss-module__t80MYq__content__paragraph\">Kosner Baskonia agradece a Khalifa Diop su compromiso y profesionalidad durante las tres temporadas que ha pertenecido a la entidad gasteiztarra y le desea la mayor de las suertes en su futuro en Estados Unidos.<\/p>\n","protected":false},"excerpt":{"rendered":"En los tres cursos que Khalifa Diop ha estado en Vitoria-Gasteiz ha vestido la el\u00e1stica baskonista en 138&hellip;\n","protected":false},"author":2,"featured_media":745329,"comment_status":"","ping_status":"","sticky":false,"template":"","format":"standard","meta":{"footnotes":""},"categories":[269],"tags":[299,298,168,25,24,23,167],"class_list":["post-745328","post","type-post","status-publish","format-standard","has-post-thumbnail","category-baloncesto","tag-baloncesto","tag-basketball","tag-deportes","tag-es","tag-espana","tag-spain","tag-sports"],"share_on_mastodon":{"url":"https:\/\/pubeurope.com\/@es\/117206408794956161","error":""},"_links":{"self":[{"href":"https:\/\/www.europesays.com\/es\/wp-json\/wp\/v2\/posts\/745328","targetHints":{"allow":["GET"]}}],"collection":[{"href":"https:\/\/www.europesays.com\/es\/wp-json\/wp\/v2\/posts"}],"about":[{"href":"https:\/\/www.europesays.com\/es\/wp-json\/wp\/v2\/types\/post"}],"author":[{"embeddable":true,"href":"https:\/\/www.europesays.com\/es\/wp-json\/wp\/v2\/users\/2"}],"replies":[{"embeddable":true,"href":"https:\/\/www.europesays.com\/es\/wp-json\/wp\/v2\/comments?post=745328"}],"version-history":[{"count":0,"href":"https:\/\/www.europesays.com\/es\/wp-json\/wp\/v2\/posts\/745328\/revisions"}],"wp:featuredmedia":[{"embeddable":true,"href":"https:\/\/www.europesays.com\/es\/wp-json\/wp\/v2\/media\/745329"}],"wp:attachment":[{"href":"https:\/\/www.europesays.com\/es\/wp-json\/wp\/v2\/media?parent=745328"}],"wp:term":[{"taxonomy":"category","embeddable":true,"href":"https:\/\/www.europesays.com\/es\/wp-json\/wp\/v2\/categories?post=745328"},{"taxonomy":"post_tag","embeddable":true,"href":"https:\/\/www.europesays.com\/es\/wp-json\/wp\/v2\/tags?post=745328"}],"curies":[{"name":"wp","href":"https:\/\/api.w.org\/{rel}","templated":true}]}}