{"id":74533,"date":"2025-08-26T23:44:09","date_gmt":"2025-08-26T23:44:09","guid":{"rendered":"https:\/\/www.europesays.com\/es\/74533\/"},"modified":"2025-08-26T23:44:09","modified_gmt":"2025-08-26T23:44:09","slug":"alejandro-caraballo-conquista-el-bronce-en-el-golf-de-asuncion-2025-el-vocero-de-puerto-rico","status":"publish","type":"post","link":"https:\/\/www.europesays.com\/es\/74533\/","title":{"rendered":"Alejandro Caraballo conquista el bronce en el golf de Asunci\u00f3n 2025 &#8211; El Vocero de Puerto Rico"},"content":{"rendered":"<ol>\n<li><a href=\"https:\/\/news.google.com\/rss\/articles\/CBMi5gFBVV95cUxQVXJsN0NFNjFoaW5sWWI5aW5JQ2Q4RW5LeFpjTHFGU1JLbFpMNlNoWm02TkVMaTVfV2daNnp0eTNfcTZOcEhRYTBSOUtRUGsyVFJFV0syQ3VGaWFNM1RMYWx0WGV2VFNQdW1GakNRcUZnS0h2aGlFeHZxZHMxeWk3a2Rhc19jT3FVNVEzOTgtVjRGUnNRSWx6U2Z4em5NVUc2Rnl3cFZSQmZvRFB0dFpSVURYdzRjbUJRQUhta2ZqRmc4dzhELUFCdG9raENwNlZEZkRMTGZ3MEVqZTBfUnJvTE5fWldEQdIB6wFBVV95cUxQcExpYmhyYjcxQnYyNUZadnVWRkpLalZpbFZWTWZFeXFsOVlLUXFMekZSbGx0N2dXSUhRZF9KZVB3Tjl2YXVmUlZBeEVoTXJRM1piVXAxZ3lsSlUtcjhnYzBLR1VjeUtyWnVpb2VSaGlwQlBIS2hpY3BGQm81YlB4TF9ORGNqZUxHN3VBRUt5N0l0NEtQRFBkMDZxOEI1ZTdVRVNjU0thcy1EU2hMSngtVV9zd2VxTWtXX2lDSDN0UWpydE9KYmhNWnVWcUwxR1dxaEFiLVJCZVh0SHJyd0ItdTBucVduUy1HTG1r?oc=5\" target=\"_blank\" rel=\"nofollow noopener\">Alejandro Caraballo conquista el bronce en el golf de Asunci\u00f3n 2025<\/a>&nbsp;&nbsp;El Vocero de Puerto Rico<\/li>\n<li><a href=\"https:\/\/news.google.com\/rss\/articles\/CBMi7AFBVV95cUxPOE5IUjhmR24wYTJzcGdseVlWazlsTThhNHFUcVlqNkRsbFAzdmpCWi1zSEpxNlY5eDZaazVpSlExWG1QYS1hX1VobEJrYUZUMFlBRWZGTEowVmNaTTFPLWtOOHJUa1NlS0o1NmdTVnV1ZDNpbGVjbkJ5cldOTHkydFZlbU56WWZKdVh3NGZVRkxvb2pyOE9Hel94YlpoNEhwbUo1Qkc4TDVWeTQ1YlI4RXhCZm9nNGp1c1B2MlVjX19RR2E1TTE1NTU3Y2N6WlNBaGhCQ0JPcDg5cmhaUE5DZUh0ekd0QmV4QS1xRg?oc=5\" target=\"_blank\" rel=\"nofollow noopener\">\u00bfQui\u00e9n es Edmarie Le\u00f3n, la figura m\u00e1s destacada de la delegaci\u00f3n boricua en los Panamericanos Junior?<\/a>&nbsp;&nbsp;El Nuevo D\u00eda<\/li>\n<li><a href=\"https:\/\/news.google.com\/rss\/articles\/CBMixgFBVV95cUxPVklOZjBUNFJmamlpMFZRblJxLU43MWJET1B1SEdEa1l4blF6ZHVwdy1FMF8wdHZqUTJYa0phSUJkZWl0NFNaVXJwT21iVG9ERjMxajhsSkt3WkFoR0VGRktQaUlFNWFUX0kyWkNlcUZvdkhVcVV4WWp6RjhWbFBwZC1qVzFNUHljU2NmLU9hNkxNVml4bUdlc1lrdUJGQmNoV2VzQkNSVDhNcEplVHozS05TR1R1RlJtcVdlSTc2TXRuM3hIRUE?oc=5\" target=\"_blank\" rel=\"nofollow noopener\">El saldo: Puerto Rico supera las expectativas en Asunci\u00f3n 2025 con 27 medallas<\/a>&nbsp;&nbsp;Primera Hora<\/li>\n<li><a href=\"https:\/\/news.google.com\/rss\/articles\/CBMic0FVX3lxTE9jQ1c0UWV3Z3l3eVlXQmRSamExZ0UybHRLUGtGWDl3UGpkbzlyS1dyUHlfRlp5Nm90MHNRZjBXZ1FFTE1yX3MtWmZjVEVPc0xLeU82OGppcUMzVE1VZkdwazhIQ0tvU0tQUXMybUVjMk5sdnc?oc=5\" target=\"_blank\" rel=\"nofollow noopener\">R\u00edos y Tovar cerraron con la de bronce<\/a>&nbsp;&nbsp;Ministerio del Poder Popular para el Deporte<\/li>\n<li><a href=\"https:\/\/news.google.com\/rss\/articles\/CBMingFBVV95cUxOSHQ0WlNuUGJycXByVm80bHVDNGRnRUtseUJkZ1oySVo3TkdIdVA1bmhxNHBZNjRkTEZHLXR6NHB0SmxHN1Atb2JiTnhBSEV2MG1zaW1oX0JkSFB4QW1SbFBaQkJqakNOU3VyaVcyaVRKMWMxMVAxNEV1MHpTZEUxQ0ZKOWpTR2RTN3RlY0xHT2Fzcl9xV3RBdFBMb3V4dw?oc=5\" target=\"_blank\" rel=\"nofollow noopener\">Asunci\u00f3n 2025: Brasil domina los dobles del tenis de mesa<\/a>&nbsp;&nbsp;Prensa Latina<\/li>\n<\/ol>\n","protected":false},"excerpt":{"rendered":"Alejandro Caraballo conquista el bronce en el golf de Asunci\u00f3n 2025&nbsp;&nbsp;El Vocero de Puerto Rico \u00bfQui\u00e9n es Edmarie&hellip;\n","protected":false},"author":2,"featured_media":74534,"comment_status":"","ping_status":"","sticky":false,"template":"","format":"standard","meta":{"footnotes":""},"categories":[275],"tags":[29096,29097,168,25,24,329,29098,2247,23,167],"class_list":{"0":"post-74533","1":"post","2":"type-post","3":"status-publish","4":"format-standard","5":"has-post-thumbnail","7":"category-golf","8":"tag-alejandro-caraballo","9":"tag-asuncin-2025","10":"tag-deportes","11":"tag-es","12":"tag-espana","13":"tag-golf","14":"tag-juegos-panamericanos-juniors","15":"tag-puerto-rico","16":"tag-spain","17":"tag-sports"},"share_on_mastodon":{"url":"","error":""},"_links":{"self":[{"href":"https:\/\/www.europesays.com\/es\/wp-json\/wp\/v2\/posts\/74533","targetHints":{"allow":["GET"]}}],"collection":[{"href":"https:\/\/www.europesays.com\/es\/wp-json\/wp\/v2\/posts"}],"about":[{"href":"https:\/\/www.europesays.com\/es\/wp-json\/wp\/v2\/types\/post"}],"author":[{"embeddable":true,"href":"https:\/\/www.europesays.com\/es\/wp-json\/wp\/v2\/users\/2"}],"replies":[{"embeddable":true,"href":"https:\/\/www.europesays.com\/es\/wp-json\/wp\/v2\/comments?post=74533"}],"version-history":[{"count":0,"href":"https:\/\/www.europesays.com\/es\/wp-json\/wp\/v2\/posts\/74533\/revisions"}],"wp:featuredmedia":[{"embeddable":true,"href":"https:\/\/www.europesays.com\/es\/wp-json\/wp\/v2\/media\/74534"}],"wp:attachment":[{"href":"https:\/\/www.europesays.com\/es\/wp-json\/wp\/v2\/media?parent=74533"}],"wp:term":[{"taxonomy":"category","embeddable":true,"href":"https:\/\/www.europesays.com\/es\/wp-json\/wp\/v2\/categories?post=74533"},{"taxonomy":"post_tag","embeddable":true,"href":"https:\/\/www.europesays.com\/es\/wp-json\/wp\/v2\/tags?post=74533"}],"curies":[{"name":"wp","href":"https:\/\/api.w.org\/{rel}","templated":true}]}}