{"id":745344,"date":"2026-09-03T09:42:16","date_gmt":"2026-09-03T09:42:16","guid":{"rendered":"https:\/\/www.europesays.com\/es\/745344\/"},"modified":"2026-09-03T09:42:16","modified_gmt":"2026-09-03T09:42:16","slug":"el-nino-pone-en-alerta-a-la-mayor-autoridad-mundial-en-clima-sus-efectos-seran-mas-fuertes-y-se-notaran-hasta-febrero-de-2027","status":"publish","type":"post","link":"https:\/\/www.europesays.com\/es\/745344\/","title":{"rendered":"El Ni\u00f1o pone en alerta a la mayor autoridad mundial en clima: sus efectos ser\u00e1n m\u00e1s fuertes y se notar\u00e1n hasta febrero de 2027"},"content":{"rendered":"<p class=\"L6-news-detail__text\"><b>El Ni\u00f1o <\/b>se va a intensificar <b>hasta febrero de 2027<\/b>. As\u00ed ha alertado de ello la<b> Organizaci\u00f3n Meteorol\u00f3gica Mundial<\/b>, la mayor autoridad cient\u00edfica en cuestiones de clima, que ha confirmado que este fen\u00f3meno meteorol\u00f3gico va a intensificarse conforme avancen los d\u00edas y meses, <b>alternando pautas de lluvias y temperaturas <\/b>en todo el mundo, hasta entrado el pr\u00f3ximo a\u00f1o.<\/p>\n<p class=\"L6-news-detail__text\">\u00abEl episodio de El Ni\u00f1o se ha consolidad. En los pr\u00f3ximos meses se va a intensificar hasta convertirse en <b>un evento de intensidad muy fuerte\u00bb<\/b>, exponen los expertos en sus pron\u00f3sticos, al igual que los organismos m\u00e1s avanzados de todo el mundo que estudian este fen\u00f3meno, que suele aparecer entre cada dos y siete a\u00f1os.<\/p>\n<p class=\"L6-news-detail__text\">Los cambios en la temperatura y patrones de lluvia van a<b> aumentar los riesgos de inundaciones, sequ\u00edas y calor extremo<\/b>. As\u00ed lo ha reconocido desde <b>Ginebra<\/b> la argentina Celeste Saulo, secretaria general de la OMM.<\/p>\n<p class=\"L6-news-detail__text\">La fuerza que tomar\u00e1 El Ni\u00f1o se originar\u00e1 en parte en las temperaturas excepcionalmente altas en el Pac\u00edfico tropical, que ba\u00f1a las costas de <b><a title=\"Ecuador\" href=\"https:\/\/www.lasexta.com\/temas\/ecuador-1\" target=\"_blank\" rel=\"nofollow noopener\">Ecuador<\/a><\/b>, <b><a title=\"Colombia\" href=\"https:\/\/www.lasexta.com\/temas\/colombia-1\" target=\"_blank\" rel=\"nofollow noopener\">Colombia<\/a><\/b> y <b><a title=\"Per\u00fa\" href=\"https:\/\/www.lasexta.com\/temas\/peru-1\" target=\"_blank\" rel=\"nofollow noopener\">Per\u00fa<\/a><\/b>, y se prev\u00e9 que alcance<b> su \u00abapogeo\u00bb a finales de 2026<\/b> con efectos persistentes hasta bien entrado 2027.<\/p>\n<p>Impacto grave en la agricultura<\/p>\n<p class=\"L6-news-detail__text\">El Ni\u00f1o est\u00e1 causando inquietud en distintas partes del mundo, que suelen sentir de forma m\u00e1s fuerte su impacto y hasta padecer diversos tipos de desastres naturales. En Centroam\u00e9rica, por ejemplo, la alteraci\u00f3n de las lluvias ha provocado una<b> fuerte sequ\u00eda de escasez y de agua<\/b>, algo catastr\u00f3fico para los cultivos de ma\u00edz.<\/p>\n<p class=\"L6-news-detail__text\">En India, las lluvias del monz\u00f3n han estado por debajo de lo normal en agosto y se espera que las condiciones<b> se mantengan hasta septiembre<\/b>, algo que tambi\u00e9n tendr\u00e1 efectos perjudiciales en la agricultura.<\/p>\n<p class=\"L6-news-detail__text\">Porque El Ni\u00f1o golpea a todo el mundo. En <b><a title=\"\u00c1frica\" href=\"https:\/\/www.lasexta.com\/temas\/africa-1\" target=\"_blank\" rel=\"nofollow noopener\">\u00c1frica<\/a><\/b>, en el sudeste asi\u00e1tico y en <b><a title=\"Australia\" href=\"https:\/\/www.lasexta.com\/temas\/australia-1\" target=\"_blank\" rel=\"nofollow noopener\">Australia<\/a><\/b>, debido a este fen\u00f3meno, se experimentan <b>lluvias torrenciales, inundaciones y deslizamientos de tierra. <\/b><\/p>\n<p class=\"L6-news-detail__text\">Desde el punto de vista social, el impacto m\u00e1s grave es la<b> disminuci\u00f3n de la producci\u00f3n agr\u00edcola<\/b>, por lo que las comunidades pierden acceso a los alimentos y en el resto del mundo los precios aumentan.<\/p>\n<p class=\"L6-news-detail__text\">\u00abEste episodio excepcional de El Ni\u00f1o <b>exige medidas de preparaci\u00f3n<\/b> y respuesta excepcionales\u00bb, ha expuesto Saulo, destacando la movilizaci\u00f3n sin precedentes de los servicios meteorol\u00f3gicos e hidrol\u00f3gicos de todos los pa\u00edses.<\/p>\n<p>Preocupa la temperatura del mar<\/p>\n<p class=\"L6-news-detail__text\">La OMM, en ese sentido, ha se\u00f1alado que es ahora cuando los gobiernos y otras instancias han de valorar esta informaci\u00f3n y definir lo que tienen que hacer. Algo que alarma a los cient\u00edficos es <b>el aumento excesivo de las temperaturas del mar<\/b>, ya no solo en al superficie sino incluso debajo de la misma.<\/p>\n<p class=\"L6-news-detail__text\">En la superficie, por ejemplo, se han registrado aumentos de hasta 2,6 grados con valores que no han dejado de subir en las \u00faltimas semanas. Bajo la misma, <b>\u00abel calor acumulado alcanza una magnitud a\u00fan m\u00e1s excepcional\u00bb<\/b>, habiendo lugares donde las temperaturas han superado la media en m\u00e1s de ocho grados.<\/p>\n<p class=\"L6-news-detail__text\"><b><a title=\"*A\u00f1ade laSexta como tu medio de referencia en Google y no te pierdas toda la actualidad y el mejor contenido\" href=\"https:\/\/www.google.com\/preferences\/source?q=lasexta.com\" target=\"_blank\" rel=\"nofollow noopener\">*A\u00f1ade laSexta como tu medio de referencia en Google y no te pierdas toda la actualidad y el mejor contenido<\/a><\/b><\/p>\n<p class=\"L6-support-news-video__title\">Ceuta, al l\u00edmite<\/p>\n<p> <a href=\"https:\/\/www.lasexta.com\/noticias\/nacional\/razones-que-espana-salido-calle-gobierno-defensa-ceuta_202609026a9898694941316b1e7564ad.html\" class=\"L6-news__link\" rel=\"nofollow noopener\" target=\"_blank\">Las razones por las que Espa\u00f1a ha salido a la calle en contra del Gobierno y en defensa de Ceuta<\/p>\n<p class=\"recirculation-video-desc\">Los detalles Los ceut\u00edes piden volver a la normalidad tras m\u00e1s de un mes al l\u00edmite por la llegada masiva de migrantes.<\/p>\n<p> <\/a><\/p>\n","protected":false},"excerpt":{"rendered":"El Ni\u00f1o se va a intensificar hasta febrero de 2027. As\u00ed ha alertado de ello la Organizaci\u00f3n Meteorol\u00f3gica&hellip;\n","protected":false},"author":2,"featured_media":745345,"comment_status":"","ping_status":"","sticky":false,"template":"","format":"standard","meta":{"footnotes":""},"categories":[42],"tags":[17,18,2125,13193,13,14,11,61,62,63,64,19,20,9,10,15,110362,16,12,21,22,65,66,67],"class_list":["post-745344","post","type-post","status-publish","format-standard","has-post-thumbnail","category-internacional","tag-breaking-news","tag-breakingnews","tag-directo","tag-el-tiempo","tag-featured-news","tag-featurednews","tag-headlines","tag-internacional","tag-international","tag-international-news","tag-internationalnews","tag-latest-news","tag-latestnews","tag-news","tag-noticias","tag-noticias-destacadas","tag-noticias-ultima-hora","tag-noticiasdestacadas","tag-titulares","tag-ultimas-noticias","tag-ultimasnoticias","tag-world","tag-world-news","tag-worldnews"],"share_on_mastodon":{"url":"https:\/\/pubeurope.com\/@es\/117206460033475625","error":""},"_links":{"self":[{"href":"https:\/\/www.europesays.com\/es\/wp-json\/wp\/v2\/posts\/745344","targetHints":{"allow":["GET"]}}],"collection":[{"href":"https:\/\/www.europesays.com\/es\/wp-json\/wp\/v2\/posts"}],"about":[{"href":"https:\/\/www.europesays.com\/es\/wp-json\/wp\/v2\/types\/post"}],"author":[{"embeddable":true,"href":"https:\/\/www.europesays.com\/es\/wp-json\/wp\/v2\/users\/2"}],"replies":[{"embeddable":true,"href":"https:\/\/www.europesays.com\/es\/wp-json\/wp\/v2\/comments?post=745344"}],"version-history":[{"count":0,"href":"https:\/\/www.europesays.com\/es\/wp-json\/wp\/v2\/posts\/745344\/revisions"}],"wp:featuredmedia":[{"embeddable":true,"href":"https:\/\/www.europesays.com\/es\/wp-json\/wp\/v2\/media\/745345"}],"wp:attachment":[{"href":"https:\/\/www.europesays.com\/es\/wp-json\/wp\/v2\/media?parent=745344"}],"wp:term":[{"taxonomy":"category","embeddable":true,"href":"https:\/\/www.europesays.com\/es\/wp-json\/wp\/v2\/categories?post=745344"},{"taxonomy":"post_tag","embeddable":true,"href":"https:\/\/www.europesays.com\/es\/wp-json\/wp\/v2\/tags?post=745344"}],"curies":[{"name":"wp","href":"https:\/\/api.w.org\/{rel}","templated":true}]}}