{"id":745354,"date":"2026-09-03T09:53:14","date_gmt":"2026-09-03T09:53:14","guid":{"rendered":"https:\/\/www.europesays.com\/es\/745354\/"},"modified":"2026-09-03T09:53:14","modified_gmt":"2026-09-03T09:53:14","slug":"el-gran-contrato-que-rechazo-livakovic-para-fichar-por-el-barca","status":"publish","type":"post","link":"https:\/\/www.europesays.com\/es\/745354\/","title":{"rendered":"El gran contrato que rechaz\u00f3 Livakovic para fichar por el Bar\u00e7a"},"content":{"rendered":"<p class=\"ft-text\"><strong>Dominik Livakovic ya tiene su futuro resuelto en el FC Barcelona<\/strong>. <a class=\"ft-link ft-link--decoration\" href=\"https:\/\/www.sport.es\/es\/noticias\/barca\/oficial-ficha-livakovic-dominik-barca-barcelona-133640048\" rel=\"nofollow noopener\" target=\"_blank\">El portero croata lleg\u00f3 hace unos d\u00edas al Bar\u00e7a procedente del Fenerbah\u00e7e<\/a> por <strong>2 millones de euros m\u00e1s 0,5 en variables<\/strong> y, despu\u00e9s de varios d\u00edas de incertidumbre por las dificultades del club con el &#8216;fair play&#8217; financiero de LaLiga, finalmente <strong>ha sido inscrito y podr\u00e1 estar a disposici\u00f3n de Hansi Flick<\/strong>.<\/p>\n<p class=\"ft-text\">Durante las \u00faltimas semanas se lleg\u00f3 a valorar seriamente la posibilidad de que Livakovic saliera cedido, con el Dinamo de Zagreb como principal candidato, si el Bar\u00e7a no consegu\u00eda completar su inscripci\u00f3n. El escenario habr\u00eda supuesto que el guardameta regresara a Barcelona en 2027. Sin embargo, <strong>el club blaugrana ha logrado solucionar la situaci\u00f3n y el croata se queda definitivamente en la plantilla<\/strong>.<\/p>\n<p class=\"ft-text\">Precisamente fue el Dinamo de Zagreb, <strong>el club en el que Livakovic se form\u00f3 y en el que se convirti\u00f3 en uno de los grandes porteros del f\u00fatbol croata<\/strong>, quien trat\u00f3 de recuperarle antes de que se decidiera por el Bar\u00e7a. Seg\u00fan el diario croata Jutarnji list, el conjunto de Zagreb puso sobre la mesa del guardameta un contrato de seis a\u00f1os para intentar convencerle de que regresara definitivamente.<\/p>\n<p>Una oferta de seis a\u00f1os<\/p>\n<p class=\"ft-text\">La propuesta del Dinamo no era una simple alternativa para solucionar la situaci\u00f3n de Livakovic. El club estaba dispuesto a ofrecerle <strong>un contrato de seis temporadas<\/strong>, convirti\u00e9ndole en una pieza fundamental de su proyecto a largo plazo.<\/p>\n<p class=\"ft-text\"><strong>Livakovic defendi\u00f3 la porter\u00eda del Dinamo entre 2015 y 2023 <\/strong>y volvi\u00f3 al club cedido la pasada temporada durante la segunda vuelta del curso. La entidad croata quer\u00eda recuperarle definitivamente y convertirle de nuevo en uno de los grandes referentes de su plantilla.<\/p>\n<p class=\"ft-text\">El medio croata asegura adem\u00e1s que las condiciones econ\u00f3micas de la propuesta situaban a Livakovic <strong>en un nivel salarial similar al de Josip Misic<\/strong>, uno de los jugadores mejor pagados del Dinamo. Se trataba, por tanto, de una oferta importante tanto por duraci\u00f3n como por condiciones econ\u00f3micas.<\/p>\n<p class=\"ft-text\">Livakovic, sin embargo, <strong>rechaz\u00f3 la propuesta de su exequipo y prioriz\u00f3 la posibilidad de jugar en el FC Barcelona<\/strong>. El guardameta apost\u00f3 por la oportunidad de competir en el conjunto azulgrana pese a que durante varios d\u00edas su inscripci\u00f3n no estaba garantizada.<\/p>\n<p>Ya puede competir por la porter\u00eda<\/p>\n<p class=\"ft-text\">Ahora, ese problema ya forma parte del pasado. <strong>Livakovic ha sido inscrito por el Bar\u00e7a y ya est\u00e1 disponible para Flick<\/strong>, por lo que podr\u00e1 entrar en las convocatorias del t\u00e9cnico alem\u00e1n y competir por un puesto bajo palos.<\/p>\n<p class=\"ft-text\">El croata se encuentra integrado en la din\u00e1mica del primer equipo y tendr\u00e1 que pelear por minutos con <strong>Joan Garcia y Wojciech Szczesny<\/strong>. El guardameta catal\u00e1n parte como primera opci\u00f3n para Flick, mientras que Livakovic deber\u00e1 competir con el polaco por convertirse en la segunda alternativa.<\/p>\n<p class=\"ft-text\">Despu\u00e9s de rechazar un contrato de seis a\u00f1os del Dinamo de Zagreb, Livakovic <strong>ha conseguido finalmente cumplir su objetivo de quedarse en el Bar\u00e7a<\/strong>. La incertidumbre sobre su inscripci\u00f3n ya ha terminado y el internacional croata afronta ahora el verdadero reto: ganarse un sitio en la porter\u00eda blaugrana.<\/p>\n","protected":false},"excerpt":{"rendered":"Dominik Livakovic ya tiene su futuro resuelto en el FC Barcelona. El portero croata lleg\u00f3 hace unos d\u00edas&hellip;\n","protected":false},"author":2,"featured_media":745355,"comment_status":"","ping_status":"","sticky":false,"template":"","format":"standard","meta":{"footnotes":""},"categories":[268],"tags":[2296,106,168,25,24,1035,280,282,3956,50871,3635,281,23,167],"class_list":["post-745354","post","type-post","status-publish","format-standard","has-post-thumbnail","category-futbol","tag-barca","tag-contrato","tag-deportes","tag-es","tag-espana","tag-fichar","tag-football","tag-futbol","tag-gran","tag-livakovic","tag-rechazo","tag-soccer","tag-spain","tag-sports"],"share_on_mastodon":{"url":"https:\/\/pubeurope.com\/@es\/117206503040397399","error":""},"_links":{"self":[{"href":"https:\/\/www.europesays.com\/es\/wp-json\/wp\/v2\/posts\/745354","targetHints":{"allow":["GET"]}}],"collection":[{"href":"https:\/\/www.europesays.com\/es\/wp-json\/wp\/v2\/posts"}],"about":[{"href":"https:\/\/www.europesays.com\/es\/wp-json\/wp\/v2\/types\/post"}],"author":[{"embeddable":true,"href":"https:\/\/www.europesays.com\/es\/wp-json\/wp\/v2\/users\/2"}],"replies":[{"embeddable":true,"href":"https:\/\/www.europesays.com\/es\/wp-json\/wp\/v2\/comments?post=745354"}],"version-history":[{"count":0,"href":"https:\/\/www.europesays.com\/es\/wp-json\/wp\/v2\/posts\/745354\/revisions"}],"wp:featuredmedia":[{"embeddable":true,"href":"https:\/\/www.europesays.com\/es\/wp-json\/wp\/v2\/media\/745355"}],"wp:attachment":[{"href":"https:\/\/www.europesays.com\/es\/wp-json\/wp\/v2\/media?parent=745354"}],"wp:term":[{"taxonomy":"category","embeddable":true,"href":"https:\/\/www.europesays.com\/es\/wp-json\/wp\/v2\/categories?post=745354"},{"taxonomy":"post_tag","embeddable":true,"href":"https:\/\/www.europesays.com\/es\/wp-json\/wp\/v2\/tags?post=745354"}],"curies":[{"name":"wp","href":"https:\/\/api.w.org\/{rel}","templated":true}]}}