{"id":745364,"date":"2026-09-03T10:03:19","date_gmt":"2026-09-03T10:03:19","guid":{"rendered":"https:\/\/www.europesays.com\/es\/745364\/"},"modified":"2026-09-03T10:03:19","modified_gmt":"2026-09-03T10:03:19","slug":"que-empieza-despues-de-un-eclipse","status":"publish","type":"post","link":"https:\/\/www.europesays.com\/es\/745364\/","title":{"rendered":"\u00bfQu\u00e9 empieza despu\u00e9s de un eclipse?"},"content":{"rendered":"<p class=\"description\"><b>Ampliamos nuestra mejor oferta:<\/b> consigue acceso ilimitado a National Geographic por solo <b>0,75\u20ac\/mes + REGALO<\/b>. \u00a1No te quedes sin!<\/p>\n<p class=\"description\">Disfruta de las <b>ediciones especiales<\/b> de National Geographic con un <b>descuento especial exclusivo para suscriptores<\/b>.<\/p>\n<p>D\u00edas antes del eclipse solar total de agosto, Ragnhildur Sigur\u00f0ard\u00f3ttir, directora del parque nacional Sn\u00e6fellsj\u00f6kull, en el oeste de Islandia, se acerc\u00f3 en solitario al pie del glaciar hom\u00f3nimo y le susurr\u00f3 una petici\u00f3n: que el clima acompa\u00f1ara. Ubicado en la pen\u00ednsula de Sn\u00e6fellsnes, el entorno de Sn\u00e6fellsj\u00f6kull supon\u00eda uno de los puntos m\u00e1s favorables para la observaci\u00f3n del eclipse en el pa\u00eds, mientras el antiguo pueblo pesquero de Hellissandur se convert\u00eda en el epicentro de la celebraci\u00f3n.<\/p>\n<p>Durante dos a\u00f1os, este municipio costero se ha preparado para recibir <a href=\"https:\/\/icelandeclipse.com\/\" rel=\"nofollow noopener\" target=\"_blank\">Iceland Eclipse<\/a>\u200b\u200b\u200b\u200b, un evento que ha combinado arte, ciencia y tradici\u00f3n ancestral, convocando a <strong>representantes de 75 pa\u00edses<\/strong>. Como parte del operativo, los agentes log\u00edsticos locales acordaron obtener el consentimiento de B\u00e1r\u00f0ur, un personaje mitad humano y mitad trol que, seg\u00fan <strong>la tradici\u00f3n folcl\u00f3rica islandesa<\/strong>, es guardi\u00e1n del glaciar.<\/p>\n<p><img loading=\"lazy\" decoding=\"async\"   src=\"https:\/\/www.europesays.com\/es\/wp-content\/uploads\/2026\/09\/los-entornos-del-glaciar-snaefellsjokull-reciben-a-representantes-de-75-paises-con-motivo-del-eclips.webp\" alt=\"Los entornos del glaciar Sn\u00e6fellsj\u00f6kull reciben a representantes de 75 pa\u00edses con motivo del eclipse solar total de agosto\" class=\"lazyload\" width=\"800\" height=\"450\" data-aspectratio=\"800\/450\"\/>&#13;Imagen cedida por Jake Rosenberg<\/p>\n<p>Los entornos del glaciar Sn\u00e6fellsj\u00f6kull reciben a representantes de 75 pa\u00edses con motivo del eclipse solar total de agosto<\/p>\n<p>\u201cAs\u00ed es como lo hemos hecho a lo largo de nuestra historia. Cuando necesitas ayuda, la pides y normalmente las cosas salen bien\u201d, explica Ragnhildur, quien asegura divis\u00f3 la majestuosa cumbre de Sn\u00e6fellsj\u00f6kull para explicarle a B\u00e1r\u00f0ur la importancia que <strong>este evento ten\u00eda para su comunidad<\/strong>. Cuando habla aprieta la comisura de los ojos, extendiendo su sonrisa a una tierra natal atravesada por una belleza inh\u00f3spita y una tradici\u00f3n oral a\u00fan vigente. \u201cLos pescadores sol\u00edan encomendarse a este <strong>ser folcl\u00f3rico cuando estaban en peligro<\/strong> y, en la actualidad, muchos granjeros siguen recurriendo a \u00e9l para pedirle lluvia cuando el agua escasea\u201d, sigue.<\/p>\n<p>M\u00e1s que creer en \u00e9l, <strong>Ragnhildur asegura confiar en las leyes de la naturaleza<\/strong> y en un glaciar que es una br\u00fajula para la mayor\u00eda de quienes viven en sus faldas. \u201cLo primero que hacemos cada ma\u00f1ana al levantarnos es saludarlo\u201d, afirma.<\/p>\n<p>&#13;<img loading=\"lazy\" decoding=\"async\"   src=\"https:\/\/www.europesays.com\/es\/wp-content\/uploads\/2026\/09\/1788429793_724_vecinos-y-equipos-de-rescate-registran-los-escombros-de-un-edificio-derrumbado-tras-el-terremoto-que.webp\" alt=\"Vecinos y equipos de rescate registran los escombros de un edificio derrumbado tras el terremoto que sacudi\u00f3 Cali (Colombia) el lunes 10 de agosto de 2026.\" class=\"image lazyload\" width=\"800\" height=\"800\" data-aspectratio=\"800\/800\"\/><\/p>\n<p><strong>Como cient\u00edfica ambiental<\/strong>, su labor ha sido determinante para que la UNESCO haya designado Sn\u00e6fellsnes como la primera <strong>Reserva de la Biosfera <\/strong>en Islandia en el marco del Programa sobre el Hombre y la Biosfera (MAB). \u201cMi sue\u00f1o es que despu\u00e9s de este eclipse nuestros visitantes y nuestros habitantes entiendan lo importante que es tener un parque nacional\u201d, explica Ragnhildur, quien desde su posici\u00f3n ha trabajado en conjunto con la municipalidad, la polic\u00eda y los servicios viales y de emergencias para acondicionar la pen\u00ednsula ante la llegada masiva de visitantes.<\/p>\n<p>K\u00e1ri Vi\u00f0arsson, quien <strong>ha estado implicado en los preparativos del evento<\/strong>, describe a Ragnhildur como \u201cuna fuerza de la naturaleza\u201d. Atra\u00eddo por el glaciar, ha regresado a su localidad de origen, desde donde siente puede generar m\u00e1s impacto a su comunidad. All\u00ed ha fundado <a href=\"https:\/\/www.thefreezerhostel.com\/about\/\" rel=\"nofollow noopener\" target=\"_blank\">The Freezer<\/a>, una antigua f\u00e1brica pesquera reciclada en un hub de arte y cultura, donde alberga residencias art\u00edsticas. Una de ellas <strong>ha tenido lugar con motivo del eclipse<\/strong>, congregando a creadores internacionales, astronautas y cient\u00edficos.<\/p>\n<p>\u201cLos habitantes de <strong>Sn\u00e6fellsnes <\/strong>somos grandes guardianes de historias ancestrales y este eclipse es una gran historia para nuestra pen\u00ednsula\u201d, opina K\u00e1ri, mientras reflexiona sobre la impronta que el acontecimiento dejar\u00e1 en las pr\u00f3ximas generaciones, <strong>refiri\u00e9ndose especialmente a su propio hijo<\/strong>. \u201cTiene el potencial de transformarnos y de brindarnos un momento \u00fanico para reflexionar sobre nuestro peque\u00f1o lugar en el gran esquema de las cosas\u201d, sigue.<\/p>\n<p><img loading=\"lazy\" decoding=\"async\"   src=\"https:\/\/www.europesays.com\/es\/wp-content\/uploads\/2026\/09\/campamento-en-hellissandur-con-motivo-del-eclipse-solar-total_26f5f02b_260903105025_800x600.webp\" alt=\"Campamento en Hellissandur con motivo del eclipse solar total\" class=\"lazyload\" width=\"800\" height=\"600\" data-aspectratio=\"800\/600\"\/>&#13;Carmina Balaguer<\/p>\n<p>Campamento en Hellissandur con motivo del eclipse solar total<\/p>\n<p><strong>Sistema volc\u00e1nico ancestral<\/strong><\/p>\n<p>Vi\u00f0ar Gylfason, su padre, que <strong>tambi\u00e9n est\u00e1 involucrado en el proyecto The Freezer<\/strong> y es un gran narrador del folclore local, est\u00e1 convencido de que los eclipses nos ayudan a recordar que debemos creer en la ciencia, mientras que este eclipse en particular <strong>nos invita a respetar la naturaleza<\/strong>. \u201cEl Sol es una gran parte de ella y, sin \u00e9l, la naturaleza no estar\u00eda aqu\u00ed. \u00bfQu\u00e9 pasa cuando desaparece?\u201d, apunta, evocando los dos minutos y siete segundos que cubrir\u00e1n Hellissandur de oscuridad durante el eclipse.<\/p>\n<p>Cuando nos encontramos me invita a aproximarnos a la base del Sn\u00e6fellsj\u00f6kull, indicando que <strong>antes de conocerle a \u00e9l primero<\/strong> debo conocer al que, en realidad, es un volc\u00e1n coronado por un glaciar. Acepto la propuesta como el orden natural de una tierra que es for\u00e1nea, pero que me acoge con generosidad. Un territorio cuyo legado camina de padres a hijos, siendo <strong>el paisaje el primer ancestro en com\u00fan de ellos<\/strong>. A medida que ascendemos por el macizo, Vi\u00f0ar menciona todas sus cumbres, recitando nombres de graf\u00eda aparentemente imposible, pero cuya belleza fon\u00e9tica parece ser la voz de una naturaleza virgen \u2014como todo lo que suena en island\u00e9s\u2014.<\/p>\n<p>Antes de despedirnos, me entrena para que logre pronunciar uno de los m\u00faltiples t\u00e9rminos que preservan esta tierra: b\u00f3lstraberg, la forma almohadillada que adquiere la lava <strong>al entrar en contacto con el agua y enfriarse<\/strong>. Y es la lava, de hecho, una de las memorias m\u00e1s antiguas de esta pen\u00ednsula, como muestran sus abundantes campos rugosos.<\/p>\n<p><img loading=\"lazy\" decoding=\"async\"   src=\"https:\/\/www.europesays.com\/es\/wp-content\/uploads\/2026\/09\/campamento-a-las-faldas-del-glaciar-snaefellsjokull_3216379d_260903105100_800x600.webp\" alt=\"Campamento a las faldas del glaciar Sn\u00e6fellsj\u00f6kull\" class=\"lazyload\" width=\"800\" height=\"600\" data-aspectratio=\"800\/600\"\/>&#13;Carmina Balaguer<\/p>\n<p>Campamento a las faldas del glaciar Sn\u00e6fellsj\u00f6kull<\/p>\n<p>El d\u00eda del eclipse decido <strong>pasar unas horas en uno de ellos<\/strong>, alejada de las masas, pregunt\u00e1ndome qu\u00e9 tiene para decirnos un fen\u00f3meno astron\u00f3mico que no est\u00e9 explicado ya en la Tierra. En un paisaje <strong>modelado por 800.000 a\u00f1os<\/strong> de actividad volc\u00e1nica, no encuentro una respuesta precisa. Solo silencio, el estado m\u00e1s necesario de aprender para el ser humano.<\/p>\n<p>Cerca de Sandahraun, el campo de lava que circunda los alrededores de Hellissandur, me cruzo con Alysha Shugart, codirectora de operaciones nocturnas del <a href=\"https:\/\/rubinobservatory.org\/es\" rel=\"nofollow noopener\" target=\"_blank\">Observatorio Vera C. Rubin de Chile<\/a>, quien se ha trasladado al pa\u00eds para relevar el fen\u00f3meno. Alysha lleva varios d\u00edas testeando <strong>un telescopio de 100 mm de di\u00e1metro<\/strong>, uno de los tres equipamientos que el parque nacional ha adquirido para la ocasi\u00f3n y que permanecer\u00e1n en la isla para estudios futuros. \u201cEste lleva incorporado un filtro que <strong>nos permite obtener im\u00e1genes de la cromosfera solar,<\/strong> una capa de la atm\u00f3sfera solar invisible para el ojo humano, as\u00ed como del plasma moldeado por el campo magn\u00e9tico del Sol\u201d, explica.<\/p>\n<p>Durante las horas que duran los ensayos, Alysha pone a disposici\u00f3n uno de los recursos que han servido para descifrar el cielo a lo largo de la historia: tiempo para observarlo. Est\u00e1 convencida de que, <strong>en un pasado ancestral en que el firmamento<\/strong> era la principal referencia para orientarse, nuestros antepasados se acercaban a la astronom\u00eda desde una perspectiva m\u00e1s cient\u00edfica que m\u00edstica, aunque \u201cambos enfoques podr\u00edan convivir\u201d, opina.\u00a0<\/p>\n<p><img loading=\"lazy\" decoding=\"async\"   src=\"https:\/\/www.europesays.com\/es\/wp-content\/uploads\/2026\/09\/alysha-shugart-testea-su-telescopio-de-100-mm-de-diametro-dos-dias-antes-del-eclipse_8c9c6012_260903.webp\" alt=\"Alysha Shugart testea su telescopio de 100 mm de di\u00e1metro dos d\u00edas antes del eclipse\" class=\"lazyload\" width=\"800\" height=\"600\" data-aspectratio=\"800\/600\"\/>&#13;Carmina Balaguer<\/p>\n<p>Alysha Shugart testea su telescopio de 100 mm de di\u00e1metro dos d\u00edas antes del eclipse<\/p>\n<p><strong>Dos minutos y siete segundos<\/strong><\/p>\n<p>A medida que se acercan las 16:44:58, hora en que la Luna empieza a ocultar el Sol, dando <strong>inicio a un eclipse parcial<\/strong>, el cielo se encapota de nubes, dificultando la captaci\u00f3n de im\u00e1genes del astro con el filtro H-alfa. Tras varios intentos, Alysha, que sigue el Sol con su telescopio mediante software, decide aceptar las condiciones meteorol\u00f3gicas y simplemente conectar con la autenticidad del momento.<\/p>\n<p>Desde el punto de observaci\u00f3n reservado para los astronautas, <a href=\"https:\/\/moonshotcelebration.com\/iwona-fluda-x-human-spaceflight\/\" rel=\"nofollow noopener\" target=\"_blank\">Iwona Fluda<\/a>, <strong>especialista en estrategia espacial e inteligencia artificial<\/strong>, logra captar el \u00faltimo resquicio de luz del disco solar con su telescopio Unistellar Odyssey. \u201cEste eclipse es una oportunidad para avanzar con claridad y decisi\u00f3n\u201d, opina, mientras a trav\u00e9s de su ocular veo una media luna hipn\u00f3tica, de tonos violetas. \u201cNo puedo explicar <strong>l\u00f3gicamente por qu\u00e9 hemos tenido tanta suerte<\/strong> y las nubes han desaparecido justo en el momento oportuno para nosotras\u201d, a\u00f1ade.<\/p>\n<p>Entre los invitados, <a href=\"https:\/\/www.rongaran.com\/\" rel=\"nofollow noopener\" target=\"_blank\">Ron Garan<\/a>, ex astronauta de la NASA, asiste con su hijo y nieto de a\u00f1o y medio en brazos. De nuevo, Hellissandur convoca a tres generaciones, esta vez unidas por un antecesor a\u00fan m\u00e1s ancestral: <strong>el cosmos<\/strong>. \u201cCada movimiento del universo se basa en relaciones, nada existe de forma aislada\u201d, explica. \u201cPresenciar un eclipse es un recordatorio de que no solo podemos observar el universo: <strong>nos desplazamos a trav\u00e9s de \u00e9l <\/strong>y formamos parte de \u00e9l. No estamos separados de \u00e9l, lo recorremos, estamos en pleno viaje\u201d, sigue.<\/p>\n<p>&#13;<img loading=\"lazy\" decoding=\"async\"   src=\"https:\/\/www.europesays.com\/es\/wp-content\/uploads\/2026\/09\/eclipse-solar-26_5da15325_260828100726_800x800.webp\" alt=\"Eclipse Solar 26\" class=\"image lazyload\" width=\"800\" height=\"800\" data-aspectratio=\"800\/800\"\/><\/p>\n<p>Durante los dos minutos y siete segundos que dura el eclipse total, el glaciar Sn\u00e6fellsj\u00f6kull <strong>asoma su cumbre por encima de las nubes<\/strong>, orquestando un movimiento que parece ensayado. Al instante, una franja de luz se levanta por encima del oc\u00e9ano, regal\u00e1ndonos una puesta de sol fugaz.<\/p>\n<p>Cuando la fase de totalidad llega a su fin, la luz del Sol barre la escena de manera gradual, mientras el Sn\u00e6fellsj\u00f6kull <strong>vuelve a esconderse bajo las nubes<\/strong>, susurrando un aviso: aunque demos por sentado su presencia, puede que un d\u00eda deje de estar visible \u2014su extensi\u00f3n se ha reducido un 70% en los \u00faltimos a\u00f1os como consecuencia del calentamiento clim\u00e1tico y podr\u00eda ser el siguiente glaciar en desaparecer del pa\u00eds\u2014.<\/p>\n<p><img loading=\"lazy\" decoding=\"async\"   src=\"https:\/\/www.europesays.com\/es\/wp-content\/uploads\/2026\/09\/imagen-del-eclipse-captada-por-el-telescopio-unistellar-odyssey_fd2f11bb_260903105604_800x792.webp\" alt=\"Imagen del eclipse captada por el telescopio Unistellar Odyssey\" class=\"lazyload\" width=\"800\" height=\"792\" data-aspectratio=\"800\/792\"\/>&#13;Iwona Fluda<\/p>\n<p>Imagen del eclipse captada por el telescopio Unistellar Odyssey<\/p>\n<p>\u201cCambiar aquello que vemos es cambiar lo que puede ser posible\u201d, a\u00f1ade Ron. \u201cLos eclipses nos brindan un momento para experimentar destellos de lo que llamamos \u2018efecto perspectiva\u2019 desde la Tierra\u201d, refiri\u00e9ndose al cambio de conciencia profundo <strong>que experimentan los astronautas<\/strong> al contemplar nuestro planeta desde el espacio.<\/p>\n<p>Con la intenci\u00f3n de democratizar esta sensaci\u00f3n y brindar una experiencia similar en la Tierra, <strong>el laboratorio canadiense de investigaci\u00f3n<\/strong> y producci\u00f3n cinematogr\u00e1fica <a href=\"https:\/\/www.thedorothyproject.ca\/\" rel=\"nofollow noopener\" target=\"_blank\">The Dorothy Project<\/a>, integrado por artistas, cient\u00edficos e ingenieros, utiliza la realidad virtual. El colectivo se ha trasladado a la pen\u00ednsula para capturar el eclipse desde gran altitud, lanzando dos globos estratosf\u00e9ricos equipados con c\u00e1maras de 360\u00ba hechas a medida.<\/p>\n<p>\u201cLa sombra de la Luna no distingue d\u00f3nde termina un pa\u00eds y d\u00f3nde empieza otro; se desplaza por la Tierra como si el planeta entero fuera una \u00fanica nave espacial a la deriva por el cosmos y<strong> todos viaj\u00e1ramos juntos a bordo de este peque\u00f1o <\/strong>\u2018punto azul p\u00e1lido\u2019, tal como lo llam\u00f3 Carl Sagan. Cualquier eclipse aporta a la humanidad un breve recordatorio compartido de que debemos cuidarlo\u201d, comenta Mathieu Baptista, fundador y director de The Dorothy Project. Mathieu tambi\u00e9n admite los desaf\u00edos de una operaci\u00f3n como esta, entre ellos, editar un film a contrarreloj <strong>tras recuperar los dispositivos en la adversidad<\/strong> del territorio island\u00e9s, llegando incluso a tener que escalar monta\u00f1as para localizarlos.<\/p>\n<p><img loading=\"lazy\" decoding=\"async\"   src=\"https:\/\/www.europesays.com\/es\/wp-content\/uploads\/2026\/09\/aurora-boreal-coronando-los-alrededores-del-snaefellsjokull_b88863e9_260903105626_800x1066.webp\" alt=\"Aurora boreal coronando los alrededores del Sn\u00e6fellsj\u00f6kull\" class=\"lazyload\" width=\"800\" height=\"1066\" data-aspectratio=\"800\/1066\"\/>&#13;Imagen cedida por Jake Rosenberg<\/p>\n<p>Aurora boreal coronando los alrededores del Sn\u00e6fellsj\u00f6kull<\/p>\n<p>El material, producido en colaboraci\u00f3n con la Iceland Space Agency, resulta en una <strong>evocadora pieza inmersiva de 8 minutos en la que Ron Garan<\/strong> es una de las voces narradoras. La producci\u00f3n, llamada Mission SK\u00d6LL, ser\u00e1 ampliada en el futuro con un filme inspirado en la leyenda n\u00f3rdica de Sk\u00f6ll y Hati, en la que <strong>dos lobos persiguen al Sol y a la Luna.<\/strong><\/p>\n<p>Despu\u00e9s de la presentaci\u00f3n de la pieza, una aurora boreal corona los alrededores del Sn\u00e6fellsj\u00f6kull, desplegando un fen\u00f3meno que es raro de ver en agosto en Islandia, <strong>cuando el verano a\u00fan no ha llegado a su fin<\/strong> y el famoso sol de medianoche todav\u00eda sigue presente. Una muestra de que, aunque creamos que no podemos ver algo, esto no significa que no exista \u2014las auroras ocurren durante todo el a\u00f1o y a cualquier hora del d\u00eda, aunque solo podamos distinguirlas por la noche, como las estrellas\u2014.<\/p>\n<p><strong>Del firmamento a las entra\u00f1as de la Tierra <\/strong><\/p>\n<p>D\u00edas despu\u00e9s del eclipse, varios artistas consagrados de la escena musical islandesa e internacional siguen honrando un evento que ha sido un hito para muchos de los asistentes. El <a href=\"https:\/\/www.hogni.net\/\" rel=\"nofollow noopener\" target=\"_blank\">compositor H\u00f6gni<\/a> ofrece un concierto \u00edntimo en la Ingjaldsh\u00f3lskirkja, una antigua parroquia ubicada entre las localidades de Hellissandur y Rif. Considerada la iglesia de hormig\u00f3n m\u00e1s antigua del pa\u00eds, <strong>el actual edificio se construy\u00f3 en 1903.<\/strong><\/p>\n<p>Desde all\u00ed, reflexiona sobre c\u00f3mo el hecho de reunirse a trav\u00e9s de la m\u00fasica crea <strong>cierta sacralidad en eventos como este<\/strong>, incorporando una dimensi\u00f3n ritual al instante que representa un eclipse. \u201cDamos por sentado nuestro mundo y la forma en que este funciona \u2014el Sol, la Luna, las estaciones\u2014. Vivimos en un sistema r\u00edgido donde todo tiene un orden aparente, pero en el instante del eclipse dicho orden se ha roto; las leyes de la naturaleza tal y como las conoc\u00edamos se han evaporado. Y lo m\u00e1s notable es que <strong>sab\u00edamos que esto iba a suceder<\/strong>\u201d, a\u00f1ade, mientras gira su cuerpo hacia el glaciar Sn\u00e6fellsj\u00f6kull cada vez que habla de \u00e9l, en un gesto que parece una reverencia inconsciente.\u00a0<\/p>\n<p><img loading=\"lazy\" decoding=\"async\"   src=\"https:\/\/www.europesays.com\/es\/wp-content\/uploads\/2026\/09\/vidhar-gylfason-recoge-fragmentos-de-roca-volcanica-de-camino-al-snaefellsjokull_9178ccf2_2609031052.webp\" alt=\"Vi\u00f0ar Gylfason recoge fragmentos de roca volc\u00e1nica de camino al Sn\u00e6fellsj\u00f6kull\" class=\"lazyload\" width=\"800\" height=\"600\" data-aspectratio=\"800\/600\"\/>&#13;Carmina Balaguer<\/p>\n<p>Vi\u00f0ar Gylfason recoge fragmentos de roca volc\u00e1nica de camino al Sn\u00e6fellsj\u00f6kull<\/p>\n<p>Por su lado, <a href=\"https:\/\/emilianatorrini.com\/\" rel=\"nofollow noopener\" target=\"_blank\">Emil\u00edana Torrini<\/a>\u00a0deleita con su voz a capela dentro de la cueva Vatnshellir. Este t\u00fanel de lava<strong> de entre 5.000 y 8.000 a\u00f1os de antig\u00fcedad <\/strong>evoca el universo descrito por Julio Verne en su Viaje al Centro de la Tierra, donde un cr\u00e1ter del volc\u00e1n Sn\u00e6fellsj\u00f6kull sirve como puerta de entrada a un viaje \u00e9pico por las profundidades de la Tierra.\u00a0<\/p>\n<p>&#13;<img loading=\"lazy\" decoding=\"async\"   src=\"https:\/\/www.europesays.com\/es\/wp-content\/uploads\/2026\/09\/reuben-wu-banda_095f0706_260817142711_800x800.webp\" alt=\"Reuben Wu banda\" class=\"image lazyload\" width=\"800\" height=\"800\" data-aspectratio=\"800\/800\"\/><\/p>\n<p>Aunque se considera una persona m\u00e1s bien espiritual, Emil\u00edana explica haber vivido el eclipse <strong>de una manera muy terrenal<\/strong>. \u201cNo creo que necesitemos sacar nada de un fen\u00f3meno as\u00ed. Simplemente, es algo hermoso, pero no se trata de nosotros, se trata de la naturaleza y de c\u00f3mo participamos dentro de ella, qu\u00e9 energ\u00eda decidimos entregarle\u201d, explica.<\/p>\n<p>Desde las entra\u00f1as de la Tierra, ella nos entrega el \u00faltimo concierto de su actual gira, en el que <strong>se propone tocar los temas de su trayectoria<\/strong> que m\u00e1s echa de menos. Entre ellos, Serenade, una canci\u00f3n con la que le canta al alba y a las nuevas formas que adquiere la oscuridad, un estado que ella misma define como \u201caquello que puede ser iluminado, el lugar donde todo se abre un poco m\u00e1s\u201d.<\/p>\n<p><img loading=\"lazy\" decoding=\"async\"   src=\"https:\/\/www.europesays.com\/es\/wp-content\/uploads\/2026\/09\/momento-del-eclipse-fotografiado-entre-las-nubes_5aa1cf64_260903105814_800x1199.webp\" alt=\"Momento del eclipse fotografiado entre las nubes\" class=\"lazyload\" width=\"800\" height=\"1199\" data-aspectratio=\"800\/1199\"\/>&#13;Imagen cedida por The Bailey Perspective<\/p>\n<p>Momento del eclipse fotografiado entre las nubes<\/p>\n<p><strong>Despu\u00e9s de la sombra<\/strong><\/p>\n<p>Mientras parto de la pen\u00ednsula, <strong>las nubes vuelven a cubrir las cimas de los cerros<\/strong>, creando un efecto on\u00edrico en el que parece las monta\u00f1as flotan. La vida en el cielo es un misterio, pienso, pero <strong>la vida en la Tierra tambi\u00e9n puede serlo<\/strong>. Recuperar nuestro asombro hacia ella puede ser aprender otra manera de mirarla y, por ende, de estudiarla y habitarla.<\/p>\n<p>Durante el trayecto, me sigo preguntando qu\u00e9 ha dejado en m\u00ed un fen\u00f3meno que, a simple vista, <strong>ha sido masivo y medi\u00e1tico<\/strong>; pero que tambi\u00e9n se ha impregnado de intimidad y de la certeza de que hay algo m\u00e1s importante que el simple hecho de ver un eclipse: la necesidad que surge como colectivo de querer hacerlo. Un deseo que, en realidad, <strong>contiene un anhelo muy humano<\/strong>, el lograr reconocernos unos a otros.<\/p>\n<p>\u00a0<\/p>\n<p><img loading=\"lazy\" decoding=\"async\"   src=\"https:\/\/www.europesays.com\/es\/wp-content\/uploads\/2026\/09\/ingjaldsholskirkja-la-considerada-iglesia-de-hormigon-mas-antigua-de-islandia_75a7187a_260903105832_.webp\" alt=\"Ingjaldsh\u00f3lskirkja, la considerada iglesia de hormig\u00f3n m\u00e1s antigua de Islandia\" class=\"lazyload\" width=\"800\" height=\"600\" data-aspectratio=\"800\/600\"\/>&#13;Carmina Balaguer<\/p>\n<p>Ingjaldsh\u00f3lskirkja, la considerada iglesia de hormig\u00f3n m\u00e1s antigua de Islandia<\/p>\n<p>Tenemos la suerte de tener una nueva fecha para intentarlo, <strong>el 2 de agosto de 2027<\/strong>, cuando un eclipse solar total ser\u00e1 visible desde el sur de nuestro pa\u00eds, adem\u00e1s de otros lugares <a href=\"https:\/\/egypt-eclipse.com\/\" rel=\"nofollow noopener\" target=\"_blank\">como Egipto<\/a>.\u00a0Con todo, y con Sn\u00e6fellsnes anocheciendo a mis espaldas, siento que si hay algo que me ha regalado este eclipse es, precisamente, el saber que despu\u00e9s de la oscuridad llega la luz. Siempre.<\/p>\n","protected":false},"excerpt":{"rendered":"Ampliamos nuestra mejor oferta: consigue acceso ilimitado a National Geographic por solo 0,75\u20ac\/mes + REGALO. \u00a1No te quedes&hellip;\n","protected":false},"author":2,"featured_media":745365,"comment_status":"","ping_status":"","sticky":false,"template":"","format":"standard","meta":{"footnotes":""},"categories":[81],"tags":[119,123,124,25,24,1408,448,1407,1409,117,121,122,23,118,120,226],"class_list":["post-745364","post","type-post","status-publish","format-standard","has-post-thumbnail","category-ciencia-y-tecnologia","tag-ciencia","tag-ciencia-y-tecnologia","tag-cienciaytecnologia","tag-es","tag-espana","tag-geographic","tag-historia","tag-national","tag-naturaleza","tag-science","tag-science-and-technology","tag-scienceandtechnology","tag-spain","tag-technology","tag-tecnologia","tag-viajes"],"share_on_mastodon":{"url":"https:\/\/pubeurope.com\/@es\/117206543199722041","error":""},"_links":{"self":[{"href":"https:\/\/www.europesays.com\/es\/wp-json\/wp\/v2\/posts\/745364","targetHints":{"allow":["GET"]}}],"collection":[{"href":"https:\/\/www.europesays.com\/es\/wp-json\/wp\/v2\/posts"}],"about":[{"href":"https:\/\/www.europesays.com\/es\/wp-json\/wp\/v2\/types\/post"}],"author":[{"embeddable":true,"href":"https:\/\/www.europesays.com\/es\/wp-json\/wp\/v2\/users\/2"}],"replies":[{"embeddable":true,"href":"https:\/\/www.europesays.com\/es\/wp-json\/wp\/v2\/comments?post=745364"}],"version-history":[{"count":0,"href":"https:\/\/www.europesays.com\/es\/wp-json\/wp\/v2\/posts\/745364\/revisions"}],"wp:featuredmedia":[{"embeddable":true,"href":"https:\/\/www.europesays.com\/es\/wp-json\/wp\/v2\/media\/745365"}],"wp:attachment":[{"href":"https:\/\/www.europesays.com\/es\/wp-json\/wp\/v2\/media?parent=745364"}],"wp:term":[{"taxonomy":"category","embeddable":true,"href":"https:\/\/www.europesays.com\/es\/wp-json\/wp\/v2\/categories?post=745364"},{"taxonomy":"post_tag","embeddable":true,"href":"https:\/\/www.europesays.com\/es\/wp-json\/wp\/v2\/tags?post=745364"}],"curies":[{"name":"wp","href":"https:\/\/api.w.org\/{rel}","templated":true}]}}