{"id":745368,"date":"2026-09-03T10:05:09","date_gmt":"2026-09-03T10:05:09","guid":{"rendered":"https:\/\/www.europesays.com\/es\/745368\/"},"modified":"2026-09-03T10:05:09","modified_gmt":"2026-09-03T10:05:09","slug":"marius-borg-acepta-prolongar-su-arresto-domiciliario-para-evitar-mas-ruido-sobre-su-caso-antes-del-funeral-de-harald-la-voz-de-galicia","status":"publish","type":"post","link":"https:\/\/www.europesays.com\/es\/745368\/","title":{"rendered":"Marius Borg acepta prolongar su arresto domiciliario para evitar m\u00e1s ruido sobre su caso antes del funeral de Harald &#8211; La Voz de Galicia"},"content":{"rendered":"<ol>\n<li><a href=\"https:\/\/news.google.com\/rss\/articles\/CBMi-gFBVV95cUxQNjljSEpDSGN5a0NEUDd4M0FSeXRCZWcwMHRWNFFZMXplbUZaUVpSWFRHVlBvVWlPaTdVMFNCR2ZYVUZ3YmUtLVBvZGZkVjlEcTdGZUdRQ3ZKQVphVjZEREUzQWw3R0l2ZDVCdV9IeVROYU15V1c0QUszSFJaR1BsNzY5azJ1N3I0QURZSFFmM3I2UkJuQkVsd3dfTUZMU2I5RlVXeUlXdWlEZEpiNDIyRzVNUnR4QlBjSVRMV3dwdUl1N1pzbUR6SzhiVTIwRnNvMU1BdDVyczFwM190RnBNVFZQUUl3dHRzZ2ptby1pbUViVkpGRVlseHVR0gGWAkFVX3lxTE5qcUVMMmpRXzYtR1QtejhxaTFuMzhHUXBaOHhKcG9OOEpuUV9HcngteTdWR0ozUnRRMWhodlk0MXNnOXVRaUhDMjJHRmJKcG5PRHAyZ0NHNG5HLUZxcXo3M3NDR3UyQUozNVFhMjZmTjVRY1dTd2xHYXJ0akRQclJCQkJCdVZJb3JxQnZTX1dtQ3FNYU1JV0tVanhHTnZ5Y0tyX0NITDhPSm9QbU93N09uUUplM2phSG9JbVdCTkNEelFTWmVseTRHVnpVeTlocm0wZ01ib2FKYnFKcV9NOU13UEpiWTN0NzBWSjZUQ3hGTW16VjVJSk9mSko5RXRRd2xQMkZWVUFxX0NCaXIzWnBuQ1RKdl9R?oc=5\" target=\"_blank\" rel=\"nofollow noopener\">Marius Borg acepta prolongar su arresto domiciliario para evitar m\u00e1s ruido sobre su caso antes del funeral de Harald<\/a>&nbsp;&nbsp;La Voz de Galicia<\/li>\n<li><a href=\"https:\/\/news.google.com\/rss\/articles\/CBMi3gFBVV95cUxNV0NJUDF4aVAzcFpiRnlhbFFkZnMxZC1ERlRacUJFZkhvVTBnRG9wdUVlakZkbHBRcTA3V1VoeGQyQnhFMUtPNy1wbnY2SGVaVlNMbFAyZjJiQ19MSlo0M0RwLUhlOV9oSEpFeWtuOGhHSjlTSjNkb3dKSnRkM19YblpSQlBpc1VLLU84NnN3UzlMdFVJMXFXSlBjSVJhVk5acFVkcW9vSDRaYms4azFPZklkWF94LVJNMXRNblU4MmlyRGh6T2dJUnRqazhxc1NJYXRFMFJxanpUM0Ezc3c?oc=5\" target=\"_blank\" rel=\"nofollow noopener\">Mary de Dinamarca rompe su silencio y muestra su apoyo a la nueva pareja real, Haakon VIII y Mette-Marit: \u201cCuentan con todo nuestro respaldo\u201d<\/a>&nbsp;&nbsp;Vanitatis<\/li>\n<li><a href=\"https:\/\/news.google.com\/rss\/articles\/CBMigwFBVV95cUxNckF3TU15dU1jbWJFVjJtMXF3UzNqcUJpbDlqQ09kZUUzdEJqNnZvQi1wTWRmc3daT3M0U0R2Z1JwRWdOemhaZE10aE5oRUtjM1BPTEU3VVlpb3VnME9GbW5HS3I1Rl80cEdoS1VjbkQyZ2dkMURFeWI1a3ZzWnlBYm0tY9IBgwFBVV95cUxPUUZTaGVZV0R1M2tsRDlMLVo4XzJ4a0txcUhKWHl3NGExZVItVkY5NlpNUG4zT1lpd05Lbl9QLU5DbkpaSjVsejVNTkpNZWo2YU84aU9ucFljYUxreGtlcC1XYVU1S3VGbnVCeUt6d0hLQmhsdEJLM3VReFlRUHFrM21HQQ?oc=5\" target=\"_blank\" rel=\"nofollow noopener\">Haakon VIII presta juramento ante el Parlamento noruego sin Mette-Marit a su lado<\/a>&nbsp;&nbsp;El Mundo<\/li>\n<li><a href=\"https:\/\/news.google.com\/rss\/articles\/CBMiwwFBVV95cUxOQ0locW54TDBkbTJlUE5vRmhrRjdmaVNKbVZzeDQ0VE5qbG9nUDhGZ05STTlnUVc2RXNaM01DOXVUV194b0UydXlTb1ZtXzdockFhNWVGOXhPRE1NWkF1eEJNZUljVlhGdENfa3c0MDNhbDFQVDBsUlZLNkhFS0pDaEdJX1Q1c0ItQ1dHM200a0h2b1BEOXhTemRmZjFWSUdPbWlidUFzSVNDLVBKYzVGOUYzQ25lNlZpVGpxdHBLYnBMbmPSAcgBQVVfeXFMUGdQZFJ3NmMyNWR0VURQa0NKUDBRZklmU1VwODM1RkRqbm52VmxfRmJGLW93d0Joc09YSkVIM01zbHFxTXhKWlZXWGZyd2NZeFlXQnU1bDVHYldQajFfQ0wtcWZES3ZucHpJRF9jWkpoV1dibXg0RUVFWWdERkxLeXdhb0twQTZqNHBHTHd4aU9WU1lmMHNhLTJIZ2ZjNUFBbG1VMm5LRkp0OUlfc3F2cnNvUUJQaXl5aWdaSDFxaUVxT29Yd01XYUE?oc=5\" target=\"_blank\" rel=\"nofollow noopener\">La fiscal\u00eda solicita una pr\u00f3rroga de cuatro semanas m\u00e1s de detenci\u00f3n a Marius Borg<\/a>&nbsp;&nbsp;La Vanguardia<\/li>\n<li><a href=\"https:\/\/news.google.com\/rss\/articles\/CBMipwFBVV95cUxQWVFVZFN6MjJ3RTVSZ2RCNEpOS0FuZGRxaUlvbG5QQWZRYklsYzVsaGtEODgwdDJobkFBNkRPbm5MRV94Vm9vM1FlbmxXVFhTMUZSSUktWkJTcGtObW9jYnUwTV9FQmJSalJTVHBKVDkxek01Y0g5VUdoZ0hqZjNPWWRXd3MyUlh5V21ENGhpMDVfZW9Zb3ZqdERZV0kxYXp3RmlPcnk3TQ?oc=5\" target=\"_blank\" rel=\"nofollow noopener\">Haakon VIII jura como rey de Noruega ante el Parlamento<\/a>&nbsp;&nbsp;elpais.com<\/li>\n<\/ol>\n","protected":false},"excerpt":{"rendered":"Marius Borg acepta prolongar su arresto domiciliario para evitar m\u00e1s ruido sobre su caso antes del funeral de&hellip;\n","protected":false},"author":2,"featured_media":745369,"comment_status":"","ping_status":"","sticky":false,"template":"","format":"standard","meta":{"footnotes":""},"categories":[42],"tags":[17,18,13,14,11,61,62,63,64,19,20,9,10,15,16,12,21,22,65,66,67],"class_list":["post-745368","post","type-post","status-publish","format-standard","has-post-thumbnail","category-internacional","tag-breaking-news","tag-breakingnews","tag-featured-news","tag-featurednews","tag-headlines","tag-internacional","tag-international","tag-international-news","tag-internationalnews","tag-latest-news","tag-latestnews","tag-news","tag-noticias","tag-noticias-destacadas","tag-noticiasdestacadas","tag-titulares","tag-ultimas-noticias","tag-ultimasnoticias","tag-world","tag-world-news","tag-worldnews"],"share_on_mastodon":{"url":"https:\/\/pubeurope.com\/@es\/117206550334106230","error":""},"_links":{"self":[{"href":"https:\/\/www.europesays.com\/es\/wp-json\/wp\/v2\/posts\/745368","targetHints":{"allow":["GET"]}}],"collection":[{"href":"https:\/\/www.europesays.com\/es\/wp-json\/wp\/v2\/posts"}],"about":[{"href":"https:\/\/www.europesays.com\/es\/wp-json\/wp\/v2\/types\/post"}],"author":[{"embeddable":true,"href":"https:\/\/www.europesays.com\/es\/wp-json\/wp\/v2\/users\/2"}],"replies":[{"embeddable":true,"href":"https:\/\/www.europesays.com\/es\/wp-json\/wp\/v2\/comments?post=745368"}],"version-history":[{"count":0,"href":"https:\/\/www.europesays.com\/es\/wp-json\/wp\/v2\/posts\/745368\/revisions"}],"wp:featuredmedia":[{"embeddable":true,"href":"https:\/\/www.europesays.com\/es\/wp-json\/wp\/v2\/media\/745369"}],"wp:attachment":[{"href":"https:\/\/www.europesays.com\/es\/wp-json\/wp\/v2\/media?parent=745368"}],"wp:term":[{"taxonomy":"category","embeddable":true,"href":"https:\/\/www.europesays.com\/es\/wp-json\/wp\/v2\/categories?post=745368"},{"taxonomy":"post_tag","embeddable":true,"href":"https:\/\/www.europesays.com\/es\/wp-json\/wp\/v2\/tags?post=745368"}],"curies":[{"name":"wp","href":"https:\/\/api.w.org\/{rel}","templated":true}]}}