{"id":745378,"date":"2026-09-03T10:24:25","date_gmt":"2026-09-03T10:24:25","guid":{"rendered":"https:\/\/www.europesays.com\/es\/745378\/"},"modified":"2026-09-03T10:24:25","modified_gmt":"2026-09-03T10:24:25","slug":"vacunas-covid-frente-al-cancer","status":"publish","type":"post","link":"https:\/\/www.europesays.com\/es\/745378\/","title":{"rendered":"\u00bfVacunas COVID frente al c\u00e1ncer?"},"content":{"rendered":"<p>\t\t\t<a href=\"https:\/\/www.facebook.com\/adolfo.fernandezalonso\" target=\"_blank\" aria-label=\"banneradolfo-min\" rel=\"nofollow noopener\"><img loading=\"lazy\" decoding=\"async\" src=\"https:\/\/www.europesays.com\/es\/wp-content\/uploads\/2026\/09\/1788431058_615_banneradolfo-min.gif\" alt=\"\" width=\"620\" height=\"100\"\/><\/a><\/p>\n<p class=\"wp-block-paragraph\"><strong>Cuando pensamos en el sistema inmunitario, solemos imaginarlo luchando contra virus o bacterias. Sin embargo, tambi\u00e9n funciona como un equipo de seguridad que patrulla constantemente una ciudad en busca de actividades sospechosas. Cada d\u00eda aparecen en nuestro cuerpo miles de c\u00e9lulas con mutaciones potencialmente peligrosas que podr\u00edan dar lugar a tumores, pero la mayor\u00eda son eliminadas antes de que lleguemos siquiera a notar su existencia. Pero si nuestras defensas son capaces de detectar c\u00e9lulas cancerosas, \u00bfpor qu\u00e9 aparece el c\u00e1ncer?<\/strong><\/p>\n<p class=\"has-text-align-center wp-block-paragraph\"><strong><a href=\"https:\/\/theconversation.com\/profiles\/jennifer-martinez-geijo-2605706\" target=\"_blank\" rel=\"nofollow noopener\">Jennifer Mart\u00ednez Geijo<\/a><a href=\"https:\/\/theconversation.com\/profiles\/carolina-mendez-blanco-2505869\" target=\"_blank\" rel=\"nofollow noopener\">rolina M\u00e9ndez Blanco<\/a>, <a href=\"https:\/\/theconversation.com\/profiles\/tania-payo-serafin-2493551\" target=\"_blank\" rel=\"nofollow noopener\">Tania Payo <\/a>y <a href=\"https:\/\/theconversation.com\/profiles\/carolina-mendez-blanco-2505869\" target=\"_blank\" rel=\"nofollow noopener\">Carolina M\u00e9ndez Blanco<\/a>, Universidad de Le\u00f3n<\/strong><\/p>\n<p><a href=\"https:\/\/www.europesays.com\/es\/wp-content\/uploads\/2026\/09\/hellin-vacuna-jeringuilla-dosis-vial-covid.jpg\"><img loading=\"lazy\" decoding=\"async\" width=\"960\" height=\"594\" src=\"https:\/\/www.europesays.com\/es\/wp-content\/uploads\/2026\/09\/hellin-vacuna-jeringuilla-dosis-vial-covid.jpg\" alt=\"\" class=\"wp-image-63711\"  \/><\/a><\/p>\n<p class=\"wp-block-paragraph\">La respuesta es que\u00a0<a href=\"https:\/\/www.frontiersin.org\/journals\/immunology\/articles\/10.3389\/fimmu.2023.1212476\/full\" target=\"_blank\" rel=\"nofollow noopener\">los tumores son expertos en pasar desapercibidos<\/a>. A diferencia de virus y bacterias, que son claramente extra\u00f1os para nuestro organismo, las c\u00e9lulas tumorales proceden de nuestro propio cuerpo. Aunque acumulan alteraciones que las hacen peligrosas, siguen conservando muchas caracter\u00edsticas normales. Esto dificulta que el sistema inmunitario las identifique como una amenaza.<\/p>\n<p><a href=\"https:\/\/www.csif.es\/es\/portada\/castillalamancha\/sanidad\" target=\"_blank\" aria-label=\"CSIF MAYO 2026 620X100\" rel=\"nofollow noopener\"><img loading=\"lazy\" decoding=\"async\" src=\"https:\/\/www.europesays.com\/es\/wp-content\/uploads\/2026\/09\/1788431060_354_CSIF-MAYO-2026-620X100.gif\" alt=\"\" width=\"620\" height=\"100\"\/><\/a><\/p>\n<p class=\"wp-block-paragraph\">Hoy sabemos que la evoluci\u00f3n de un c\u00e1ncer no depende \u00fanicamente de las c\u00e9lulas tumorales, sino tambi\u00e9n de la compleja interacci\u00f3n que mantienen con el\u00a0<a href=\"https:\/\/www.frontiersin.org\/journals\/immunology\/articles\/10.3389\/fimmu.2023.1212476\/full\" target=\"_blank\" rel=\"nofollow noopener\">sistema inmunitario<\/a>.<\/p>\n<p>La revoluci\u00f3n de la inmunoterapia<\/p>\n<p class=\"wp-block-paragraph\">Durante d\u00e9cadas los tratamientos contra el c\u00e1ncer se han basado en la cirug\u00eda, la radioterapia y la quimioterapia. En los \u00faltimos a\u00f1os la\u00a0<a href=\"https:\/\/www.frontiersin.org\/journals\/immunology\/articles\/10.3389\/fimmu.2023.1212476\/full\" target=\"_blank\" rel=\"nofollow noopener\">inmunoterapia<\/a>\u00a0introdujo una idea diferente. En lugar de atacar al tumor de forma directa, \u00bfpor qu\u00e9 no ayudar al propio sistema inmunitario a hacer el trabajo?<\/p>\n<p><a href=\"https:\/\/usicam.es\/\" target=\"_blank\" aria-label=\"USICAM MAYO 2026 620X100\" rel=\"nofollow noopener\"><img loading=\"lazy\" decoding=\"async\" src=\"https:\/\/www.europesays.com\/es\/wp-content\/uploads\/2026\/09\/1788431062_861_USICAM-MAYO-2026-620X100.gif\" alt=\"\" width=\"620\" height=\"100\"\/><\/a><\/p>\n<p class=\"wp-block-paragraph\">Las c\u00e9lulas inmunitarias disponen de mecanismos de control que act\u00faan como frenos para evitar que una respuesta excesiva da\u00f1e tejidos sanos; el problema es que algunos tumores han aprendido a aprovecharlos para esconderse. Imaginemos un coche de polic\u00eda persiguiendo a un delincuente. Aunque el motor funcione perfectamente y el veh\u00edculo tenga combustible suficiente, la persecuci\u00f3n no llegar\u00e1 muy lejos si el freno permanece activado. Los llamados\u00a0<a href=\"https:\/\/link.springer.com\/article\/10.1186\/s12943-024-02179-5\" target=\"_blank\" rel=\"nofollow noopener\">\u201cinhibidores de puntos de control inmunitario\u201d<\/a>\u00a0liberan ese freno y permiten que el sistema inmunitario vuelva a actuar contra el tumor.<\/p>\n<p class=\"wp-block-paragraph\">Sin embargo, existe una limitaci\u00f3n importante. Para que esta estrategia funcione el sistema inmunitario debe haber detectado previamente la presencia del c\u00e1ncer. Por eso los investigadores distinguen entre tumores\u00a0<a href=\"https:\/\/www.nature.com\/articles\/s41392-024-01979-x\" target=\"_blank\" rel=\"nofollow noopener\">\u201ccalientes\u201d<\/a>, f\u00e1cilmente reconocibles por nuestras defensas, y tumores\u00a0<a href=\"https:\/\/www.nature.com\/articles\/s41392-024-01979-x\" target=\"_blank\" rel=\"nofollow noopener\">\u201cfr\u00edos\u201d<\/a>, que pasan pr\u00e1cticamente desapercibidos.<\/p>\n<p>La sorpresa de las vacunas de ARN mensajero<\/p>\n<p class=\"wp-block-paragraph\">Aqu\u00ed es donde entra en juego la pregunta que buscamos responder en este art\u00edculo. \u00bfPuede una vacuna dise\u00f1ada para prevenir una infecci\u00f3n viral ayudar a combatir el c\u00e1ncer?<\/p>\n<p class=\"wp-block-paragraph\">La pregunta parece extra\u00f1a, pero un\u00a0<a href=\"https:\/\/www.nature.com\/articles\/s41586-025-09655-y\" target=\"_blank\" rel=\"nofollow noopener\">estudio reciente<\/a>\u00a0sugiere que las vacunas de ARN mensajero frente a la covid-19 podr\u00edan potenciar la eficacia de algunos tratamientos oncol\u00f3gicos. El hallazgo no significa que estas vacunas curen el c\u00e1ncer por s\u00ed solas. Lo que hacen es algo igual de interesante: parecen ayudar al sistema inmunitario a reconocer tumores que antes pasaban desapercibidos.<\/p>\n<p><a href=\"https:\/\/images.theconversation.com\/files\/743677\/original\/file-20260623-57-xyw9cn.png?ixlib=rb-4.1.1&amp;q=45&amp;auto=format&amp;w=1000&amp;fit=clip\" target=\"_blank\" rel=\"nofollow noopener\"><img loading=\"lazy\" decoding=\"async\" width=\"754\" height=\"381\" src=\"https:\/\/www.europesays.com\/es\/wp-content\/uploads\/2026\/09\/file-20260623-57-xyw9cn.png\" alt=\"\" class=\"wp-image-149834\"  \/><\/a>Representaci\u00f3n de la posible sinergia entre la vacunaci\u00f3n frente a la COVID-19 y la inmunoterapia basada en inhibidores de puntos de control inmunitario. Imagen de elaboraci\u00f3n propia realizada con BioRender.com.<\/p>\n<p class=\"wp-block-paragraph\">Tras la vacunaci\u00f3n el organismo entra temporalmente en estado de alerta. Aunque esta respuesta est\u00e1 dirigida contra el virus, sus efectos pueden extenderse m\u00e1s all\u00e1 de la infecci\u00f3n.<\/p>\n<p class=\"wp-block-paragraph\">Es como si encendiera las luces de una habitaci\u00f3n oscura y, de repente, el sistema inmunitario pudiese ver lo que antes permanec\u00eda oculto. El resultado es que tumores previamente invisibles se vuelven detectables. En otras palabras, pasan de ser \u201cfr\u00edos\u201d a \u201ccalientes\u201d.<\/p>\n<p>El doble golpe de vacuna e inmunoterapia<\/p>\n<p class=\"wp-block-paragraph\">Una vez que el tumor ha sido identificado, la inmunoterapia puede desplegar todo su potencial. Sin embargo, el tumor no permanece pasivo. Al detectar la presi\u00f3n del sistema inmunitario intenta volver a ocultarse activando mecanismos que frenan la respuesta defensiva. Y es aqu\u00ed donde aparece la posible sinergia. La vacuna ayuda al sistema inmunitario a identificar tumores que antes pasaban desapercibidos, mientras que los inhibidores de puntos de control impiden que el c\u00e1ncer vuelva a activar esos frenos.<\/p>\n<p class=\"wp-block-paragraph\">Los investigadores analizaron pacientes con\u00a0<a href=\"https:\/\/www.nature.com\/articles\/s41586-025-09655-y\" target=\"_blank\" rel=\"nofollow noopener\">c\u00e1ncer de pulm\u00f3n o melanoma<\/a>\u00a0tratados con inhibidores de puntos de control inmunitario. Aquellos que hab\u00edan recibido una vacuna de ARN mensajero frente a la covid-19 alrededor del inicio del tratamiento presentaron una supervivencia significativamente mayor. En personas con c\u00e1ncer de pulm\u00f3n avanzado, la supervivencia media aument\u00f3 de 21 a 37 meses. Resultados similares se observaron en pacientes con melanoma, lo que sugiere que el fen\u00f3meno podr\u00eda extenderse a distintos tipos de tumores.<\/p>\n<p><a href=\"https:\/\/images.theconversation.com\/files\/752612\/original\/file-20260806-50-lglxq6.png?ixlib=rb-4.1.1&amp;q=45&amp;auto=format&amp;w=1000&amp;fit=clip\" target=\"_blank\" rel=\"nofollow noopener\"><img loading=\"lazy\" decoding=\"async\" width=\"754\" height=\"258\" src=\"https:\/\/www.europesays.com\/es\/wp-content\/uploads\/2026\/09\/file-20260806-50-lglxq6.png\" alt=\"\" class=\"wp-image-149833\"  \/><\/a>Los pacientes con c\u00e1ncer de pulm\u00f3n tratados con inmunoterapia que recibieron una vacuna de ARN mensajero frente a la COVID-19 mostraron una mayor mediana de supervivencia que aquellos no vacunados. Imagen de elaboraci\u00f3n propia a partir del estudio https:\/\/www.nature.com\/articles\/s41586-025-09655-y.\u00a0Author provided (no reuse)<\/p>\n<p class=\"wp-block-paragraph\">En resumen, el resultado es una especie de doble golpe: la vacuna pone en alerta al sistema inmunitario, mientras que la inmunoterapia evita que el tumor lo frene. Cuando ambas act\u00faan a la vez, la respuesta antitumoral parece ser m\u00e1s eficaz.<\/p>\n<p>M\u00e1s all\u00e1 de la pandemia<\/p>\n<p class=\"wp-block-paragraph\">La pandemia aceler\u00f3 el desarrollo de las vacunas de ARN mensajero y demostr\u00f3 que esta tecnolog\u00eda pod\u00eda llegar r\u00e1pidamente a millones de personas. Ahora, estudios como el que hemos explicado sugieren que sus aplicaciones podr\u00edan ir mucho m\u00e1s all\u00e1 de las enfermedades infecciosas.<\/p>\n<p class=\"wp-block-paragraph\">Comprender c\u00f3mo estas vacunas modulan el sistema inmunitario podr\u00eda abrir nuevas estrategias para mejorar tratamientos ya existentes, aunque convertir estas prometedoras ideas en herramientas cl\u00ednicas requerir\u00e1 todav\u00eda a\u00f1os de investigaci\u00f3n.<\/p>\n<p><img loading=\"lazy\" decoding=\"async\" src=\"https:\/\/www.europesays.com\/es\/wp-content\/uploads\/2026\/09\/count.gif\" alt=\"The Conversation\" width=\"1\" height=\"1\" style=\"border: none !important; box-shadow: none !important; margin: 0 !important; max-height: 1px !important; max-width: 1px !important; min-height: 1px !important; min-width: 1px !important; opacity: 0 !important; outline: none !important; padding: 0 !important\" referrerpolicy=\"no-referrer-when-downgrade\"\/><\/p>\n","protected":false},"excerpt":{"rendered":"Cuando pensamos en el sistema inmunitario, solemos imaginarlo luchando contra virus o bacterias. Sin embargo, tambi\u00e9n funciona como&hellip;\n","protected":false},"author":2,"featured_media":745379,"comment_status":"","ping_status":"","sticky":false,"template":"","format":"standard","meta":{"footnotes":""},"categories":[92],"tags":[1066,2270,25,24,165,166,23,1454],"class_list":["post-745378","post","type-post","status-publish","format-standard","has-post-thumbnail","category-salud","tag-cancer","tag-covid","tag-es","tag-espana","tag-health","tag-salud","tag-spain","tag-vacunas"],"share_on_mastodon":{"url":"https:\/\/pubeurope.com\/@es\/117206626426230768","error":""},"_links":{"self":[{"href":"https:\/\/www.europesays.com\/es\/wp-json\/wp\/v2\/posts\/745378","targetHints":{"allow":["GET"]}}],"collection":[{"href":"https:\/\/www.europesays.com\/es\/wp-json\/wp\/v2\/posts"}],"about":[{"href":"https:\/\/www.europesays.com\/es\/wp-json\/wp\/v2\/types\/post"}],"author":[{"embeddable":true,"href":"https:\/\/www.europesays.com\/es\/wp-json\/wp\/v2\/users\/2"}],"replies":[{"embeddable":true,"href":"https:\/\/www.europesays.com\/es\/wp-json\/wp\/v2\/comments?post=745378"}],"version-history":[{"count":0,"href":"https:\/\/www.europesays.com\/es\/wp-json\/wp\/v2\/posts\/745378\/revisions"}],"wp:featuredmedia":[{"embeddable":true,"href":"https:\/\/www.europesays.com\/es\/wp-json\/wp\/v2\/media\/745379"}],"wp:attachment":[{"href":"https:\/\/www.europesays.com\/es\/wp-json\/wp\/v2\/media?parent=745378"}],"wp:term":[{"taxonomy":"category","embeddable":true,"href":"https:\/\/www.europesays.com\/es\/wp-json\/wp\/v2\/categories?post=745378"},{"taxonomy":"post_tag","embeddable":true,"href":"https:\/\/www.europesays.com\/es\/wp-json\/wp\/v2\/tags?post=745378"}],"curies":[{"name":"wp","href":"https:\/\/api.w.org\/{rel}","templated":true}]}}