{"id":745392,"date":"2026-09-03T10:38:16","date_gmt":"2026-09-03T10:38:16","guid":{"rendered":"https:\/\/www.europesays.com\/es\/745392\/"},"modified":"2026-09-03T10:38:16","modified_gmt":"2026-09-03T10:38:16","slug":"20-anos-de-la-conquista-de-espana-de-su-primer-mundial-de-baloncesto-no-perdimos-ningun-partido-estabamos-en-modo-ser-campeones","status":"publish","type":"post","link":"https:\/\/www.europesays.com\/es\/745392\/","title":{"rendered":"20 a\u00f1os de la conquista de Espa\u00f1a de su primer Mundial de baloncesto: \u00abNo perdimos ning\u00fan partido, est\u00e1bamos en modo ser campeones\u00bb"},"content":{"rendered":"<p class=\"ft-text\">Este jueves 3 de septiembre se conmemora una de las <strong>grandes haza\u00f1as hist\u00f3ricas del <\/strong><a class=\"ft-link ft-link--decoration\" href=\"https:\/\/www.sport.es\/es\/noticias\/baloncesto\/espana-vuelta-nba-133701290\" rel=\"nofollow noopener\" target=\"_blank\"><strong>baloncesto espa\u00f1ol.<\/strong><\/a> Se cumplen 20 a\u00f1os de la <strong>consecuci\u00f3n del Mundial de Jap\u00f3n,<\/strong> el de la primera estrella. Siete a\u00f1os despu\u00e9s de haber derrotado a Estados Unidos en el mundial sub-18, <strong>los j\u00faniors de oro,<\/strong> complementados con otros grandes talentos nacionales, <strong>hicieron historia en Saitama.<\/strong><\/p>\n<p class=\"ft-text\"><strong>\u00c1lex Mumbr\u00fa<\/strong> record\u00f3 en &#8216;SPORT&#8217; aquel \u00e9xito tan m\u00e1gico como inesperado, y que marc\u00f3 a toda una generaci\u00f3n para engancharse al deporte del bal\u00f3n naranja. <strong>\u00abAl Mundial le tengo un cari\u00f1o especial porque nadie pensaba que pod\u00edamos ser campeones del mundo.<\/strong> Es cierto que yo y unos cuantos que estamos ah\u00ed nos unimos a la generaci\u00f3n del 80, que ha sido una de las mejores. La generaci\u00f3n de Felipe (Reyes), de Pau (Gasol), de (Juan Carlos) Navarro, de Ra\u00fal (L\u00f3pez), de (Carlos) Cabezas, de Berni (Rodr\u00edguez). <strong>Nosotros nos aprovechamos un poco de que eran incre\u00edbles jugadores, fue un Mundial un poco inesperado.<\/strong> Tambi\u00e9n fuimos los que empezamos el \u00e9xito del deporte espa\u00f1ol. Luego vino Rafa Nadal, Fernando Alonso, Espa\u00f1a gan\u00f3 el Mundial de F\u00fatbol. <strong>Ya vino todo, pero fuimos los que abrimos esa Espa\u00f1a de ganar\u00bb,<\/strong> comparti\u00f3 el exjugador de aquel m\u00edtico equipo y actual<strong> seleccionador alem\u00e1n<\/strong> y t\u00e9cnico de la <strong>Virtus Bolonia.<\/strong><\/p>\n<p><img decoding=\"async\" src=\"https:\/\/www.europesays.com\/es\/wp-content\/uploads\/2026\/09\/1e6b6221-4192-4016-8d93-6cffd78e87d8_alta-libre-aspect-ratio_default_0_x600y225.jpg\" width=\"1200\" height=\"675\" alt=\"\u00c1lex Mumbr\u00fa conquist\u00f3 el Mundial de 2006\" class=\"ft-helper-img-rd\" loading=\"lazy\" fetchpriority=\"auto\"\/><\/p>\n<p class=\"ft-helper-fontColor-quaternary ft-helper-fontSize-body-S ft-helper-spacer-t-xxs\">\u00c1lex Mumbr\u00fa conquist\u00f3 el Mundial de 2006  \/ EFE<\/p>\n<p>Un Mundial perfecto: nueve partidos, nueve victorias<\/p>\n<p class=\"ft-text\">Espa\u00f1a se plant\u00f3 en Jap\u00f3n liderada por <strong>Pepu Hern\u00e1ndez<\/strong> en el banquillo. En la fase de grupos, &#8216;La Familia&#8217; derrot\u00f3 a <strong>Nueva Zelanda (86-70), Panam\u00e1 (57-101), Alemania (71-92), Angola (93-83) y Jap\u00f3n (55-104)<\/strong> en una primera fase en la que la selecci\u00f3n ya dio muestras de su enorme potencial y calidad. Tras ese grupo inicial, llegaron las eliminatorias.<\/p>\n<p class=\"ft-text\">En octavos de final, Espa\u00f1a derrot\u00f3 a <strong>Serbia y Montenegro <\/strong>por <strong>87-75<\/strong> liderada por un <strong>Pau Gasol <\/strong>(MVP del torneo) que se fue hasta los<strong> 19 puntos y 15 rebotes,<\/strong> gan\u00e1ndole el duelo a <strong>Darko Milicic.<\/strong> En cuartos,<strong> &#8216;La Familia&#8217; pas\u00f3 por encima de Lituania (89-67)<\/strong> de nuevo con un partido para el recuerdo (25 tantos y 9 capturas) de <strong>E.T., tal y como mencionaba Andr\u00e9s Montes al mayor de los Gasol.<\/strong> Espa\u00f1a acariciaba medalla, pero en &#8216;semis&#8217; se citaban con <strong>Argentina, <\/strong>la &#8216;generaci\u00f3n dorada&#8217; que hab\u00eda subido al caj\u00f3n m\u00e1s alto del podio en los Juegos Ol\u00edmpicos de Atenas de 2004.<\/p>\n<p><img decoding=\"async\" src=\"https:\/\/www.europesays.com\/es\/wp-content\/uploads\/2026\/09\/c92ee842-39d3-4e4b-ac34-63dfc627bcef_alta-libre-aspect-ratio_default_0_x600y225.jpg\" width=\"1200\" height=\"675\" alt=\"\u00c1lex Mumbr\u00fa, en un partido con la selecci\u00f3n espa\u00f1ola\" class=\"ft-helper-img-rd\" loading=\"lazy\" fetchpriority=\"auto\"\/><\/p>\n<p class=\"ft-helper-fontColor-quaternary ft-helper-fontSize-body-S ft-helper-spacer-t-xxs\">\u00c1lex Mumbr\u00fa, en un partido con la selecci\u00f3n espa\u00f1ola  \/ EFE<\/p>\n<p>Mumbr\u00fa recuerda el t\u00edtulo: \u00abEra bastante dif\u00edcil que alguien nos pudiera ganar, est\u00e1bamos en modo ser campeones\u00bb<\/p>\n<p class=\"ft-text\">En un final de infarto, y con un triple fallado totalmente solo de <strong>Andres Nocioni<\/strong> que les hubiese eliminado, <strong>Espa\u00f1a derrot\u00f3 a la albiceleste por 75-74,<\/strong> aunque el peaje pagado para clasificarse para el partido por el t\u00edtulo fue terriblemente caro: <strong>Pau Gasol se lesion\u00f3 el pie y no pudo jugar la final.<\/strong> \u00abRecuerdo el triple de &#8216;Chapu&#8217; (Nocioni) desde el c\u00f3rner, <strong>lo tenemos en la retina todos. Est\u00e1bamos defendiendo bien a Ginobili y tir\u00f3 Chapu solo y fall\u00f3.<\/strong> Ganamos ese partido. Recuerdo la lesi\u00f3n de Pau, nos metimos en la final&#8230; <strong>No perdimos ning\u00fan partido aquel verano. Era bastante dif\u00edcil que alguien nos pudiera ganar, est\u00e1bamos en modo ser campeones.<\/strong> Pau nos hab\u00eda llevado hasta la final, pero ten\u00edamos que ganarla. Tanto Marc (Gasol) como Felipe (Reyes) estuvieron inconmensurables contra Grecia. Y vaya que si lo estuvieron.<\/p>\n<p class=\"ft-text\">El combinado heleno, con <strong>Spanoulis, Diamantidis, Papaloukas, o Kakiouzis,<\/strong> se citaba en la final despu\u00e9s de<strong> haber eliminado contra todo pron\u00f3stico a Estados Unidos (101-95)<\/strong> en uno de los mejores partidos hist\u00f3ricos de los Mundiales, y en el que se dio a conocer <strong>Sofoklis Schortsanitis,<\/strong> &#8216;Big Sofo&#8217; o &#8216;Baby Shaq&#8217;, y que en 2014 terminar\u00eda levantando la Euroliga con el Maccabi. <strong>Pero pese a la ausencia de Pau y al tremendo talento griego, no hubo final.<\/strong><\/p>\n<p><img decoding=\"async\" src=\"https:\/\/www.europesays.com\/es\/wp-content\/uploads\/2026\/09\/1ae8e060-fe8d-4b26-a984-7c6c630f7e35_alta-libre-aspect-ratio_default_0_x600y225.jpg\" width=\"1200\" height=\"675\" alt=\"Espa\u00f1a celebra en 2026 los 20 a\u00f1os de la conquista del Mundial de Jap\u00f3n\" class=\"ft-helper-img-rd\" loading=\"lazy\" fetchpriority=\"auto\"\/><\/p>\n<p class=\"ft-helper-fontColor-quaternary ft-helper-fontSize-body-S ft-helper-spacer-t-xxs\">Espa\u00f1a celebra en 2026 los 20 a\u00f1os de la conquista del Mundial de Jap\u00f3n  \/ FEB<\/p>\n<p>&#8216;Partidazo&#8217; en la final ante la potente Grecia<\/p>\n<p class=\"ft-text\"><strong>Espa\u00f1a pas\u00f3 el rodillo sobre Grecia a la que derrot\u00f3 por 47-70<\/strong> en un partido en el que <strong>Jorge Garbajosa<\/strong> y <strong>Juan Carlos Navarro<\/strong> fueron los m\u00e1ximos anotadores con <strong>20 puntos cada uno.<\/strong> El rendimiento defensivo del conjunto de Pepu fue extraordinario: los de <strong>Panagiotis Giannakis<\/strong> solo fueron capaces de anotar 12, 11, 11 y 13 puntos en los cuatro cuartos.<\/p>\n<p class=\"ft-text\"><strong>\u00abCuando dicen lo de familia, no hay otra que una familia. La selecci\u00f3n espa\u00f1ola es una familia.<\/strong> Es dif\u00edcil explicarlo porque para entenderlo tienes que estar ah\u00ed. Sigue si\u00e9ndolo a d\u00eda de hoy. Una familia donde todo el mundo quiere ir, donde todo el mundo quiere estar con la selecci\u00f3n.<strong> Da igual que est\u00e9s, te hayan llamado o no, simplemente quieres que gane la selecci\u00f3n espa\u00f1ola. Fueron a\u00f1os incre\u00edbles, all\u00ed te encontrabas con tus amigos\u00bb,<\/strong> record\u00f3 Mumbr\u00fa. Aquello fue el inicio del <strong>BA-LON-CES-TO,<\/strong> de veranos y veranos cargados de \u00e9xitos, y que, 13 a\u00f1os despu\u00e9s, desencadenaron en una segunda estrella mundial.<\/p>\n<p>La convocatoria de Espa\u00f1a para el Mundial 2006<\/p>\n<p class=\"ft-text\">Pau Gasol<\/p>\n<p class=\"ft-text\">Rudy Fern\u00e1ndez<\/p>\n<p class=\"ft-text\">Carlos Cabezas<\/p>\n<p class=\"ft-text\">Juan Carlos Navarro<\/p>\n<p class=\"ft-text\">Jos\u00e9 Manuel Calder\u00f3n<\/p>\n<p class=\"ft-text\">Felipe Reyes<\/p>\n<p class=\"ft-text\">Carlos Jim\u00e9nez<\/p>\n<p class=\"ft-text\">Sergio Rodr\u00edguez<\/p>\n<p class=\"ft-text\">Berni Rodr\u00edguez<\/p>\n<p class=\"ft-text\">Marc Gasol<\/p>\n<p class=\"ft-text\">\u00c1lex Mumbr\u00fa<\/p>\n<p class=\"ft-text\">Jorge Garbajosa<\/p>\n<p class=\"ft-text\">Entrenador: Pepu Hern\u00e1ndez<\/p>\n","protected":false},"excerpt":{"rendered":"Este jueves 3 de septiembre se conmemora una de las grandes haza\u00f1as hist\u00f3ricas del baloncesto espa\u00f1ol. Se cumplen&hellip;\n","protected":false},"author":2,"featured_media":745393,"comment_status":"","ping_status":"","sticky":false,"template":"","format":"standard","meta":{"footnotes":""},"categories":[269],"tags":[26535,299,298,168,25,24,25652,2023,3564,25164,1070,132280,23,167],"class_list":["post-745392","post","type-post","status-publish","format-standard","has-post-thumbnail","category-baloncesto","tag-20-anos","tag-baloncesto","tag-basketball","tag-deportes","tag-es","tag-espana","tag-gasol","tag-grecia","tag-japon","tag-mumbru","tag-mundial","tag-pepu","tag-spain","tag-sports"],"share_on_mastodon":{"url":"https:\/\/pubeurope.com\/@es\/117206682012855415","error":""},"_links":{"self":[{"href":"https:\/\/www.europesays.com\/es\/wp-json\/wp\/v2\/posts\/745392","targetHints":{"allow":["GET"]}}],"collection":[{"href":"https:\/\/www.europesays.com\/es\/wp-json\/wp\/v2\/posts"}],"about":[{"href":"https:\/\/www.europesays.com\/es\/wp-json\/wp\/v2\/types\/post"}],"author":[{"embeddable":true,"href":"https:\/\/www.europesays.com\/es\/wp-json\/wp\/v2\/users\/2"}],"replies":[{"embeddable":true,"href":"https:\/\/www.europesays.com\/es\/wp-json\/wp\/v2\/comments?post=745392"}],"version-history":[{"count":0,"href":"https:\/\/www.europesays.com\/es\/wp-json\/wp\/v2\/posts\/745392\/revisions"}],"wp:featuredmedia":[{"embeddable":true,"href":"https:\/\/www.europesays.com\/es\/wp-json\/wp\/v2\/media\/745393"}],"wp:attachment":[{"href":"https:\/\/www.europesays.com\/es\/wp-json\/wp\/v2\/media?parent=745392"}],"wp:term":[{"taxonomy":"category","embeddable":true,"href":"https:\/\/www.europesays.com\/es\/wp-json\/wp\/v2\/categories?post=745392"},{"taxonomy":"post_tag","embeddable":true,"href":"https:\/\/www.europesays.com\/es\/wp-json\/wp\/v2\/tags?post=745392"}],"curies":[{"name":"wp","href":"https:\/\/api.w.org\/{rel}","templated":true}]}}