{"id":745394,"date":"2026-09-03T10:39:13","date_gmt":"2026-09-03T10:39:13","guid":{"rendered":"https:\/\/www.europesays.com\/es\/745394\/"},"modified":"2026-09-03T10:39:13","modified_gmt":"2026-09-03T10:39:13","slug":"la-estrategia-de-flick-y-del-barca-con-hamza-abdelkarim","status":"publish","type":"post","link":"https:\/\/www.europesays.com\/es\/745394\/","title":{"rendered":"La estrategia de Flick (y del Bar\u00e7a) con Hamza Abdelkarim"},"content":{"rendered":"<p class=\"ft-text\">El <strong>Bar\u00e7a <\/strong>marc\u00f3 diez goles durante la pretemporada y cuatro de ellos fueron de <strong>Hamza Abdelkarim<\/strong>, que acab\u00f3 siendo el m\u00e1ximo anotador en los amistosos previos al inicio de la Liga. <strong>Raphinha <\/strong>(2), <strong>Bisiwu <\/strong>(2), <strong>Adeyemi <\/strong>y <strong>Lamine Yamal<\/strong> completaron la lista para los blaugrana. Las extraordinarias cifras y, sobre todo, <a class=\"ft-link ft-link--decoration\" href=\"https:\/\/www.sport.es\/es\/noticias\/barca\/revolucion-hamza-abdelkarim-barca-pasos-lamine-yamal-133499331\" rel=\"nofollow noopener\" target=\"_blank\">las muy buenas sensaciones que dej\u00f3 el jugador egipcio m\u00e1s all\u00e1 de su capacidad goleadora<\/a>, permit\u00edan imaginar que el delantero tendr\u00eda cierto protagonismo en el arranque oficial de la campa\u00f1a, pero no ha sido as\u00ed.<\/p>\n<p class=\"ft-text\">Los resultados, por supuesto, dan <a class=\"ft-link ft-link--decoration\" href=\"https:\/\/www.sport.es\/es\/noticias\/barca\/reluce-raphinha-133818528\" rel=\"nofollow noopener\" target=\"_blank\">la raz\u00f3n a Hansi Flick, cuya apuesta por Raphinha es firme y la respuesta del jugador confirma que no es equivocada<\/a>. Todo lo contrario. Suma ya cinco goles en las tres primeras jornadas de Liga. Sorprende, pese a todo, que el joven futbolista, de solo 18 a\u00f1os, no jugara ni un solo minuto ante el Elche en el Mart\u00ednez Valero y tampoco lo hicieran ante el <strong>Athletic <\/strong>en casa. S\u00ed, en cambio, entr\u00f3 cuando solo faltaban cuatro minutos en la goleada en el Camp Nou al Rayo Vallecano. Tres partidos, cuatro minutos.<\/p>\n<p><img decoding=\"async\" src=\"https:\/\/www.europesays.com\/es\/wp-content\/uploads\/2026\/09\/40d4b384-cf7a-4f33-b3cf-2f69753ac714_alta-libre-aspect-ratio_default_0_x1000y444.jpg\" width=\"1200\" height=\"800\" alt=\"Hamza es uno de los jugadores citados por Flick para el partido ante el Elche\" class=\"ft-helper-img-rd\" loading=\"lazy\" fetchpriority=\"auto\"\/><\/p>\n<p class=\"ft-helper-fontColor-quaternary ft-helper-fontSize-body-S ft-helper-spacer-t-xxs\">Hamza es uno de los jugadores citados por Flick para el partido ante el Elche  \/ AFP7 v\u00eda Europa Press<\/p>\n<p class=\"ft-text\">Se trata de una cifra muy escasa para alguien que llegaba con el cartel de m\u00e1ximo anotador de la pretemporada. Pero existe una raz\u00f3n de peso para ello y, a estos niveles, no existen las casualidades. <strong>Hamza Abdelkarim<\/strong> tiene un contrato absolutamente desfasado, sobre todo en lo que se refiere a su cl\u00e1usula de rescisi\u00f3n, que ahora es de 15 millones de euros. Una cifra irrisoria ante el potencial econ\u00f3mico del f\u00fatbol europeo, sobre todo los ingleses. <strong>Flick ha escondido al jugador de forma consciente, en plena consonancia, como as\u00ed lo hacen todo, con la direcci\u00f3n deportiva que lidera Deco<\/strong>. Nadie quiso correr el riesgo de una explosi\u00f3n similar a la pretemporada en partidos oficiales con el mercado de fichajes a\u00fan abierto. <\/p>\n<p>Tiempo para revisar el contrato<\/p>\n<p class=\"ft-text\">Una vez cerrado, y con m\u00e1s calma, el club podr\u00e1 acometer una mejora contractual que ya estaba prevista, pero que, precisamente por la intensidad con la que se trabaja en los \u00faltimos d\u00edas del cierre de mercado, se dej\u00f3 para m\u00e1s adelante. <a class=\"ft-link ft-link--decoration\" href=\"https:\/\/www.sport.es\/es\/noticias\/barca\/barca-prepara-gran-mejora-contrato-133542778\" rel=\"nofollow noopener\" target=\"_blank\">La idea del Bar\u00e7a es colocar una cl\u00e1usula de rescisi\u00f3n muy importante, de 150 millones de euros, es decir, un 900% de incremento<\/a>, una cifra que permitir\u00e1 al futbolista, si <strong>Flick <\/strong>lo considera oportuno, disfrutar de m\u00e1s minutos en el primer equipo.<\/p>\n<p><img decoding=\"async\" src=\"https:\/\/www.europesays.com\/es\/wp-content\/uploads\/2026\/09\/e0746ba5-1d0b-4eba-bc5f-956e255f9b52_alta-libre-aspect-ratio_default_0_x600y225.jpg\" width=\"1200\" height=\"675\" alt=\"El curioso gesto de Hamza Abdelkarim\" class=\"ft-helper-img-rd\" loading=\"lazy\" fetchpriority=\"auto\"\/><\/p>\n<p class=\"ft-helper-fontColor-quaternary ft-helper-fontSize-body-S ft-helper-spacer-t-xxs\">El curioso gesto de Hamza Abdelkarim  \/ Dani Barbeito<\/p>\n<p class=\"ft-text\">Tambi\u00e9n existen otras variables, aunque no tan determinantes para haberle escondido como el riesgo a una fuga. <a class=\"ft-link ft-link--decoration\" href=\"https:\/\/www.sport.es\/es\/noticias\/barca\/barca-prepara-gran-mejora-contrato-133542778\" rel=\"nofollow noopener\" target=\"_blank\">Seg\u00fan &#8216;WinWin&#8217;, el Al-Alhy egipcio recibir\u00e1 750.000 euros cuando Hamza dispute cinco partidos oficiales con el primer equipo<\/a>, aunque siempre que juegue un m\u00ednimo de 45 minutos en cada uno de ellos. Esta cantidad puede aumentar en funci\u00f3n de sus apariciones, hasta alcanzar un m\u00e1ximo de dos millones de euros. Por otro lado, el conjunto asi\u00e1tico recibir\u00e1 300.000 euros cuando Hamza alcance los cinco goles, una cantidad que tambi\u00e9n puede incrementarse progresivamente hasta llegar a un m\u00e1ximo de 1,5 millones de euros. <strong>Si se cumplen todas las previsiones redactadas en el acuerdo de traspaso por 1,5 millones fijos, podr\u00eda llegarse a los cinco millones, es decir, 6,5 en total<\/strong>. Una cantidad que, si su rendimiento es el que promete, ser\u00eda an\u00e9cdotica.<\/p>\n<p class=\"ft-text\">En todo caso, tanto por parte del jugador como de su agente, <strong>Christian Emile<\/strong>, y del propio club existe una enorme sinton\u00eda y no existir\u00e1 ning\u00fan problema para que se adecue su constrato, con todo lo que ello supone, a la nueva realidad que est\u00e1 viviendo <strong>Abdelkarim <\/strong>desde que arranc\u00f3 el verano. Seguir\u00e1 teniendo ficha del Bar\u00e7a Atl\u00e8tic, aunque se mantendr\u00e1 en din\u00e1mica de primer equipo a la espera de que<strong> Hansi Flick <\/strong>le d\u00e9 protagonismo.<\/p>\n","protected":false},"excerpt":{"rendered":"El Bar\u00e7a marc\u00f3 diez goles durante la pretemporada y cuatro de ellos fueron de Hamza Abdelkarim, que acab\u00f3&hellip;\n","protected":false},"author":2,"featured_media":745395,"comment_status":"","ping_status":"","sticky":false,"template":"","format":"standard","meta":{"footnotes":""},"categories":[268],"tags":[105622,2296,168,25,24,1090,881,4970,280,282,76821,78882,281,23,167],"class_list":["post-745394","post","type-post","status-publish","format-standard","has-post-thumbnail","category-futbol","tag-abdelkarim","tag-barca","tag-deportes","tag-es","tag-espana","tag-estrategia","tag-fc-barcelona","tag-flick","tag-football","tag-futbol","tag-hamza","tag-hamza-abdelkarim","tag-soccer","tag-spain","tag-sports"],"share_on_mastodon":{"url":"https:\/\/pubeurope.com\/@es\/117206683715422746","error":""},"_links":{"self":[{"href":"https:\/\/www.europesays.com\/es\/wp-json\/wp\/v2\/posts\/745394","targetHints":{"allow":["GET"]}}],"collection":[{"href":"https:\/\/www.europesays.com\/es\/wp-json\/wp\/v2\/posts"}],"about":[{"href":"https:\/\/www.europesays.com\/es\/wp-json\/wp\/v2\/types\/post"}],"author":[{"embeddable":true,"href":"https:\/\/www.europesays.com\/es\/wp-json\/wp\/v2\/users\/2"}],"replies":[{"embeddable":true,"href":"https:\/\/www.europesays.com\/es\/wp-json\/wp\/v2\/comments?post=745394"}],"version-history":[{"count":0,"href":"https:\/\/www.europesays.com\/es\/wp-json\/wp\/v2\/posts\/745394\/revisions"}],"wp:featuredmedia":[{"embeddable":true,"href":"https:\/\/www.europesays.com\/es\/wp-json\/wp\/v2\/media\/745395"}],"wp:attachment":[{"href":"https:\/\/www.europesays.com\/es\/wp-json\/wp\/v2\/media?parent=745394"}],"wp:term":[{"taxonomy":"category","embeddable":true,"href":"https:\/\/www.europesays.com\/es\/wp-json\/wp\/v2\/categories?post=745394"},{"taxonomy":"post_tag","embeddable":true,"href":"https:\/\/www.europesays.com\/es\/wp-json\/wp\/v2\/tags?post=745394"}],"curies":[{"name":"wp","href":"https:\/\/api.w.org\/{rel}","templated":true}]}}