{"id":745396,"date":"2026-09-03T10:45:17","date_gmt":"2026-09-03T10:45:17","guid":{"rendered":"https:\/\/www.europesays.com\/es\/745396\/"},"modified":"2026-09-03T10:45:17","modified_gmt":"2026-09-03T10:45:17","slug":"hollywood-se-rinde-a-los-javis-y-la-bola-negra-ya-parte-como-favorita-a-todo-en-los-oscar-el-mundo","status":"publish","type":"post","link":"https:\/\/www.europesays.com\/es\/745396\/","title":{"rendered":"Hollywood se rinde a los Javis y &#039;La bola negra&#039; ya parte como favorita a todo en los Oscar &#8211; El Mundo"},"content":{"rendered":"<ol>\n<li><a href=\"https:\/\/news.google.com\/rss\/articles\/CBMiggFBVV95cUxQUGhMbHR6MlVhaVlyVDlldXB4Q2J3X1FGcEZZVEN5aUJKck1xcGF3YnFCNGtlYkhJWndGWVRrbjVyc2QwOXEtQzRBQ1BpQXRuVjVSN2dnaFJjRzF6dXM4emZ0c3NvQ01RRHdZdlZpZGhwa1dzMllMa3g3enVWTzRQa2J30gGCAUFVX3lxTE5xTHZwOW5RM3BqckpzOUprSENWS1A1bEpJeUVLeUhGdFhRaURRWDJhbTE5bTNiQlh5bmZfVkhXZm05X2NMR1VmRkNfWWdYZWs1SFVRSzhud1dFN0FKb0hMQ2Q3YXVDNWJMYjRUQk9qLXNPRHI5aFBXRGZtbHB6cF9JUGc?oc=5\" target=\"_blank\" rel=\"nofollow noopener\">Hollywood se rinde a los Javis y &#8216;La bola negra&#8217; ya parte como favorita a todo en los Oscar<\/a>&nbsp;&nbsp;El Mundo<\/li>\n<li><a href=\"https:\/\/news.google.com\/rss\/articles\/CBMiiwFBVV95cUxQd2VjSHRmYzBLanBnU0NVd2xHcjh1YkVTZmVaZTBhUW9qa0RuVjZhVEd4MFFQN1c0VkU4YVpXQW9DZ28xVG9XaDZCY1lPMEFUOHVoTHFkYjNTNkZPTGhSTHNnUnpOMkRmY0o2ZXR4a280RF9NQU45YV9DNVZWSHFPcHZnLUFpUkhKNlJR?oc=5\" target=\"_blank\" rel=\"nofollow noopener\">Amantes y cineastas, su pel\u00edcula revelaci\u00f3n casi fue el final<\/a>&nbsp;&nbsp;The New York Times<\/li>\n<li><a href=\"https:\/\/news.google.com\/rss\/articles\/CBMi8AFBVV95cUxNS05lek1YOUVfbWtRXzNMLWI0SUhTRVo0SGluRjNZMVN5cEtBQWJid2cwc2x0NmlDQzBVRVh5cXVabTVKMnY1MDBoN2djdzU1d1Z5UHJhY2ZGenhCeEYtNjFuaVRBOUR4c2hTVzBfeTJvMXNDczQ1Y1ktbTJoZW5udTNqVjJLeVRVVUtrMjhOdC1zRTJjczV3RXpZelBqdVd0UjVTelRpUU1CWjJ5RkIyV2I3eDUycVN0Yk1NQnNsQ1NiaVg4dk9ubUNFUVZTNmt0MHcyT2FaNVAzV3Z3YVdNTExZX19FcmM4Ylgxd2ktVXHSAfABQVVfeXFMTW9iTkxiNDYya3lBd3BLMHloZ2xBZ1Y4dGZ3MUZpX1dUWmVNdHJDUzJzZXQyQV94Q1dYRlpRQnE4SmJKNVBCamY4YTBIZHQ5b21IU0c5a3gwRGtEcXZMUVg3LV9XV0FETlNodjYxWjZ3bkVfNmx2bEw3aVJoY01obU4tam5veWZWY1VtWVE0ZTFzMmpySjdDcUNoajdkLWhTMWJZTy0tUzZ2YTJ3Ul84UWJ5STVpWTlnWDgtX19VMjEyNW82RzZuQzlvVmduNnFrSzJMOXQ5VXdMYWZhNy1fcE14SFpzb2dFOWxNSGU4VEQz?oc=5\" target=\"_blank\" rel=\"nofollow noopener\">\u00abLa Bola Negra\u00bb estrena su tr\u00e1iler internacional, con im\u00e1genes in\u00e9ditas de Guitarricadelafuente<\/a>&nbsp;&nbsp;EuropaFM<\/li>\n<li><a href=\"https:\/\/news.google.com\/rss\/articles\/CBMickFVX3lxTE1RYnFxNEVVMFZSdk15Q0N0cUlZTC1pVno3a2hoZ2NfQ0lZWGlJeE5YdkI1M0FBWUhLRnRPUGlNd0ttSERjM2ZMYkF1c2xyR0ZBRFk5NF9xYXNUS3JrYzJNN2RiYkRiTEVnR2xwTGlkekhCQdIBd0FVX3lxTFBKbWVlR1Y0c0tpbU5MSFF2NHJkRWlWQ25Bd3g0RDFGMmlGWXZlU2M2VTROT2ZNdW5UNkV1Z0J5QlR2M2tvVFJFdW13cHBScGpwWlY2b1dtYVF4NTVJd2xBRVhQdTFzUTFubEZtREwwekl4NDFxM3BZ?oc=5\" target=\"_blank\" rel=\"nofollow noopener\">\u2018La bola negra\u2019 estrena tr\u00e1iler en Netflix y ya apunta a los Oscar<\/a>&nbsp;&nbsp;jenesaispop.com<\/li>\n<li><a href=\"https:\/\/news.google.com\/rss\/articles\/CBMizgFBVV95cUxPZzNsYy1vZ3lLdFV6UTVXaU5zRzJGMjZsMENhYzZScmRuYkgwN1hjWGJNM0wtdGhUS00wUGxpd0xtOWt0Wm5rdU5LZ05nRnNwWUlUU25KeGVfVWk1TlRnSC15U0JVVExXLUVUa25ZMDF4c0w1S3FvdUU1WmlVZ0ZscUFtU2NTNDFGclVsdE10MlFqNmpnMXQ3am5jcjRzNUprQTBEbnNxYVVldlluSENrdWZtNUJ1V2Y1Z0NsVFdEOGxHeUN6ajhRTFVOQVBLZw?oc=5\" target=\"_blank\" rel=\"nofollow noopener\">&#8216;La bola negra&#8217; de los Javis conquista Hollywood: Netflix dise\u00f1a un despliegue in\u00e9dito y se perfila como candidata a varios Oscar<\/a>&nbsp;&nbsp;El Confidencial<\/li>\n<\/ol>\n","protected":false},"excerpt":{"rendered":"Hollywood se rinde a los Javis y &#8216;La bola negra&#8217; ya parte como favorita a todo en los&hellip;\n","protected":false},"author":2,"featured_media":745397,"comment_status":"","ping_status":"","sticky":false,"template":"","format":"standard","meta":{"footnotes":""},"categories":[169],"tags":[177,4176,146,147,25,24,176,12491,175,7638,23],"class_list":["post-745396","post","type-post","status-publish","format-standard","has-post-thumbnail","category-cine","tag-cine","tag-cultura-cine","tag-entertainment","tag-entretenimiento","tag-es","tag-espana","tag-film","tag-los-javis","tag-movies","tag-premios-oscar","tag-spain"],"share_on_mastodon":{"url":"https:\/\/pubeurope.com\/@es\/117206707485704200","error":""},"_links":{"self":[{"href":"https:\/\/www.europesays.com\/es\/wp-json\/wp\/v2\/posts\/745396","targetHints":{"allow":["GET"]}}],"collection":[{"href":"https:\/\/www.europesays.com\/es\/wp-json\/wp\/v2\/posts"}],"about":[{"href":"https:\/\/www.europesays.com\/es\/wp-json\/wp\/v2\/types\/post"}],"author":[{"embeddable":true,"href":"https:\/\/www.europesays.com\/es\/wp-json\/wp\/v2\/users\/2"}],"replies":[{"embeddable":true,"href":"https:\/\/www.europesays.com\/es\/wp-json\/wp\/v2\/comments?post=745396"}],"version-history":[{"count":0,"href":"https:\/\/www.europesays.com\/es\/wp-json\/wp\/v2\/posts\/745396\/revisions"}],"wp:featuredmedia":[{"embeddable":true,"href":"https:\/\/www.europesays.com\/es\/wp-json\/wp\/v2\/media\/745397"}],"wp:attachment":[{"href":"https:\/\/www.europesays.com\/es\/wp-json\/wp\/v2\/media?parent=745396"}],"wp:term":[{"taxonomy":"category","embeddable":true,"href":"https:\/\/www.europesays.com\/es\/wp-json\/wp\/v2\/categories?post=745396"},{"taxonomy":"post_tag","embeddable":true,"href":"https:\/\/www.europesays.com\/es\/wp-json\/wp\/v2\/tags?post=745396"}],"curies":[{"name":"wp","href":"https:\/\/api.w.org\/{rel}","templated":true}]}}