{"id":745398,"date":"2026-09-03T10:46:18","date_gmt":"2026-09-03T10:46:18","guid":{"rendered":"https:\/\/www.europesays.com\/es\/745398\/"},"modified":"2026-09-03T10:46:18","modified_gmt":"2026-09-03T10:46:18","slug":"30-anos-abriendo-camino-la-gestilar-ladies-cup-cumple-tres-decadas-como-referente-de-la-vela-femenina-en-espana-%c2%b7-monte-real-club-de-yates-baiona","status":"publish","type":"post","link":"https:\/\/www.europesays.com\/es\/745398\/","title":{"rendered":"30 a\u00f1os abriendo camino: La Gestilar Ladies Cup cumple tres d\u00e9cadas como referente de la vela femenina en Espa\u00f1a \u00b7 Monte Real Club de Yates Baiona"},"content":{"rendered":"<p><strong>\u00b7 La competici\u00f3n, pionera en Espa\u00f1a, reunir\u00e1 del 4 al 6 de septiembre a tripulaciones femeninas nacionales e internacionales dentro del 41\u00ba Trofeo Pr\u00edncipe de Asturias<\/strong><\/p>\n<p><strong>\u00b7 Los equipos \u00edntegramente femeninos competir\u00e1n en igualdad de condiciones, a bordo de F\u00edgaros id\u00e9nticos y con un m\u00e1ximo de nueve pruebas en tres jornadas<\/strong><\/p>\n<p><strong>\u00b7 Tres d\u00e9cadas despu\u00e9s de su creaci\u00f3n, la Ladies Cup contin\u00faa siendo una de las grandes referencias de la vela femenina espa\u00f1ola y una de las iniciativas m\u00e1s longevas para impulsar la participaci\u00f3n de las mujeres en la competici\u00f3n<\/strong><\/p>\n<p><img loading=\"lazy\" decoding=\"async\" class=\"alignnone wp-image-141437\" src=\"https:\/\/www.europesays.com\/es\/wp-content\/uploads\/2026\/09\/WEB-LADIES-CUP-600x424.jpg\" alt=\"\" width=\"700\" height=\"495\"  \/><\/p>\n<p>Baiona volver\u00e1 a convertirse el primer fin de semana de septiembre en uno de los grandes escenarios de la vela femenina espa\u00f1ola con la celebraci\u00f3n de una nueva edici\u00f3n de la Gestilar Ladies Cup en el marco del 41\u00ba Trofeo Pr\u00edncipe de Asturias, organizado por el Monte Real Club de Yates y la Escuela Naval Militar.<\/p>\n<p>Ser\u00e1 una edici\u00f3n especialmente simb\u00f3lica porque se conmemoran los 30 a\u00f1os de una competici\u00f3n que naci\u00f3 para abrir espacio a las mujeres en un deporte en el que su presencia era entonces mucho menor. Tres d\u00e9cadas despu\u00e9s, la cita mantiene intacto el esp\u00edritu con el que naci\u00f3 y se ha convertido en una de las iniciativas de mayor tradici\u00f3n para la promoci\u00f3n de la vela femenina en Espa\u00f1a.<\/p>\n<p>Por la competici\u00f3n han pasado regatistas ol\u00edmpicas, campeonas nacionales, deportistas internacionales y representantes de algunos de los clubes n\u00e1uticos m\u00e1s destacados del pa\u00eds. En este 2026, las protagonistas de la Gestilar Ladies Cup ser\u00e1n seis tripulaciones procedentes de distintos puntos de Espa\u00f1a y Portugal, adem\u00e1s de una representaci\u00f3n internacional de Chile, que aportar\u00e1 variedad y experiencia a la flota.<\/p>\n<p><img loading=\"lazy\" decoding=\"async\" class=\"wp-image-141439\" src=\"https:\/\/www.europesays.com\/es\/wp-content\/uploads\/2026\/09\/Las-regatistas-de-la-Gestilar-Ladies-Cup-compiten-en-6-barcos-identicos-Foto-Lalo-R-Villar-600x400.j.jpeg\" alt=\"\" width=\"700\" height=\"467\"  \/>\u2013 Las regatistas de la Gestilar Ladies Cup compiten en 6 barcos id\u00e9nticos \u2013 Foto Lalo R Villar<\/p>\n<p>Entre las participantes estar\u00e1n las tripulaciones del Real Club N\u00e1utico de Pollen\u00e7a, patroneada por Pilar Casares; del Real Club N\u00e1utico de A Coru\u00f1a, con Sof\u00eda Toro como patrona; y del Club YCOIHC de Chile, con Aurellia Zulueta al frente. Completan la flota una tripulaci\u00f3n de Alicante, patroneada por Nuria S\u00e1nchez, y las representantes del Clube Naval de Cascais y del Club N\u00e1utico de Ibiza.<\/p>\n<p>Las 36 deportistas convocadas llegar\u00e1n a Baiona en un a\u00f1o especial por la celebraci\u00f3n del aniversario pero con un dato que demuestra que el camino hacia la igualdad todav\u00eda contin\u00faa. Seg\u00fan las licencias federativas de 2025 de la vela espa\u00f1ola, que fueron un\u00a0 total 18.719 licencias, solo 4.286 correspondieron a mujeres, frente a las 14.433 de los hombres. Son 22,9 % del total.<\/p>\n<p>En Galicia, de las 1.817 licencias registradas, 439 fueron femeninas y 1.378 masculinas, lo que sit\u00faa la participaci\u00f3n de las mujeres en el 24,2 %. Es decir, aproximadamente tres de cada cuatro licencias de vela siguen correspondiendo a hombres. La cifra del Monte Real es algo m\u00e1s alta, y de todas las licencias del club, son femeninas un 36,2 por ciento.<\/p>\n<p><img loading=\"lazy\" decoding=\"async\" class=\"wp-image-141441\" src=\"https:\/\/www.europesays.com\/es\/wp-content\/uploads\/2026\/09\/Patronas-de-la-Gestilar-Ladies-Cup-de-2023-en-la-sala-de-juntas-del-Monte-Real-Foto-Rosana-Calvo-600.jpeg\" alt=\"\" width=\"700\" height=\"419\"  \/>\u2013 Patronas de la Gestilar Ladies Cup de 2023 en la sala de juntas del Monte Real \u2013 Foto Rosana Calvo<\/p>\n<p>Es en este contexto en el que el trabajo desarrollado durante d\u00e9cadas por el Monte Real Club de Yates adquiere una especial relevancia. El club fue pionero en la creaci\u00f3n de espacios espec\u00edficos para la competici\u00f3n femenina y ha mantenido una apuesta continuada por aumentar la presencia de mujeres en la vela, desde la base hasta la alta competici\u00f3n. Una l\u00ednea de trabajo que en los \u00faltimos a\u00f1os se ha reforzado con iniciativas como el programa \u201cVela en Femenino\u201d, la creaci\u00f3n de equipos de mujeres, la participaci\u00f3n en competiciones auton\u00f3micas y nacionales y la promoci\u00f3n de la formaci\u00f3n y la inclusi\u00f3n.<\/p>\n<p>La propia Gestilar Ladies Cup es uno de los ejemplos m\u00e1s longevos de ese compromiso. Tres d\u00e9cadas despu\u00e9s de su primera edici\u00f3n, sigue ofreciendo a las regatistas un escenario de competici\u00f3n, visibilidad y creaci\u00f3n de referentes, contribuyendo a que cada vez m\u00e1s mujeres encuentren en la vela un espacio de desarrollo deportivo.<\/p>\n<p><img loading=\"lazy\" decoding=\"async\" class=\"wp-image-141443\" src=\"https:\/\/www.europesays.com\/es\/wp-content\/uploads\/2026\/09\/El-sorteo-de-la-Gestilar-Ladies-Cup-marca-el-inicio-del-Trofeo-Principe-de-Asturias-Foto-\u00a9-Rosana-Ca.jpeg\" alt=\"\" width=\"700\" height=\"453\"  \/>\u2013 El sorteo de la Gestilar Ladies Cup marca el inicio del Trofeo Pr\u00edncipe de Asturias \u2013 Foto \u00a9 Rosana Calvo<\/p>\n<p>La edici\u00f3n de este 2026 cuenta, un a\u00f1o m\u00e1s, con el respaldo de Gestilar, patrocinador de la competici\u00f3n, cuya colaboraci\u00f3n permite mantener viva una prueba que se ha convertido en una de las grandes citas de la vela femenina en Galicia.<\/p>\n<p>En el agua, la cita mantendr\u00e1 uno de sus principales atractivos: la igualdad de condiciones. Las tripulaciones competir\u00e1n a bordo de F\u00edgaros id\u00e9nticos proporcionados por la organizaci\u00f3n, eliminando las diferencias t\u00e9cnicas entre embarcaciones y haciendo que el resultado dependa de la preparaci\u00f3n, la estrategia, la toma de decisiones y el trabajo en equipo.<\/p>\n<p><img loading=\"lazy\" decoding=\"async\" class=\"wp-image-141445\" src=\"https:\/\/www.europesays.com\/es\/wp-content\/uploads\/2026\/09\/La-Gestilar-Ladies-Cup-se-decide-en-pruebas-barlovento-sotavento-Foto-Lalo-R-Villar--600x412.jpg\" alt=\"\" width=\"700\" height=\"480\"  \/>\u2013 La Gestilar Ladies Cup se decide en pruebas barlovento sotavento \u2013 Foto Lalo R Villar<\/p>\n<p>El programa contempla hasta nueve pruebas durante las tres jornadas. La competici\u00f3n comenzar\u00e1 este viernes 4 de septiembre a las 15:30 horas, continuar\u00e1 el s\u00e1bado desde las 12:00 y concluir\u00e1 el domingo, tambi\u00e9n a partir del mediod\u00eda. La entrega de premios del Trofeo Pr\u00edncipe de Asturias, en el que tambi\u00e9n se entregar\u00e1n los galardones de la Ladies Cup, est\u00e1 prevista para las 18:30 horas.<\/p>\n<p>Gestilar es el patrocinador de la competici\u00f3n femenina, ABANCA del Trofeo Pr\u00edncipe de Asturias en general y Terras Gauda de los Premios Nacionales de Vela. Tambi\u00e9n patrocinan Galicia Calidade, Mercedes Benz, Delta Caf\u00e9s, Vithas Vigo y Pradecon; y colaboran la Xunta de Galicia a trav\u00e9s de Turismo de Galicia, la Diputaci\u00f3n de Pontevedra y Turismo R\u00edas Baixas, Zelnova Zeltia, Paradores, Vanguard Marine, Aceites Abril, Coca Cola, Onda Cero, Foxy, \u00a1HOLA!, Solventis, Gadis, Helly Hansen y la Televisi\u00f3n de Galicia.<\/p>\n<p>\u00a0<\/p>\n<p><strong>PROGRAMA OFICIAL DEL EVENTO<\/strong><\/p>\n<p><img loading=\"lazy\" decoding=\"async\" class=\"alignnone wp-image-141431\" src=\"https:\/\/www.europesays.com\/es\/wp-content\/uploads\/2026\/09\/PROGRAMA-41-TROFEO-PRINCIPE-DE-ASTURIAS-600x509.png\" alt=\"\" width=\"700\" height=\"594\"  \/><\/p>\n<p>\u00a0<\/p>\n","protected":false},"excerpt":{"rendered":"\u00b7 La competici\u00f3n, pionera en Espa\u00f1a, reunir\u00e1 del 4 al 6 de septiembre a tripulaciones femeninas nacionales e&hellip;\n","protected":false},"author":2,"featured_media":745399,"comment_status":"","ping_status":"","sticky":false,"template":"","format":"standard","meta":{"footnotes":""},"categories":[93],"tags":[25823,634,168,25,24,816,132281,132282,33806,33807,35111,35112,33808,20502,23,167,33809,1794,1274],"class_list":["post-745398","post","type-post","status-publish","format-standard","has-post-thumbnail","category-deportes","tag-baiona","tag-deporte","tag-deportes","tag-es","tag-espana","tag-galicia","tag-gestilar","tag-gestilar-ladies-cup","tag-monte-real-club-de-yates","tag-mrcyb","tag-nautica","tag-premios-nacionales-de-vela","tag-principe-de-asturias","tag-rias-baixas","tag-spain","tag-sports","tag-trofeo-principe-de-asturias","tag-vela","tag-vigo"],"share_on_mastodon":{"url":"https:\/\/pubeurope.com\/@es\/117206713459083544","error":""},"_links":{"self":[{"href":"https:\/\/www.europesays.com\/es\/wp-json\/wp\/v2\/posts\/745398","targetHints":{"allow":["GET"]}}],"collection":[{"href":"https:\/\/www.europesays.com\/es\/wp-json\/wp\/v2\/posts"}],"about":[{"href":"https:\/\/www.europesays.com\/es\/wp-json\/wp\/v2\/types\/post"}],"author":[{"embeddable":true,"href":"https:\/\/www.europesays.com\/es\/wp-json\/wp\/v2\/users\/2"}],"replies":[{"embeddable":true,"href":"https:\/\/www.europesays.com\/es\/wp-json\/wp\/v2\/comments?post=745398"}],"version-history":[{"count":0,"href":"https:\/\/www.europesays.com\/es\/wp-json\/wp\/v2\/posts\/745398\/revisions"}],"wp:featuredmedia":[{"embeddable":true,"href":"https:\/\/www.europesays.com\/es\/wp-json\/wp\/v2\/media\/745399"}],"wp:attachment":[{"href":"https:\/\/www.europesays.com\/es\/wp-json\/wp\/v2\/media?parent=745398"}],"wp:term":[{"taxonomy":"category","embeddable":true,"href":"https:\/\/www.europesays.com\/es\/wp-json\/wp\/v2\/categories?post=745398"},{"taxonomy":"post_tag","embeddable":true,"href":"https:\/\/www.europesays.com\/es\/wp-json\/wp\/v2\/tags?post=745398"}],"curies":[{"name":"wp","href":"https:\/\/api.w.org\/{rel}","templated":true}]}}