{"id":745408,"date":"2026-09-03T10:51:13","date_gmt":"2026-09-03T10:51:13","guid":{"rendered":"https:\/\/www.europesays.com\/es\/745408\/"},"modified":"2026-09-03T10:51:13","modified_gmt":"2026-09-03T10:51:13","slug":"hallan-muertos-a-un-hombre-dos-ninos-y-una-mujer-en-francia-tras-un-posible-crimen-familiar-con-fusil","status":"publish","type":"post","link":"https:\/\/www.europesays.com\/es\/745408\/","title":{"rendered":"Hallan muertos a un hombre, dos ni\u00f1os y una mujer en Francia tras un posible crimen familiar con fusil"},"content":{"rendered":"<p>Cuatro personas de una misma familia <strong>fueron halladas muertas<\/strong> el mi\u00e9rcoles por la noche en Gy, en Haute-Sa\u00f4ne, un municipio situado no lejos de Besan\u00e7on. Entre las v\u00edctimas <strong>hay dos ni\u00f1os de seis y nueve a\u00f1os<\/strong>. Los cuerpos fueron descubiertos hacia las 20:00 en un terreno en el que hay caravanas y mobil homes.<\/p>\n<p>          <img decoding=\"async\" class=\"c-ad__placeholder__logo\" src=\"https:\/\/static.euronews.com\/website\/images\/logos\/logo-euronews-stacked-outlined-72x72-grey-9.svg\" width=\"72\" height=\"72\" alt=\"\" loading=\"lazy\"\/><br \/>\n          PUBLICIDAD<\/p>\n<p>          <img decoding=\"async\" class=\"c-ad__placeholder__logo\" src=\"https:\/\/static.euronews.com\/website\/images\/logos\/logo-euronews-stacked-outlined-72x72-grey-9.svg\" width=\"72\" height=\"72\" alt=\"\" loading=\"lazy\"\/><br \/>\n          PUBLICIDAD<\/p>\n<p>Seg\u00fan una fuente oficial, las v\u00edctimas son un hombre, los dos menores y una mujer. La relaci\u00f3n entre esta \u00faltima y el resto de las v\u00edctimas a\u00fan debe establecerse con precisi\u00f3n. Seg\u00fan la informaci\u00f3n de nuestros colegas de &#8216;<strong>L&#8217;Est R\u00e9publicain&#8217;<\/strong>, podr\u00eda ser la suegra del padre de familia.<\/p>\n<p>Hallan un arma de fuego en el lugar<\/p>\n<p>Las circunstancias de la tragedia <strong>siguen por esclarecerse<\/strong>. Seg\u00fan el diario regional, el hombre habr\u00eda utilizado un fusil para disparar contra sus familiares antes de volverse el arma contra s\u00ed mismo. Esta versi\u00f3n <strong>deber\u00e1 ser confirmada<\/strong> por las investigaciones, que comenzaron durante la noche.<\/p>\n<p>Los cuerpos fueron encontrados en dos lugares, uno en una furgoneta y los otros tres en un mobil home. Una vecina indic\u00f3 a L&#8217;Est R\u00e9publicain que hab\u00eda o\u00eddo disparos por la noche. Poco antes, hab\u00eda visto a uno de los menores, <strong>aproximadamente media hora antes<\/strong>.<\/p>\n<p>Un amplio dispositivo de la Gendarmer\u00eda, apoyado por una treintena de Bomberos, se despleg\u00f3 en el lugar durante la noche. Los t\u00e9cnicos en identificaci\u00f3n criminal procedieron a las primeras comprobaciones y a la recogida de muestras, con el objetivo, entre otros, de <strong>determinar con precisi\u00f3n el desarrollo de los hechos<\/strong>.<\/p>\n<p>El fiscal de la Rep\u00fablica de Vesoul se desplaz\u00f3 al lugar, igual que el alcalde de Gy, Alexandre Lacroix. Este \u00faltimo reuni\u00f3 despu\u00e9s un consejo municipal extraordinario.<\/p>\n<p>Se ha abierto una investigaci\u00f3n por <strong>homicidio voluntario<\/strong> para esclarecer las circunstancias de estas cuatro muertes. Por el momento, la Fiscal\u00eda no ha comunicado p\u00fablicamente m\u00e1s detalles sobre el posible m\u00f3vil ni sobre el desarrollo exacto de la tragedia.<\/p>\n","protected":false},"excerpt":{"rendered":"Cuatro personas de una misma familia fueron halladas muertas el mi\u00e9rcoles por la noche en Gy, en Haute-Sa\u00f4ne,&hellip;\n","protected":false},"author":2,"featured_media":745409,"comment_status":"","ping_status":"","sticky":false,"template":"","format":"standard","meta":{"footnotes":""},"categories":[42],"tags":[10771,17,18,367,13,14,317,11,61,62,63,64,19,20,4920,9,2932,10,15,16,12,13077,21,22,65,66,67],"class_list":["post-745408","post","type-post","status-publish","format-standard","has-post-thumbnail","category-internacional","tag-asesinato","tag-breaking-news","tag-breakingnews","tag-familia","tag-featured-news","tag-featurednews","tag-francia","tag-headlines","tag-internacional","tag-international","tag-international-news","tag-internationalnews","tag-latest-news","tag-latestnews","tag-muerte","tag-news","tag-ninos","tag-noticias","tag-noticias-destacadas","tag-noticiasdestacadas","tag-titulares","tag-tragedia","tag-ultimas-noticias","tag-ultimasnoticias","tag-world","tag-world-news","tag-worldnews"],"share_on_mastodon":{"url":"https:\/\/pubeurope.com\/@es\/117206731979129046","error":""},"_links":{"self":[{"href":"https:\/\/www.europesays.com\/es\/wp-json\/wp\/v2\/posts\/745408","targetHints":{"allow":["GET"]}}],"collection":[{"href":"https:\/\/www.europesays.com\/es\/wp-json\/wp\/v2\/posts"}],"about":[{"href":"https:\/\/www.europesays.com\/es\/wp-json\/wp\/v2\/types\/post"}],"author":[{"embeddable":true,"href":"https:\/\/www.europesays.com\/es\/wp-json\/wp\/v2\/users\/2"}],"replies":[{"embeddable":true,"href":"https:\/\/www.europesays.com\/es\/wp-json\/wp\/v2\/comments?post=745408"}],"version-history":[{"count":0,"href":"https:\/\/www.europesays.com\/es\/wp-json\/wp\/v2\/posts\/745408\/revisions"}],"wp:featuredmedia":[{"embeddable":true,"href":"https:\/\/www.europesays.com\/es\/wp-json\/wp\/v2\/media\/745409"}],"wp:attachment":[{"href":"https:\/\/www.europesays.com\/es\/wp-json\/wp\/v2\/media?parent=745408"}],"wp:term":[{"taxonomy":"category","embeddable":true,"href":"https:\/\/www.europesays.com\/es\/wp-json\/wp\/v2\/categories?post=745408"},{"taxonomy":"post_tag","embeddable":true,"href":"https:\/\/www.europesays.com\/es\/wp-json\/wp\/v2\/tags?post=745408"}],"curies":[{"name":"wp","href":"https:\/\/api.w.org\/{rel}","templated":true}]}}