{"id":745410,"date":"2026-09-03T10:52:21","date_gmt":"2026-09-03T10:52:21","guid":{"rendered":"https:\/\/www.europesays.com\/es\/745410\/"},"modified":"2026-09-03T10:52:21","modified_gmt":"2026-09-03T10:52:21","slug":"mueren-mas-de-80-personas-en-un-cayuco-rescatado-al-sur-de-canarias-espana","status":"publish","type":"post","link":"https:\/\/www.europesays.com\/es\/745410\/","title":{"rendered":"Mueren m\u00e1s de 80 personas en un cayuco rescatado al sur de Canarias | Espa\u00f1a"},"content":{"rendered":"<p class=\"\">Nueva tragedia en la ruta canaria <a href=\"https:\/\/elpais.com\/espana\/2026-09-03\/ultima-hora-de-la-entrada-de-inmigrantes-a-ceuta-en-directo.html\" target=\"_self\" rel=\"nofollow noopener\" title=\"https:\/\/elpais.com\/espana\/2026-09-03\/ultima-hora-de-la-entrada-de-inmigrantes-a-ceuta-en-directo.html\">en plena crisis migratoria en Ceuta<\/a>. M\u00e1s de 80 personas, entre ellas una beb\u00e9, han muerto o desaparecido en un cayuco que sali\u00f3 hace 27 d\u00edas de Gambia rumbo a Canarias con 128 ocupantes y que fue rescatado la madrugada de este jueves a la deriva al sur del archipi\u00e9lago con 45 supervivientes a bordo y cinco cad\u00e1veres, seg\u00fan ha adelantado Efe y han confirmado Salvamento Mar\u00edtimo y la ONG Caminando Fronteras. <\/p>\n<p class=\"\"><a href=\"https:\/\/elpais.com\/noticias\/salvamento-maritimo\/\" target=\"_self\" rel=\"nofollow noopener\" title=\"https:\/\/elpais.com\/noticias\/salvamento-maritimo\/\">Seg\u00fan el relato de Salvamento Mar\u00edtimo,<\/a> el avi\u00f3n Sasemar 101 localiz\u00f3 la embarcaci\u00f3n a las 18.40 (hora canaria) del mi\u00e9rcoles, a 65 millas n\u00e1uticas (unos 120 kil\u00f3metros) al suroeste de Arguinegu\u00edn. El Centro de Coordinaci\u00f3n de Las Palmas moviliz\u00f3 a la Guardamar Urania, que a las 23.05 rescat\u00f3 a las 44 personas que segu\u00edan con vida a bordo, \u201ctodos varones de origen subsahariano\u201d.<\/p>\n<p class=\"\">Las condiciones del mar impidieron recuperar los cinco cad\u00e1veres que hab\u00eda en el cayuco. Seg\u00fan la informaci\u00f3n del organismo, en la zona soplaba viento de 20 nudos y las olas alcanzaban los 2,5 metros.<\/p>\n<p><img alt=\"\" decoding=\"auto\" class=\"_re lazyload a_m-h\" height=\"311\"  width=\"414\"  src=\"https:\/\/www.europesays.com\/es\/wp-content\/uploads\/2026\/09\/LV5HI7FGCRAJ3MGMHGC227NE4M.JPG\" loading=\"lazy\" fetchpriority=\"low\"\/>El Centro de Coordinaci\u00f3n de Salvamento Mar\u00edtimo de la provincia de Las Palmas, en una imagen facilitada por Salvamento Mar\u00edtimo.<\/p>\n<p class=\"\">Tres de los rescatados estaban en estado delicado. El helic\u00f3ptero Helimer 211 los evacu\u00f3 desde la Urania hasta el Hospital Universitario de Gran Canaria Doctor Negr\u00edn. El resto, 41 personas, <a href=\"https:\/\/elpais.com\/espana\/2026-06-11\/leon-xiv-llega-al-muelle-de-la-verguenza-arguineguin-fue-un-ejemplo-de-como-no-hacer-las-cosas.html\" target=\"_self\" rel=\"nofollow noopener\" title=\"https:\/\/elpais.com\/espana\/2026-06-11\/leon-xiv-llega-al-muelle-de-la-verguenza-arguineguin-fue-un-ejemplo-de-como-no-hacer-las-cosas.html\">desembarc\u00f3 en el puerto de Arguinegu\u00edn a las 04.40 de este jueves.<\/a> El servicio de emergencias 112 de Canarias precisa que seis de ellos han sido hospitalizados con cuadros de deshidrataci\u00f3n y desorientaci\u00f3n, as\u00ed como s\u00edntomas de haber bebido agua del mar.<\/p>\n<p class=\"\">Esta ma\u00f1ana, un portavoz de Caminando Fronteras ha explicado que la Guardia Civil les ha confirmado que la barquilla ten\u00eda unas inscripciones en su casco que coinciden con las de una embarcaci\u00f3n que parti\u00f3 el 7 de agosto desde Gambia con 128 ocupantes,entre ellos cuatro mujeres y una beb\u00e9. <\/p>\n<p class=\"\">[Informaci\u00f3n en desarrollo. Habr\u00e1 actualizaci\u00f3n pronto]<\/p>\n","protected":false},"excerpt":{"rendered":"Nueva tragedia en la ruta canaria en plena crisis migratoria en Ceuta. M\u00e1s de 80 personas, entre ellas&hellip;\n","protected":false},"author":2,"featured_media":745411,"comment_status":"","ping_status":"","sticky":false,"template":"","format":"standard","meta":{"footnotes":""},"categories":[8],"tags":[17,18,1896,894,25,24,13,14,11,590,895,15398,891,29394,19,20,892,9,10,15,16,15399,10302,17342,23,12,21,22],"class_list":["post-745410","post","type-post","status-publish","format-standard","has-post-thumbnail","category-espana","tag-breaking-news","tag-breakingnews","tag-canarias","tag-crisis-migratoria","tag-es","tag-espana","tag-featured-news","tag-featurednews","tag-headlines","tag-inmigracion","tag-inmigracion-irregular","tag-inmigracion-irregular-espana","tag-inmigrantes","tag-inmigrantes-africanos","tag-latest-news","tag-latestnews","tag-migracion","tag-news","tag-noticias","tag-noticias-destacadas","tag-noticiasdestacadas","tag-pateras","tag-pateras-canarias","tag-salvamento-maritimo","tag-spain","tag-titulares","tag-ultimas-noticias","tag-ultimasnoticias"],"share_on_mastodon":{"url":"https:\/\/pubeurope.com\/@es\/117206735378078595","error":""},"_links":{"self":[{"href":"https:\/\/www.europesays.com\/es\/wp-json\/wp\/v2\/posts\/745410","targetHints":{"allow":["GET"]}}],"collection":[{"href":"https:\/\/www.europesays.com\/es\/wp-json\/wp\/v2\/posts"}],"about":[{"href":"https:\/\/www.europesays.com\/es\/wp-json\/wp\/v2\/types\/post"}],"author":[{"embeddable":true,"href":"https:\/\/www.europesays.com\/es\/wp-json\/wp\/v2\/users\/2"}],"replies":[{"embeddable":true,"href":"https:\/\/www.europesays.com\/es\/wp-json\/wp\/v2\/comments?post=745410"}],"version-history":[{"count":0,"href":"https:\/\/www.europesays.com\/es\/wp-json\/wp\/v2\/posts\/745410\/revisions"}],"wp:featuredmedia":[{"embeddable":true,"href":"https:\/\/www.europesays.com\/es\/wp-json\/wp\/v2\/media\/745411"}],"wp:attachment":[{"href":"https:\/\/www.europesays.com\/es\/wp-json\/wp\/v2\/media?parent=745410"}],"wp:term":[{"taxonomy":"category","embeddable":true,"href":"https:\/\/www.europesays.com\/es\/wp-json\/wp\/v2\/categories?post=745410"},{"taxonomy":"post_tag","embeddable":true,"href":"https:\/\/www.europesays.com\/es\/wp-json\/wp\/v2\/tags?post=745410"}],"curies":[{"name":"wp","href":"https:\/\/api.w.org\/{rel}","templated":true}]}}