{"id":745426,"date":"2026-09-03T11:14:13","date_gmt":"2026-09-03T11:14:13","guid":{"rendered":"https:\/\/www.europesays.com\/es\/745426\/"},"modified":"2026-09-03T11:14:13","modified_gmt":"2026-09-03T11:14:13","slug":"muere-la-escritora-gloria-steinem-referente-del-feminismo","status":"publish","type":"post","link":"https:\/\/www.europesays.com\/es\/745426\/","title":{"rendered":"Muere la escritora Gloria Steinem, referente del feminismo"},"content":{"rendered":"<p>La escritora feminista <strong>Gloria Steinem<\/strong>, ganadora del Premio Princesa de Asturias de Comunicaci\u00f3n y Humanidades, <strong>ha muerto a los 92 a\u00f1os<\/strong> en Nueva York, seg\u00fan se ha comunicado en su perfil de instagram y ha confirmado la Fundaci\u00f3n Princesa de Asturias.<\/p>\n<p>Steinem falleci\u00f3 este mi\u00e9rcoles \u00aben <strong>paz en su casa de Nueva York<\/strong>, rodeada de muchos de sus seres queridos. Sus casi cien a\u00f1os de vida fueron plenos y sigui\u00f3 trabajando por la igualdad hasta el final\u00bb, indica el texto colgado en la red social.<\/p>\n<p>\u00abEl mayor don de Gloria era su capacidad para escuchar a los dem\u00e1s, para hacer que se sintieran comprendidos y escuchados. Sus palabras, acciones y ejemplo les daban a las personas la <strong>libertad de ser ellas mismas<\/strong>. Gloria vivi\u00f3 fiel a su esp\u00edritu independiente, siempre con curiosidad y un gran sentido del humor\u00bb, agrega el mensaje.<\/p>\n<p>Referente feminista<\/p>\n<p>Gloria Marie Steinem es un referente de la <strong>segunda ola del feminismo<\/strong>. Nacida en Toledo (Ohio), de origen jud\u00edo, <strong>escritora, columnista y periodista<\/strong>, es conocida por su activismo en pro de los derechos de la mujer. Su padre era vendedor ambulante de antig\u00fcedades, por lo que se transladaba con frecuencia y Gloria no acudi\u00f3 al colegio de forma regular hasta los 11 a\u00f1os.<\/p>\n<p>Pese a su inicio tard\u00edo en el mundo acad\u00e9mico, se gradu\u00f3 en la universidad femenina Smith College, estuvo en la India como asistente legal del entonces presidente del Tribunal Supremo y lleg\u00f3 a <strong>trabajar para la CIA.<\/strong><\/p>\n<p>Con 22 a\u00f1os, decidi\u00f3 abortar en Londres, y abog\u00f3 por los <strong>derechos de reproducci\u00f3n<\/strong> femeninos, es decir, la libertad de escoger si ser madre o no. A lo largo de su vida fue miembro del equipo fundacional del New York Magazine, y se convirti\u00f3 en una <strong>conejita Playboy<\/strong> para conocer de primera mano sus condiciones laborales y escribir un art\u00edculo de investigaci\u00f3n para la revista Huntington Hartford&#8217;s Show.<\/p>\n<p>Compromiso social<\/p>\n<p>Es memorable su discurso en la fundaci\u00f3n de la Asamblea Pol\u00edtica Nacional de Mujeres: Llamamiento a las mujeres de Am\u00e9rica, un caucus creado junto a otras feministas como Bella Abzug y Betty Friedan. En los a\u00f1os setenta, impuls\u00f3 con Dorothy Pitman Hughes la <strong>primera revista feminista<\/strong> estadounidense Ms (Se\u00f1ora).<\/p>\n<p>Junto con Jane Fonda y Robin Morgan, cofund\u00f3 el <strong>Women&#8217;s Media Center<\/strong> en 2005, una organizaci\u00f3n cuyo objetivo es hacer visible a las mujeres en los medios de comunicaci\u00f3n.<\/p>\n<p>En el momento de su fallecimiento, preparaba su<strong> pr\u00f3ximo libro<\/strong> Una vida inesperada en el que de forma premonitoria escribe: \u00abLlevo ya m\u00e1s de cincuenta a\u00f1os viviendo en esta casa de piedra rojiza, en habitaciones que han sido testigos de vidas anteriores a la m\u00eda y que conocer\u00e1n otras cuando yo ya no est\u00e9\u00bb. <\/p>\n<p>Convencida de que \u00abel aleteo de una mariposa puede cambiar el clima a cientos de kil\u00f3metros de distancia\u00bb, su hogar siempre fue un lugar de encuentro para los <strong>movimientos de justicia social<\/strong>. Su cuenta oficial de Instagram sugiere que, en lugar de mandar flores, los que quieran honrar su memoria hagan un donativo a la fundaci\u00f3n. <\/p>\n","protected":false},"excerpt":{"rendered":"La escritora feminista Gloria Steinem, ganadora del Premio Princesa de Asturias de Comunicaci\u00f3n y Humanidades, ha muerto a&hellip;\n","protected":false},"author":2,"featured_media":745427,"comment_status":"","ping_status":"","sticky":false,"template":"","format":"standard","meta":{"footnotes":""},"categories":[42],"tags":[17,18,13,14,11,61,62,63,64,19,20,9,10,15,16,12,21,22,65,66,67],"class_list":["post-745426","post","type-post","status-publish","format-standard","has-post-thumbnail","category-internacional","tag-breaking-news","tag-breakingnews","tag-featured-news","tag-featurednews","tag-headlines","tag-internacional","tag-international","tag-international-news","tag-internationalnews","tag-latest-news","tag-latestnews","tag-news","tag-noticias","tag-noticias-destacadas","tag-noticiasdestacadas","tag-titulares","tag-ultimas-noticias","tag-ultimasnoticias","tag-world","tag-world-news","tag-worldnews"],"share_on_mastodon":{"url":"https:\/\/pubeurope.com\/@es\/117206821444303386","error":""},"_links":{"self":[{"href":"https:\/\/www.europesays.com\/es\/wp-json\/wp\/v2\/posts\/745426","targetHints":{"allow":["GET"]}}],"collection":[{"href":"https:\/\/www.europesays.com\/es\/wp-json\/wp\/v2\/posts"}],"about":[{"href":"https:\/\/www.europesays.com\/es\/wp-json\/wp\/v2\/types\/post"}],"author":[{"embeddable":true,"href":"https:\/\/www.europesays.com\/es\/wp-json\/wp\/v2\/users\/2"}],"replies":[{"embeddable":true,"href":"https:\/\/www.europesays.com\/es\/wp-json\/wp\/v2\/comments?post=745426"}],"version-history":[{"count":0,"href":"https:\/\/www.europesays.com\/es\/wp-json\/wp\/v2\/posts\/745426\/revisions"}],"wp:featuredmedia":[{"embeddable":true,"href":"https:\/\/www.europesays.com\/es\/wp-json\/wp\/v2\/media\/745427"}],"wp:attachment":[{"href":"https:\/\/www.europesays.com\/es\/wp-json\/wp\/v2\/media?parent=745426"}],"wp:term":[{"taxonomy":"category","embeddable":true,"href":"https:\/\/www.europesays.com\/es\/wp-json\/wp\/v2\/categories?post=745426"},{"taxonomy":"post_tag","embeddable":true,"href":"https:\/\/www.europesays.com\/es\/wp-json\/wp\/v2\/tags?post=745426"}],"curies":[{"name":"wp","href":"https:\/\/api.w.org\/{rel}","templated":true}]}}