{"id":745444,"date":"2026-09-03T11:37:16","date_gmt":"2026-09-03T11:37:16","guid":{"rendered":"https:\/\/www.europesays.com\/es\/745444\/"},"modified":"2026-09-03T11:37:16","modified_gmt":"2026-09-03T11:37:16","slug":"nepal-suma-1-252-muertos-por-la-riada-pero-solo-95-cuerpos-han-sido-entregados-a-sus-familiares-y-se-recurre-al-adn-para-identificarlos","status":"publish","type":"post","link":"https:\/\/www.europesays.com\/es\/745444\/","title":{"rendered":"Nepal suma 1.252 muertos por la riada, pero solo 95 cuerpos han sido entregados a sus familiares y se recurre al ADN para identificarlos"},"content":{"rendered":"<p class=\"L6-news-detail__text\">Al menos 1.252 personas han fallecido y otras 4.216 permanecen desaparecidas en <b><a title=\"Nepal \" href=\"https:\/\/www.lasexta.com\/noticias\/internacional\/embarrados-pero-vivos-milagroso-rescate-trabajadores-que-quedaron-atrapados-cueva-alud-nepal_202608306a947848ae2f3735da1d812e.html\" target=\"_blank\" rel=\"nofollow noopener\">Nepal <\/a><\/b>m\u00e1s de una semana despu\u00e9s de la devastadora riada. Hasta ahora,<b> \u00fanicamente 95 de los cuerpos recuperados han podido ser identificados y entregados a sus familiares<\/b>, seg\u00fan los \u00faltimos datos oficiales publicados este jueves.<\/p>\n<p class=\"L6-news-detail__text\">La Autoridad Nacional para la Reducci\u00f3n y Gesti\u00f3n del Riesgo de Desastres de Nepal (NDRRMA) situ\u00f3 este jueves a las 12.00 horas (06.15 GMT) <b>en 1.252 el n\u00famero de v\u00edctimas mortales<\/b>, mientras que la cifra de desaparecidos se mantiene en 4.216. <b>Entre estos \u00faltimos figuran al menos 583 extranjeros<\/b>, entre ellos dos ciudadanos espa\u00f1oles, seg\u00fan confirmaron el mi\u00e9rcoles a EFE fuentes oficiales.<\/p>\n<p class=\"L6-news-detail__text\">La identificaci\u00f3n de las v\u00edctimas contin\u00faa siendo una de las principales dificultades para las autoridades. De los m\u00e1s de 1.200 cuerpos recuperados desde el pasado 26 de agosto, solo 95 han podido ser reconocidos y entregados a sus familias. Ante esta situaci\u00f3n, la Polic\u00eda de Nepal<b> ha pedido a los miles de familiares que todav\u00eda buscan a sus seres queridos que aporten muestras de sangre y perfiles de ADN<\/b> para facilitar las labores de identificaci\u00f3n.<\/p>\n<p class=\"L6-news-detail__text\">Durante las \u00faltimas horas <b>se han recuperado otros 48 cuerpos en las operaciones de b\u00fasqueda y rescate. <\/b>Sin embargo, establecer el n\u00famero definitivo de fallecidos resulta cada vez m\u00e1s complicado debido a la magnitud de la tragedia y al elevado n\u00famero de personas que contin\u00faan desaparecidas. A ello se suma que las autoridades contabilizan tambi\u00e9n restos humanos hallados por separado, lo que puede provocar duplicidades en el recuento de v\u00edctimas.<\/p>\n<p class=\"L6-news-detail__text\">En el lado chino de la frontera, las autoridades del Gobierno de la regi\u00f3n aut\u00f3noma del T\u00edbet mantienen en 21 el n\u00famero de fallecidos en el condado de Gyirong, mientras que 541 personas contin\u00faan sin ser localizadas. De ellas, 261 son extranjeras, seg\u00fan el \u00faltimo balance difundido ayer.<\/p>\n<p class=\"L6-news-detail__text\">La riada, registrada el pasado 26 de agosto y descrita por observadores locales como la mayor que se recuerda en la zona, provoc\u00f3 que el nivel del agua del r\u00edo Trishuli se elevara entre 15 y 18 metros por encima de su nivel habitual. La fuerza de la corriente arras\u00f3 asentamientos y poblaciones situados a lo largo de unos 72 kil\u00f3metros del cauce, dejando a su paso una de las peores cat\u00e1strofes registradas en la regi\u00f3n.<\/p>\n<p class=\"L6-news-detail__text\"><b><a title=\"*A\u00f1ade laSexta como tu medio de referencia en Google y no te pierdas toda la actualidad y el mejor contenido\" href=\"https:\/\/www.google.com\/preferences\/source?q=lasexta.com\" target=\"_blank\" rel=\"nofollow noopener\">*A\u00f1ade laSexta como tu medio de referencia en Google y no te pierdas toda la actualidad y el mejor contenido<\/a><\/b><\/p>\n<p class=\"L6-support-news-video__title\">Crisis en Ceuta<\/p>\n<p> <a href=\"https:\/\/www.lasexta.com\/noticias\/nacional\/sanchez-insiste-que-gobierno-recibio-avisos-previos-ceuta-ningun-informe-iba-mas-alla-aviso-rutinario_202609036a9926052d7d3022177cb7ff.html\" class=\"L6-news__link\" rel=\"nofollow noopener\" target=\"_blank\">S\u00e1nchez insiste en que el Gobierno no recibi\u00f3 avisos previos sobre Ceuta: \u00abNing\u00fan informe iba m\u00e1s all\u00e1 del aviso rutinario\u00bb<\/p>\n<p class=\"recirculation-video-desc\">\u00bfQu\u00e9 ha dicho? \u00abUna cosa es detectar que los cruces a nado estaban creciendo y otra es decir que iban a entrar 70.000. Eso no lo hizo ning\u00fan informe. Esto no es acusar a ning\u00fan organismo. Es decir la verdad\u00bb, ha insistido S\u00e1nchez.<\/p>\n<p> <\/a><\/p>\n","protected":false},"excerpt":{"rendered":"Al menos 1.252 personas han fallecido y otras 4.216 permanecen desaparecidas en Nepal m\u00e1s de una semana despu\u00e9s&hellip;\n","protected":false},"author":2,"featured_media":745445,"comment_status":"","ping_status":"","sticky":false,"template":"","format":"standard","meta":{"footnotes":""},"categories":[42],"tags":[17,18,2125,13,14,11,61,62,63,64,19,20,21283,9,10,15,110362,16,12,21,22,65,66,67],"class_list":["post-745444","post","type-post","status-publish","format-standard","has-post-thumbnail","category-internacional","tag-breaking-news","tag-breakingnews","tag-directo","tag-featured-news","tag-featurednews","tag-headlines","tag-internacional","tag-international","tag-international-news","tag-internationalnews","tag-latest-news","tag-latestnews","tag-nepal","tag-news","tag-noticias","tag-noticias-destacadas","tag-noticias-ultima-hora","tag-noticiasdestacadas","tag-titulares","tag-ultimas-noticias","tag-ultimasnoticias","tag-world","tag-world-news","tag-worldnews"],"share_on_mastodon":{"url":"","error":""},"_links":{"self":[{"href":"https:\/\/www.europesays.com\/es\/wp-json\/wp\/v2\/posts\/745444","targetHints":{"allow":["GET"]}}],"collection":[{"href":"https:\/\/www.europesays.com\/es\/wp-json\/wp\/v2\/posts"}],"about":[{"href":"https:\/\/www.europesays.com\/es\/wp-json\/wp\/v2\/types\/post"}],"author":[{"embeddable":true,"href":"https:\/\/www.europesays.com\/es\/wp-json\/wp\/v2\/users\/2"}],"replies":[{"embeddable":true,"href":"https:\/\/www.europesays.com\/es\/wp-json\/wp\/v2\/comments?post=745444"}],"version-history":[{"count":0,"href":"https:\/\/www.europesays.com\/es\/wp-json\/wp\/v2\/posts\/745444\/revisions"}],"wp:featuredmedia":[{"embeddable":true,"href":"https:\/\/www.europesays.com\/es\/wp-json\/wp\/v2\/media\/745445"}],"wp:attachment":[{"href":"https:\/\/www.europesays.com\/es\/wp-json\/wp\/v2\/media?parent=745444"}],"wp:term":[{"taxonomy":"category","embeddable":true,"href":"https:\/\/www.europesays.com\/es\/wp-json\/wp\/v2\/categories?post=745444"},{"taxonomy":"post_tag","embeddable":true,"href":"https:\/\/www.europesays.com\/es\/wp-json\/wp\/v2\/tags?post=745444"}],"curies":[{"name":"wp","href":"https:\/\/api.w.org\/{rel}","templated":true}]}}