{"id":745454,"date":"2026-09-03T11:57:42","date_gmt":"2026-09-03T11:57:42","guid":{"rendered":"https:\/\/www.europesays.com\/es\/745454\/"},"modified":"2026-09-03T11:57:42","modified_gmt":"2026-09-03T11:57:42","slug":"el-numancia-firma-con-10-equipos-del-grupo-v-un-acuerdo-para-favorecer-los-desplazamientos-entre-aficiones","status":"publish","type":"post","link":"https:\/\/www.europesays.com\/es\/745454\/","title":{"rendered":"El Numancia firma con 10 equipos del Grupo V un acuerdo para favorecer los desplazamientos entre aficiones"},"content":{"rendered":"<p class=\"paragraph\">El <a href=\"https:\/\/www.heraldodiariodesoria.es\/deportes\/cd-numancia\/260902\/211702\/toni-garcia-habla-nuevo-ciclo-numancia-plantilla-renovada-equilibrada-ilusion.html\" title=\"Toni Garc\u00eda habla de \" nuevo=\"\" ciclo=\"\" en=\"\" el=\"\" numancia=\"\" con=\"\" una=\"\" plantilla=\"\" equilibrada=\"\" y=\"\" ilusi=\"\" target=\"_blank\" rel=\"nofollow noopener\">C.D. Numancia <\/a>participa del acuerdo llevado a cabo entre varios clubes del grupo V de Segunda RFEF para favorecer los desplazamientos entre aficiones, garantizando un acuerdo mutuo con <b>entradas a precios asequibles<\/b> tanto en Los Pajaritos como en diez de los estadios de este Grupo V de Segunda Federaci\u00f3n.<\/p>\n<p class=\"paragraph\">En concreto, el club numantino ha llegado a un acuerdo para que las entradas de la afici\u00f3n visitante se puedan retirar por<b> 10 euros<\/b> con Salamanca C. F. UDS, Gimn\u00e1stica Segoviana, Atl\u00e9tico Tordesillas, Real \u00c1vila, Real Valladolid, Deportivo Guadalajara, RSD Alcal\u00e1, U. B. Conquense, Talavera F. C. y Calvo Sotelo de Puertollano.<\/p>\n<p class=\"paragraph\">En el acuerdo suscrito por el Numancia, el club ha trabajado para que se garantice que toda la afici\u00f3n numantina desplazada a los recintos deportivos de los clubes arriba indicados tenga siempre entrada y siempre al precio acordado de 10 euros, independientemente del n\u00famero de aficionados numantinos que viaje -siempre y cuando el aforo del campo visitante lo permita-.<\/p>\n<p class=\"paragraph\">\u00abEn cada viaje, los aficionados numantinos podr\u00e1n apoyar a su equipo en los estadios de los clubes mencionados,<b> deseando ver a nuestros fans por todos los campos <\/b>del Grupo V de Segunda RFEF y poder recibir en Los Pajaritos a todos aquellos que quieran visitarnos\u00bb, indica el Numancia en una nota de prensa.<\/p>\n","protected":false},"excerpt":{"rendered":"El C.D. Numancia participa del acuerdo llevado a cabo entre varios clubes del grupo V de Segunda RFEF&hellip;\n","protected":false},"author":2,"featured_media":745455,"comment_status":"","ping_status":"","sticky":false,"template":"","format":"standard","meta":{"footnotes":""},"categories":[93],"tags":[7607,168,25,24,282,439,8038,16145,23,167],"class_list":["post-745454","post","type-post","status-publish","format-standard","has-post-thumbnail","category-deportes","tag-avila","tag-deportes","tag-es","tag-espana","tag-futbol","tag-guadalajara","tag-precios","tag-segunda-federacion","tag-spain","tag-sports"],"share_on_mastodon":{"url":"https:\/\/pubeurope.com\/@es\/117206990629237881","error":""},"_links":{"self":[{"href":"https:\/\/www.europesays.com\/es\/wp-json\/wp\/v2\/posts\/745454","targetHints":{"allow":["GET"]}}],"collection":[{"href":"https:\/\/www.europesays.com\/es\/wp-json\/wp\/v2\/posts"}],"about":[{"href":"https:\/\/www.europesays.com\/es\/wp-json\/wp\/v2\/types\/post"}],"author":[{"embeddable":true,"href":"https:\/\/www.europesays.com\/es\/wp-json\/wp\/v2\/users\/2"}],"replies":[{"embeddable":true,"href":"https:\/\/www.europesays.com\/es\/wp-json\/wp\/v2\/comments?post=745454"}],"version-history":[{"count":0,"href":"https:\/\/www.europesays.com\/es\/wp-json\/wp\/v2\/posts\/745454\/revisions"}],"wp:featuredmedia":[{"embeddable":true,"href":"https:\/\/www.europesays.com\/es\/wp-json\/wp\/v2\/media\/745455"}],"wp:attachment":[{"href":"https:\/\/www.europesays.com\/es\/wp-json\/wp\/v2\/media?parent=745454"}],"wp:term":[{"taxonomy":"category","embeddable":true,"href":"https:\/\/www.europesays.com\/es\/wp-json\/wp\/v2\/categories?post=745454"},{"taxonomy":"post_tag","embeddable":true,"href":"https:\/\/www.europesays.com\/es\/wp-json\/wp\/v2\/tags?post=745454"}],"curies":[{"name":"wp","href":"https:\/\/api.w.org\/{rel}","templated":true}]}}