{"id":745464,"date":"2026-09-03T12:03:12","date_gmt":"2026-09-03T12:03:12","guid":{"rendered":"https:\/\/www.europesays.com\/es\/745464\/"},"modified":"2026-09-03T12:03:12","modified_gmt":"2026-09-03T12:03:12","slug":"leon-xiv-en-medio-de-conflictos-la-iglesia-debe-dar-testimonio-de-esperanza","status":"publish","type":"post","link":"https:\/\/www.europesays.com\/es\/745464\/","title":{"rendered":"Le\u00f3n XIV: En medio de conflictos, la Iglesia debe dar testimonio de esperanza"},"content":{"rendered":"<p>Al reunirse con los obispos de rito latino de las regiones \u00e1rabes, el Papa exhorta a la Iglesia a afrontar los conflictos y las divisiones con solidaridad hacia los pobres y a dar testimonio de que es posible vivir y esperar juntos.<\/p>\n<p style=\"text-align: justify;\"><b>Devin Watkins &#8211; Ciudad del Vaticano<\/b><\/p>\n<p style=\"text-align: justify;\">El Papa Le\u00f3n XIV recibi\u00f3 en audiencia, este jueves 3 de septiembre, a los miembros de la Conferencia de Obispos Latinos en las Regiones \u00c1rabes (CELRA), reunidos en Roma para celebrar su encuentro anual.<\/p>\n<p style=\"text-align: justify;\">En su discurso, el Santo Padre reconoci\u00f3 que los obispos gu\u00edan a Iglesias locales extendidas por una \u00abvasta y diversa regi\u00f3n\u00bb, desempe\u00f1ando su ministerio en contextos \u00aba menudo marcados por tensiones pol\u00edticas, sociales y religiosas\u00bb.<\/p>\n<p style=\"text-align: justify;\">Estas Iglesias han conocido el testimonio del martirio, afirm\u00f3, refiri\u00e9ndose a los numerosos sacerdotes, religiosos y religiosas, as\u00ed como a los fieles laicos, que han entregado su vida por la fe en Irak, Siria y otras tierras desgarradas por los conflictos.<\/p>\n<p style=\"text-align: justify;\">El Papa Le\u00f3n acot\u00f3 que los responsables de la Iglesia deben permanecer cerca de su pueblo y compartir sus heridas mediante la escucha y el consuelo, especialmente cuando las familias se ven obligadas a emigrar y las comunidades se vuelven m\u00e1s fr\u00e1giles.<\/p>\n<p style=\"text-align: justify;\">Incluso en las regiones donde los cat\u00f3licos son una minor\u00eda, a\u00f1adi\u00f3, la fecundidad de la Iglesia se manifiesta en su fidelidad al Evangelio.<\/p>\n<p style=\"text-align: justify;\">\u00abEn el coraz\u00f3n de sociedades marcadas por el conflicto y la divisi\u00f3n\u00bb, dijo, \u00abque sus comunidades demuestren que es posible vivir, servir y esperar juntos\u00bb.<\/p>\n<p style=\"text-align: justify;\">A trav\u00e9s de su labor en las parroquias, las escuelas y los hospitales, la Iglesia hace tangible el Evangelio mediante la escucha, la acogida y el apoyo a quienes lo necesitan, especialmente a trav\u00e9s del trabajo de las congregaciones religiosas. \u00abEn medio de las emergencias, no pierdan de vista lo esencial de la misi\u00f3n de la Iglesia: el anuncio del Evangelio, la oraci\u00f3n, los Sacramentos y la formaci\u00f3n cristiana\u00bb, sostuvo.<\/p>\n<p>    <img decoding=\"async\" src=\"data:image\/gif;base64,R0lGODlhAQABAIAAAAAAAP\/\/\/yH5BAEAAAAALAAAAAABAAEAAAIBRAA7\" data-original=\"https:\/\/www.vaticannews.va\/content\/dam\/vaticannews\/agenzie\/images\/srv\/2026\/09\/03\/2026-09-03-membri-della-conferenza-episcopale-latina-delle-regio\/1788430804842.JPG\/_jcr_content\/renditions\/cq5dam.thumbnail.cropped.750.422.jpeg\" alt=\"Un momento del encuentro\" title=\"Un momento del encuentro\"\/><\/p>\n<p>\n   Un momento del encuentro \u00a0 (@VATICAN MEDIA)\n  <\/p>\n<p style=\"text-align: justify;\">Le\u00f3n exhort\u00f3 a los obispos a prestar una atenci\u00f3n especial a las familias y a los j\u00f3venes, que afrontan dificultades e incertidumbres. Los j\u00f3venes, puntualiz\u00f3, reciben la fe en el seno de la familia y se benefician de la escucha y de la ense\u00f1anza que reciben en sus comunidades a trav\u00e9s de la catequesis.<\/p>\n<p style=\"text-align: justify;\">Tambi\u00e9n invit\u00f3 a los obispos a cuidar de los migrantes que viven lejos de sus familias y experimentan la soledad, especialmente en los pa\u00edses del Golfo, donde son numerosos. \u00abQue sus comunidades sean hogares en los que nadie se sienta extranjero\u00bb, dijo. \u00abDefiendan la dignidad de cada persona y reconozcan en cada migrante a un hermano o una hermana: de este modo, la caridad se convierte en testimonio del Evangelio y en escuela de fraternidad\u00bb.<\/p>\n<p style=\"text-align: justify;\">El Sucesor de Pedro exhort\u00f3 asimismo a los obispos a preservar la comuni\u00f3n entre las Iglesias de los diversos ritos, calificando la variedad de las tradiciones cristianas como un \u00abtesoro que debe vivirse en la unidad\u00bb. Esta comuni\u00f3n, a\u00f1adi\u00f3, debe llevarlos a entablar un di\u00e1logo sincero con otros cristianos y con las comunidades musulmanas.<\/p>\n<p style=\"text-align: justify;\">\u00abEl di\u00e1logo no significa renunciar a la propia identidad, sino vivirla sin miedo al encuentro\u00bb, agreg\u00f3. \u00abAll\u00ed donde la guerra ha sembrado desconfianza, cada gesto de estima, colaboraci\u00f3n y respeto puede convertirse en un paso hacia la reconciliaci\u00f3n y la paz\u00bb.<\/p>\n<p style=\"text-align: justify;\">Al concluir, el Santo Padre invit\u00f3 a los obispos latinos de las regiones \u00e1rabes a hacer presente a Cristo y a anunciar su Palabra, celebr\u00e1ndolo en los Sacramentos y encontr\u00e1ndolo en la oraci\u00f3n. \u00abNo busquen ante todo el \u00e9xito o el reconocimiento: busquen la fidelidad\u00bb, dijo. \u00abSean voces de verdad, de justicia y de paz; hombres de oraci\u00f3n, pastores cercanos a su pueblo, artesanos de la reconciliaci\u00f3n y testigos de la misericordia\u00bb.<\/p>\n","protected":false},"excerpt":{"rendered":"Al reunirse con los obispos de rito latino de las regiones \u00e1rabes, el Papa exhorta a la Iglesia&hellip;\n","protected":false},"author":2,"featured_media":745465,"comment_status":"","ping_status":"","sticky":false,"template":"","format":"standard","meta":{"footnotes":""},"categories":[42],"tags":[17,18,17932,13,14,11,61,62,63,64,19,20,9,10,15,16,18386,5403,400,12,21,22,65,66,67],"class_list":["post-745464","post","type-post","status-publish","format-standard","has-post-thumbnail","category-internacional","tag-breaking-news","tag-breakingnews","tag-conferencia-episcopal","tag-featured-news","tag-featurednews","tag-headlines","tag-internacional","tag-international","tag-international-news","tag-internationalnews","tag-latest-news","tag-latestnews","tag-news","tag-noticias","tag-noticias-destacadas","tag-noticiasdestacadas","tag-obispos","tag-oriente-medio","tag-papa-leon-xiv","tag-titulares","tag-ultimas-noticias","tag-ultimasnoticias","tag-world","tag-world-news","tag-worldnews"],"share_on_mastodon":{"url":"https:\/\/pubeurope.com\/@es\/117207014111629014","error":""},"_links":{"self":[{"href":"https:\/\/www.europesays.com\/es\/wp-json\/wp\/v2\/posts\/745464","targetHints":{"allow":["GET"]}}],"collection":[{"href":"https:\/\/www.europesays.com\/es\/wp-json\/wp\/v2\/posts"}],"about":[{"href":"https:\/\/www.europesays.com\/es\/wp-json\/wp\/v2\/types\/post"}],"author":[{"embeddable":true,"href":"https:\/\/www.europesays.com\/es\/wp-json\/wp\/v2\/users\/2"}],"replies":[{"embeddable":true,"href":"https:\/\/www.europesays.com\/es\/wp-json\/wp\/v2\/comments?post=745464"}],"version-history":[{"count":0,"href":"https:\/\/www.europesays.com\/es\/wp-json\/wp\/v2\/posts\/745464\/revisions"}],"wp:featuredmedia":[{"embeddable":true,"href":"https:\/\/www.europesays.com\/es\/wp-json\/wp\/v2\/media\/745465"}],"wp:attachment":[{"href":"https:\/\/www.europesays.com\/es\/wp-json\/wp\/v2\/media?parent=745464"}],"wp:term":[{"taxonomy":"category","embeddable":true,"href":"https:\/\/www.europesays.com\/es\/wp-json\/wp\/v2\/categories?post=745464"},{"taxonomy":"post_tag","embeddable":true,"href":"https:\/\/www.europesays.com\/es\/wp-json\/wp\/v2\/tags?post=745464"}],"curies":[{"name":"wp","href":"https:\/\/api.w.org\/{rel}","templated":true}]}}