{"id":745470,"date":"2026-09-03T12:13:17","date_gmt":"2026-09-03T12:13:17","guid":{"rendered":"https:\/\/www.europesays.com\/es\/745470\/"},"modified":"2026-09-03T12:13:17","modified_gmt":"2026-09-03T12:13:17","slug":"incognita-total-con-nikola-mirotic","status":"publish","type":"post","link":"https:\/\/www.europesays.com\/es\/745470\/","title":{"rendered":"Inc\u00f3gnita total con Nikola Mirotic"},"content":{"rendered":"<p class=\"ft-text\">Con el mes de septiembre reci\u00e9n estrenado en el calendario, <strong>uno de los mejores jugadores del viejo continente sigue,<\/strong> <strong>de manera sorprendente, sin equipo<\/strong> para la pr\u00f3xima temporada. Se trata del exazulgrana <a class=\"ft-link ft-link--decoration\" href=\"https:\/\/www.sport.es\/es\/noticias\/baloncesto\/pasa-nikola-mirotic-133218002\" rel=\"nofollow noopener\" target=\"_blank\"><strong>Nikola Mirotic,<\/strong><\/a> que tras jugar la pasada campa\u00f1a en el M\u00f3naco, todav\u00eda no tiene destino para este curso que arranca en pocos d\u00edas.<\/p>\n<p class=\"ft-text\">A nivel contractual, el excapit\u00e1n del Bar\u00e7a firm\u00f3 por <strong>dos temporadas<\/strong> con el conjunto del Principado, pero la grave situaci\u00f3n econ\u00f3mica del club monegasco hace que su estancia all\u00ed finalice de manera prematura. Expulsado tanto de la primera divisi\u00f3n francesa como de la segunda,<strong> el M\u00f3naco espera poder disputar la siguiente campa\u00f1a en la tercera divisi\u00f3n gala.<\/strong> Una petici\u00f3n que todav\u00eda debe ser aprobada, ya que el club acumula una <strong>deuda superior a los 20 millones de euros.<\/strong><\/p>\n<p><img decoding=\"async\" src=\"https:\/\/www.europesays.com\/es\/wp-content\/uploads\/2026\/09\/4dcdcdbb-51ae-4544-8fa0-1a85ec6525c4_alta-libre-aspect-ratio_default_0_x600y225.jpg\" width=\"1200\" height=\"675\" alt=\"Nikola Mirotic ha jugado en el M\u00f3naco esta \u00faltima temporada\" class=\"ft-helper-img-rd\" loading=\"lazy\" fetchpriority=\"auto\"\/><\/p>\n<p class=\"ft-helper-fontColor-quaternary ft-helper-fontSize-body-S ft-helper-spacer-t-xxs\">Nikola Mirotic ha jugado en el M\u00f3naco esta \u00faltima temporada  \/ Gorka Urresola Elvira<\/p>\n<p>Expulsados de la liga francesa y de la Eurocup<\/p>\n<p class=\"ft-text\">Una situaci\u00f3n de impacto para un equipo que jug\u00f3 la final de la Euroliga en 2025 y que ahora trata de sobrevivir tras una<strong> gesti\u00f3n nefasta<\/strong> de sus mandatarios. La competici\u00f3n europea intent\u00f3 tener un gesto con ellos inscribi\u00e9ndolos en la Eurocup de la pr\u00f3xima temporada, pero esa negativa del baloncesto franc\u00e9s para inscribirlos en las dos primeras divisiones ha hecho que, finalmente, <strong>su participaci\u00f3n europea tampoco se lleve a cabo.<\/strong><\/p>\n<p class=\"ft-text\"><strong>Mike James (Anadolu Efes), Elie Okobo y Jaron Blossomgame (Dubai), Kevarrius Hayes (Partiz\u00e1n) o Daniel Theis (Maccabi)<\/strong> tardaron poco en hacer las maletas para abandonar el Principado, algo distinto a lo de un Mirotic que sigue sin equipo cuando los principales equipos del baloncesto europeo ya han llevado a cabo las operaciones m\u00e1s importantes.<\/p>\n<p><img decoding=\"async\" src=\"https:\/\/estaticos-cdn.prensaiberica.es\/clip\/07c660e7-6742-40f3-86c2-82e300b6656b_alta-libre-aspect-ratio_default_0.jpg\" width=\"1200\" height=\"675\" alt=\"Nikola Mirotic fue el 'MVP' de la segunda jornada de la Euroliga tras su gran actuaci\u00f3n ante el Dubai\" class=\"ft-helper-img-rd\" loading=\"lazy\" fetchpriority=\"auto\"\/><\/p>\n<p class=\"ft-helper-fontColor-quaternary ft-helper-fontSize-body-S ft-helper-spacer-t-xxs\">Nikola Mirotic fue el &#8216;MVP&#8217; de la segunda jornada de la Euroliga tras su gran actuaci\u00f3n ante el Dubai  \/ Euroleague<\/p>\n<p>Las lesiones marcaron su \u00faltima temporada<\/p>\n<p class=\"ft-text\">Su primer a\u00f1o en el M\u00f3naco tampoco fue sencillo. M\u00e1s all\u00e1 de algunos impagos o retrasos en las n\u00f3minas denunciados por los propios jugadores, <strong>Mirotic acumul\u00f3 varios problemas f\u00edsicos que le penalizaron y mermaron su rendimiento.<\/strong> De hecho, su \u00faltimo partido en el cuadro monegasco fue el pasado 12 de abril, y cinco d\u00edas despu\u00e9s, el club, a trav\u00e9s de un comunicado, anunci\u00f3 que el jugador estar\u00eda fuera de las pistas durante un <strong>\u00abtiempo indeterminado\u00bb<\/strong> por un problema en la pantorrilla. <strong>Ya no regres\u00f3 m\u00e1s,<\/strong> ni para ayudar al equipo en el<strong> play-off de la Euroliga ante Olympiacos,<\/strong> o en las <strong>eliminatorias por el t\u00edtulo liguero en Francia <\/strong>que acabaron levantando.<\/p>\n<p class=\"ft-text\">Ha sido un verano cargado de <strong>rumores<\/strong> que apuntaban hacia una posible vuelta a Espa\u00f1a. Son\u00f3 con relativa fuerza para poder recalar en el <strong>Valencia Basket<\/strong> o en el <strong>Unicaja,<\/strong> pero taronjas y cajistas optaron por otros perfiles. Su condici\u00f3n de <strong>jugador de formaci\u00f3n local (cupo)<\/strong> le convierte en una pieza interesante en las competiciones ACB m\u00e1s all\u00e1 de su enorme talento. Un factor que podr\u00eda activar un inter\u00e9s de <strong>Baskonia,<\/strong> que viene ganando peso en redes sociales, pero que, <strong>a d\u00eda de hoy, no deja de ser un rumor m\u00e1s.<\/strong><\/p>\n<p><img decoding=\"async\" src=\"https:\/\/www.europesays.com\/es\/wp-content\/uploads\/2026\/09\/93930b44-ef6c-43ee-8a36-8d05b1f9dc3e_alta-libre-aspect-ratio_default_0.jpg\" width=\"1200\" height=\"675\" alt=\"Nikola Mirotic, en su despedida del Palau Blaugrana\" class=\"ft-helper-img-rd\" loading=\"lazy\" fetchpriority=\"auto\"\/><\/p>\n<p class=\"ft-helper-fontColor-quaternary ft-helper-fontSize-body-S ft-helper-spacer-t-xxs\">Nikola Mirotic, en su despedida del Palau Blaugrana  \/ Javi Ferr\u00e1ndiz<\/p>\n<p>\u00bfRegreso al Bar\u00e7a?<\/p>\n<p class=\"ft-text\"><strong>Hubo aficionados del Bar\u00e7a que pidieron su regreso al Palau,<\/strong> y m\u00e1s teniendo en cuenta que los dos ala-p\u00edvots del pasado curso (Tornike Shengelia y Miles Norris) abandonaron la disciplina azulgrana. Pero m\u00e1s all\u00e1 de esa voluntad de la parroquia cul\u00e9 alimentada por el<strong> sentimentalismo<\/strong> y el grato recuerdo de sus cuatro cursos vistiendo la camiseta del Bar\u00e7a, <strong>Mirotic no fue una opci\u00f3n<\/strong> para una secci\u00f3n que este verano ha buscado rejuvenecer la media de edad de su plantilla en esta nueva filosof\u00eda que se pretende implantar a partir de este pr\u00f3ximo curso. Los datos hablan por s\u00ed solos: <strong>ninguno de los 11 fichajes supera los 30 a\u00f1os de edad.<\/strong><\/p>\n<p class=\"ft-text\"><strong>&#8216;SPORT&#8217; consult\u00f3 al entorno m\u00e1s cercano del jugador para conocer por donde pasa su futuro y en qu\u00e9 destino seguir\u00e1 su carrera, pero, por el momento, guardan silencio.<\/strong> Mirotic, que el pr\u00f3ximo febrero cumplir\u00e1 36 a\u00f1os,<strong> promedi\u00f3 11 puntos,<\/strong> con casi un <strong>40% de acierto exterior, y 4,3 rebotes por partido <\/strong>en la pasada edici\u00f3n de la Euroliga.<\/p>\n","protected":false},"excerpt":{"rendered":"Con el mes de septiembre reci\u00e9n estrenado en el calendario, uno de los mejores jugadores del viejo continente&hellip;\n","protected":false},"author":2,"featured_media":745471,"comment_status":"","ping_status":"","sticky":false,"template":"","format":"standard","meta":{"footnotes":""},"categories":[269],"tags":[299,2296,298,168,622,25,24,557,19851,54848,42858,23,167,1627],"class_list":["post-745470","post","type-post","status-publish","format-standard","has-post-thumbnail","category-baloncesto","tag-baloncesto","tag-barca","tag-basketball","tag-deportes","tag-equipo","tag-es","tag-espana","tag-fichaje","tag-incognita","tag-mirotic","tag-nikola","tag-spain","tag-sports","tag-total"],"share_on_mastodon":{"url":"https:\/\/pubeurope.com\/@es\/117207054781909984","error":""},"_links":{"self":[{"href":"https:\/\/www.europesays.com\/es\/wp-json\/wp\/v2\/posts\/745470","targetHints":{"allow":["GET"]}}],"collection":[{"href":"https:\/\/www.europesays.com\/es\/wp-json\/wp\/v2\/posts"}],"about":[{"href":"https:\/\/www.europesays.com\/es\/wp-json\/wp\/v2\/types\/post"}],"author":[{"embeddable":true,"href":"https:\/\/www.europesays.com\/es\/wp-json\/wp\/v2\/users\/2"}],"replies":[{"embeddable":true,"href":"https:\/\/www.europesays.com\/es\/wp-json\/wp\/v2\/comments?post=745470"}],"version-history":[{"count":0,"href":"https:\/\/www.europesays.com\/es\/wp-json\/wp\/v2\/posts\/745470\/revisions"}],"wp:featuredmedia":[{"embeddable":true,"href":"https:\/\/www.europesays.com\/es\/wp-json\/wp\/v2\/media\/745471"}],"wp:attachment":[{"href":"https:\/\/www.europesays.com\/es\/wp-json\/wp\/v2\/media?parent=745470"}],"wp:term":[{"taxonomy":"category","embeddable":true,"href":"https:\/\/www.europesays.com\/es\/wp-json\/wp\/v2\/categories?post=745470"},{"taxonomy":"post_tag","embeddable":true,"href":"https:\/\/www.europesays.com\/es\/wp-json\/wp\/v2\/tags?post=745470"}],"curies":[{"name":"wp","href":"https:\/\/api.w.org\/{rel}","templated":true}]}}