{"id":745474,"date":"2026-09-03T12:15:09","date_gmt":"2026-09-03T12:15:09","guid":{"rendered":"https:\/\/www.europesays.com\/es\/745474\/"},"modified":"2026-09-03T12:15:09","modified_gmt":"2026-09-03T12:15:09","slug":"borja-thyssen-y-blanca-cuesta-mandan-a-su-hijo-mayor-a-estados-unidos-mientras-su-situacion-en-andorra-se-complica","status":"publish","type":"post","link":"https:\/\/www.europesays.com\/es\/745474\/","title":{"rendered":"Borja Thyssen y Blanca Cuesta mandan a su hijo mayor a Estados Unidos mientras su situaci\u00f3n en Andorra se complica"},"content":{"rendered":"<p><strong>Sacha Thyssen Cuesta<\/strong> acaba de dar uno de los pasos m\u00e1s importantes de su vida. A sus <strong>18 a\u00f1os<\/strong>, el primog\u00e9nito de <strong><a href=\"https:\/\/theobjective.com\/etiqueta\/thyssen\/\" rel=\"nofollow noopener\" target=\"_blank\">Borja Thyssen<\/a> y Blanca Cuesta ha dejado Madrid<\/strong> para instalarse en <strong>Estados Unidos<\/strong>, donde continuar\u00e1 su formaci\u00f3n en una universidad de \u00e9lite perteneciente a la <strong>Ivy League<\/strong>.<\/p>\n<p>El joven llega a esta nueva etapa despu\u00e9s de completar sus estudios en el <strong>American School of Madrid (ASM)<\/strong>, uno de los colegios internacionales m\u00e1s prestigiosos de la capital, situado en Pozuelo de Alarc\u00f3n y conocido tanto por su modelo educativo estadounidense como por las conocidas familias que han acudido a \u00e9l, <a href=\"https:\/\/theobjective.com\/gente\/2026-09-01\/el-exclusivo-colegio-de-pozuelo-al-que-llevan-sus-hijos-los-famosos-hasta-25-000-euros-al-ano-y-una-larga-lista-de-celebrities-como-alfonso-de-borbon-fernando-torres-o-cristiano-ronaldo\/\" rel=\"nofollow noopener\" target=\"_blank\">tal y como te contamos en THE OBJECTIVE<\/a>.<\/p>\n<p>Un exclusivo colegio americano con sede en Pozuelo<\/p>\n<p>Fundado en 1961, el American School of Madrid es un centro internacional privado y sin \u00e1nimo de lucro que recibe a estudiantes desde los tres a\u00f1os hasta el final de la ense\u00f1anza secundaria. El ingl\u00e9s es la principal lengua de ense\u00f1anza y <strong>los alumnos de los cursos superiores pueden obtener el diploma estadounidense de High School y cursar tambi\u00e9n el Programa del Diploma del Bachillerato Internacional.<\/strong><\/p>\n<p>Su vocaci\u00f3n internacional se refleja especialmente en el destino de sus estudiantes. Seg\u00fan el propio centro, la promoci\u00f3n de 2026 recibi\u00f3 ofertas de universidades de <strong>20 pa\u00edses y cinco continentes<\/strong>. Entre ellas figuran instituciones de la talla de <strong>Columbia y Cornell<\/strong>, ambas pertenecientes a la Ivy League, adem\u00e1s de Georgetown, NYU, UC Berkeley, UCLA, London School of Economics, University College London, King\u2019s College London, McGill o Bocconi.<\/p>\n<p>Eso no significa que Sacha haya escogido Columbia o Cornell \u2014su universidad no se ha hecho p\u00fablica\u2014, pero s\u00ed permite hacerse una idea del <strong>nivel acad\u00e9mico<\/strong> y de las <strong>aspiraciones universitarias de los alumnos<\/strong> que salen del colegio. Los resultados acad\u00e9micos tambi\u00e9n respaldan esa reputaci\u00f3n. La promoci\u00f3n de 2026 consigui\u00f3 un <strong>92% de aprobados en el Diploma del Bachillerato Internacional<\/strong>, y cerca del 40% de los estudiantes obtuvo 35 puntos o m\u00e1s.<\/p>\n<p>M\u00e1s de 25.000 euros al a\u00f1o por alumno<\/p>\n<p>Estudiar all\u00ed, obviamente, tiene un precio considerable. Seg\u00fan las tarifas publicadas actualmente por el propio colegio la escolaridad oscila entre los <strong>12.173 euros anuales de los primeros cursos de infantil y los 25.072 euros de los grados 9 a 12<\/strong>, correspondientes a los \u00faltimos a\u00f1os de secundaria.<\/p>\n<blockquote class=\"instagram-media\" data-instgrm-permalink=\"https:\/\/www.instagram.com\/p\/DZIpMbBCHnw\/?utm_source=ig_embed&amp;utm_campaign=loading\" data-instgrm-version=\"14\" style=\" background:#FFF; border:0; border-radius:3px; box-shadow:0 0 1px 0 rgba(0,0,0,0.5),0 1px 10px 0 rgba(0,0,0,0.15); margin: 1px; max-width:540px; min-width:326px; padding:0; width:99.375%; width:-webkit-calc(100% - 2px); width:calc(100% - 2px);\"\/>\n<p>Y la matr\u00edcula no es el \u00fanico gasto. Los nuevos candidatos pagan una tasa de solicitud de 250 euros y existe adem\u00e1s una <strong>Capital Fee de 8.100 euros<\/strong> para los nuevos alumnos desde EC5 hasta Grade 12. A ello se suma una cuota anual de matriculaci\u00f3n de 950 euros. Servicios como el transporte escolar se pagan aparte: el autob\u00fas cuesta <strong>2.404 euros al a\u00f1o<\/strong>, mientras que el comedor tiene un precio de 9,85 euros diarios. As\u00ed, una familia que incorpore por primera vez a un hijo en los cursos superiores puede superar f\u00e1cilmente los <strong>30.000 euros de desembolso durante el primer a\u00f1o<\/strong>. <\/p>\n<p>Ingenier\u00eda Mec\u00e1nica y Electr\u00f3nica: la elecci\u00f3n de Sacha<\/p>\n<p>El destino acad\u00e9mico escogido por Sacha revela adem\u00e1s un perfil alejado, al menos por ahora, del mundo del arte tradicionalmente asociado al apellido Thyssen. El joven est\u00e1 especialmente interesado en la <strong>Ingenier\u00eda Mec\u00e1nica y la Electr\u00f3nica<\/strong> y cursar\u00e1 en Estados Unidos una formaci\u00f3n relacionada con ambas disciplinas.<\/p>\n<p>Se prev\u00e9 que estudie un <strong>doble grado de Ingenier\u00eda Mec\u00e1nica y Electr\u00f3nica<\/strong>. Sin embargo, como todav\u00eda no se conoce p\u00fablicamente qu\u00e9 universidad ha elegido ni la denominaci\u00f3n oficial del programa estadounidense, no se puede saber en qu\u00e9 consiste la carrera exactamente. Lo que est\u00e1 claro es que estos estudios pueden abrirle las puertas en sectores como la <strong>rob\u00f3tica, la automatizaci\u00f3n industrial, la industria del autom\u00f3vil, los sistemas inteligentes, la energ\u00eda o la fabricaci\u00f3n avanzada<\/strong>.<\/p>\n<p><img fetchpriority=\"high\" decoding=\"async\" width=\"1024\" height=\"576\" src=\"https:\/\/www.europesays.com\/es\/wp-content\/uploads\/2026\/09\/ciudad-borja-thyssen-1024x576.jpeg\" alt=\"\" class=\"wp-image-3979408\"  \/>Borja Thyssen y Blanca tienen cinco hijos. | Gtres<\/p>\n<p>Sacha cuenta adem\u00e1s con una preparaci\u00f3n especialmente internacional: domina el <strong>ingl\u00e9s<\/strong> gracias a su educaci\u00f3n en el colegio americano y lleva a\u00f1os estudiando <strong>chino<\/strong>, idioma que ha seguido perfeccionando antes de trasladarse a Estados Unidos.<\/p>\n<p>\u00bfPor qu\u00e9 estudiar en Estados Unidos?<\/p>\n<p>Borja Thyssen y Blanca Cuesta <strong>no han explicado los motivos concretos<\/strong> de \u2018mandar\u2019 a su hijo a Estados Unidos. Sin embargo, desde un punto de vista acad\u00e9mico, la elecci\u00f3n tiene sentido, pues Sacha lleva a\u00f1os form\u00e1ndose dentro de un <strong>sistema educativo americano<\/strong>, en ingl\u00e9s y con una marcada orientaci\u00f3n internacional. <strong>Pasar del American School of Madrid a una universidad norteamericana supone, por tanto, continuar un camino que comenz\u00f3 mucho antes de terminar el Bachillerato<\/strong>.<\/p>\n<p>Tambi\u00e9n encaja con su <strong>inter\u00e9s por la ingenier\u00eda y la tecnolog\u00eda<\/strong> y, a sus 18 a\u00f1os, le permitir\u00e1 adquirir independencia y comenzar a construir una trayectoria propia lejos del entorno en el que ha crecido.<\/p>\n<p>Borja Thyssen mantiene su residencia fiscal en Andorra, donde est\u00e1 teniendo problemas<\/p>\n<p>Marcharse al extranjero tampoco resulta completamente ajeno a la historia familiar. <strong>Borja Thyssen mantiene desde hace a\u00f1os su residencia fiscal en Andorra<\/strong>, donde su figura est\u00e1 siendo muy pol\u00e9mica desde este pasado mes de agosto, cuando trascendi\u00f3 que un <a href=\"https:\/\/www.elmundo.es\/loc\/famosos\/2026\/08\/11\/6a7aee6b21efa02d678b4590.html\" target=\"_blank\" rel=\"noreferrer noopener nofollow\">juzgado andorrano hab\u00eda requerido a Borja en relaci\u00f3n con un procedimiento iniciado por <strong>MoraBanc<\/strong><\/a> <strong>por un pr\u00e9stamo de cerca de cinco millones de euros<\/strong>, garantizado con su vivienda en Andorra.<\/p>\n<p>Paralelamente, <strong>Madrid ha tenido durante a\u00f1os un peso fundamental en la vida de Blanca Cuesta y de sus cinco hijos<\/strong>. Los ni\u00f1os han crecido y estudiado en la capital y Pozuelo de Alarc\u00f3n se ha convertido en uno de los principales centros de la vida familiar. Eso explica tambi\u00e9n que la marcha de Sacha a Estados Unidos no deba interpretarse como el traslado de los Thyssen-Cuesta fuera de Espa\u00f1a. Es, por ahora, <strong>la salida al extranjero de su hijo mayor para comenzar la universidad<\/strong>.<\/p>\n<p>Por eso, la marcha de Sacha parece m\u00e1s una <strong>decisi\u00f3n acad\u00e9mica individual que un alejamiento de la familia respecto a Espa\u00f1a<\/strong>. Eso s\u00ed, es destacable, ya que es el primero de los cinco hermanos que abandona el hogar para ir a la universidad. Eric, Enzo, Kala e India permanecen en Madrid. La decisi\u00f3n resume, en cierto modo, la educaci\u00f3n que Borja Thyssen y Blanca Cuesta han escogido para sus hijos: <strong>crecer en Espa\u00f1a, pero dentro de un sistema pensado para desenvolverse internacionalmente<\/strong> en un sector alejado del arte de los Thyssen.<\/p>\n<p>                                                    <script async src=\"\/\/www.instagram.com\/embed.js\"><\/script><\/p>\n","protected":false},"excerpt":{"rendered":"Sacha Thyssen Cuesta acaba de dar uno de los pasos m\u00e1s importantes de su vida. A sus 18&hellip;\n","protected":false},"author":2,"featured_media":745475,"comment_status":"","ping_status":"","sticky":false,"template":"","format":"standard","meta":{"footnotes":""},"categories":[174],"tags":[255,2027,2026,146,147,25,24,629,256,24088,23,34729,13112],"class_list":["post-745474","post","type-post","status-publish","format-standard","has-post-thumbnail","category-famosos","tag-celebrities","tag-colegios","tag-educacion","tag-entertainment","tag-entretenimiento","tag-es","tag-espana","tag-estados-unidos","tag-famosos","tag-pozuelo-de-alarcon","tag-spain","tag-thyssen","tag-universidades"],"share_on_mastodon":{"url":"https:\/\/pubeurope.com\/@es\/117207062251488352","error":""},"_links":{"self":[{"href":"https:\/\/www.europesays.com\/es\/wp-json\/wp\/v2\/posts\/745474","targetHints":{"allow":["GET"]}}],"collection":[{"href":"https:\/\/www.europesays.com\/es\/wp-json\/wp\/v2\/posts"}],"about":[{"href":"https:\/\/www.europesays.com\/es\/wp-json\/wp\/v2\/types\/post"}],"author":[{"embeddable":true,"href":"https:\/\/www.europesays.com\/es\/wp-json\/wp\/v2\/users\/2"}],"replies":[{"embeddable":true,"href":"https:\/\/www.europesays.com\/es\/wp-json\/wp\/v2\/comments?post=745474"}],"version-history":[{"count":0,"href":"https:\/\/www.europesays.com\/es\/wp-json\/wp\/v2\/posts\/745474\/revisions"}],"wp:featuredmedia":[{"embeddable":true,"href":"https:\/\/www.europesays.com\/es\/wp-json\/wp\/v2\/media\/745475"}],"wp:attachment":[{"href":"https:\/\/www.europesays.com\/es\/wp-json\/wp\/v2\/media?parent=745474"}],"wp:term":[{"taxonomy":"category","embeddable":true,"href":"https:\/\/www.europesays.com\/es\/wp-json\/wp\/v2\/categories?post=745474"},{"taxonomy":"post_tag","embeddable":true,"href":"https:\/\/www.europesays.com\/es\/wp-json\/wp\/v2\/tags?post=745474"}],"curies":[{"name":"wp","href":"https:\/\/api.w.org\/{rel}","templated":true}]}}