{"id":745494,"date":"2026-09-03T12:38:22","date_gmt":"2026-09-03T12:38:22","guid":{"rendered":"https:\/\/www.europesays.com\/es\/745494\/"},"modified":"2026-09-03T12:38:22","modified_gmt":"2026-09-03T12:38:22","slug":"los-cavaliers-haran-su-pretemporada-nba-en-espana-se-instalaran-en-el-santuario-creado-por-calderon-y-berni-rodriguez","status":"publish","type":"post","link":"https:\/\/www.europesays.com\/es\/745494\/","title":{"rendered":"Los Cavaliers har\u00e1n su pretemporada NBA en Espa\u00f1a: se instalar\u00e1n en el \u00abSantuario\u00bb creado por Calder\u00f3n y Berni Rodr\u00edguez"},"content":{"rendered":"<p data-mrf-recirculation=\"Links P\u00e1rrafos\" class=\"ue-c-article__paragraph paragraph ue-c-article--first-letter-highlighted\">Los <a href=\"https:\/\/www.marca.com\/organizacion\/cleveland-cavaliers.html\" rel=\"nofollow noopener\" target=\"_blank\"><strong>Cleveland Cavaliers<\/strong><\/a> instalar\u00e1n su campamento de entrenamientos en Espa\u00f1a, y prepararan su pretemporada para <strong>afrontar el curso NBA en &#8216;The Embassy&#8217; de Fuengirola (M\u00e1laga)<\/strong> del 30 de septiembre al 5 de octubre.<\/p>\n<p data-mrf-recirculation=\"Links P\u00e1rrafos\" class=\"ue-c-article__paragraph paragraph\">Las dos \u00faltimas temporadas los Cavs realizaron sus entrenamientos de pretemporada en la IMG Academy de Sarasota (Florida).<\/p>\n<blockquote class=\"ue-c-article__blockquote\">\n<p>Las instalaciones se han consolidado como un referente para el talento y el rendimiento del baloncesto de \u00e9lite; contar en nuestra organizaci\u00f3n con Calder\u00f3n convierte esto en una oportunidad \u00fanica<\/p>\n<p>Koby Altman<\/p><\/blockquote>\n<p data-mrf-recirculation=\"Links P\u00e1rrafos\" class=\"ue-c-article__paragraph paragraph\">\u00abEl campamento de entrenamiento es donde se sientan las bases de la temporada, y &#8216;The Embassy&#8217; ofrece a nuestros jugadores, entrenadores y personal un entorno excepcional para comenzar esa labor\u00bb, explic\u00f3 <strong>Koby Altman<\/strong>, presidente de operaciones de baloncesto de los Cavaliers, en declaraciones que reproduce <strong>&#8216;basketnews&#8217;<\/strong>.<\/p>\n<blockquote class=\"ue-c-article__blockquote\">\n<p>Recibir a los Cleveland Cavaliers en The Embassy es un honor enorme y un momento significativo para todos los que formamos parte de la organizaci\u00f3n<\/p>\n<p>Manuel Escobar<\/p><\/blockquote>\n<p data-mrf-recirculation=\"Links P\u00e1rrafos\" class=\"ue-c-article__paragraph paragraph\">Altman reconoci\u00f3 que \u00ablas instalaciones se han consolidado como un referente para el talento y el rendimiento del baloncesto de \u00e9lite; contar en nuestra organizaci\u00f3n con Jos\u00e9 Manuel Calder\u00f3n convierte esto en una oportunidad especialmente \u00fanica para nuestro equipo\u00bb.<\/p>\n<p>The Embassy, el \u00absantuario del rendimiento\u00bb dise\u00f1ado y desarrollado Jos\u00e9 Manuel Calder\u00f3n y Berni Rodr\u00edguez<\/p>\n<p data-mrf-recirculation=\"Links P\u00e1rrafos\" class=\"ue-c-article__paragraph paragraph\"><strong>Jos\u00e9 Manuel Calder\u00f3n<\/strong>, que jug\u00f3 en los Cavaliers 2017-2018, particip\u00f3 en el dise\u00f1o y desarrollo de &#8216;The Embassy&#8217; junto a <strong>Berni Rodr\u00edguez<\/strong> (ex de Unicaja y selecci\u00f3n espa\u00f1ola).<\/p>\n<p data-mrf-recirculation=\"Links P\u00e1rrafos\" class=\"ue-c-article__paragraph paragraph\">Manuel Escobar, director ejecutivo de The Embassy, tambi\u00e9n celebr\u00f3 la decisi\u00f3n de los Cavaliers de trasladar su preparaci\u00f3n de pretemporada a Espa\u00f1a.<\/p>\n<p data-mrf-recirculation=\"Links P\u00e1rrafos\" class=\"ue-c-article__paragraph paragraph\">\u00abRecibir a los Cleveland Cavaliers en The Embassy para su concentraci\u00f3n de entrenamiento es un honor enorme y un momento significativo para todos los que formamos parte de la organizaci\u00f3n. Que una organizaci\u00f3n de la NBA elija The Embassy como lugar para iniciar su temporada es un claro reflejo de esa visi\u00f3n\u00bb, declar\u00f3 <strong>Manuel Escobar<\/strong>, director ejecutivo de The Embassy.<\/p>\n","protected":false},"excerpt":{"rendered":"Los Cleveland Cavaliers instalar\u00e1n su campamento de entrenamientos en Espa\u00f1a, y prepararan su pretemporada para afrontar el curso&hellip;\n","protected":false},"author":2,"featured_media":745495,"comment_status":"","ping_status":"","sticky":false,"template":"","format":"standard","meta":{"footnotes":""},"categories":[269],"tags":[299,298,168,25,24,23,167],"class_list":["post-745494","post","type-post","status-publish","format-standard","has-post-thumbnail","category-baloncesto","tag-baloncesto","tag-basketball","tag-deportes","tag-es","tag-espana","tag-spain","tag-sports"],"share_on_mastodon":{"url":"https:\/\/pubeurope.com\/@es\/117207151802849264","error":""},"_links":{"self":[{"href":"https:\/\/www.europesays.com\/es\/wp-json\/wp\/v2\/posts\/745494","targetHints":{"allow":["GET"]}}],"collection":[{"href":"https:\/\/www.europesays.com\/es\/wp-json\/wp\/v2\/posts"}],"about":[{"href":"https:\/\/www.europesays.com\/es\/wp-json\/wp\/v2\/types\/post"}],"author":[{"embeddable":true,"href":"https:\/\/www.europesays.com\/es\/wp-json\/wp\/v2\/users\/2"}],"replies":[{"embeddable":true,"href":"https:\/\/www.europesays.com\/es\/wp-json\/wp\/v2\/comments?post=745494"}],"version-history":[{"count":0,"href":"https:\/\/www.europesays.com\/es\/wp-json\/wp\/v2\/posts\/745494\/revisions"}],"wp:featuredmedia":[{"embeddable":true,"href":"https:\/\/www.europesays.com\/es\/wp-json\/wp\/v2\/media\/745495"}],"wp:attachment":[{"href":"https:\/\/www.europesays.com\/es\/wp-json\/wp\/v2\/media?parent=745494"}],"wp:term":[{"taxonomy":"category","embeddable":true,"href":"https:\/\/www.europesays.com\/es\/wp-json\/wp\/v2\/categories?post=745494"},{"taxonomy":"post_tag","embeddable":true,"href":"https:\/\/www.europesays.com\/es\/wp-json\/wp\/v2\/tags?post=745494"}],"curies":[{"name":"wp","href":"https:\/\/api.w.org\/{rel}","templated":true}]}}