{"id":745496,"date":"2026-09-03T12:39:22","date_gmt":"2026-09-03T12:39:22","guid":{"rendered":"https:\/\/www.europesays.com\/es\/745496\/"},"modified":"2026-09-03T12:39:22","modified_gmt":"2026-09-03T12:39:22","slug":"jose-mourinho-muy-critico-con-asencio-errores-cometemos-todos-pero-es-diferente-cuando-los-acumulas","status":"publish","type":"post","link":"https:\/\/www.europesays.com\/es\/745496\/","title":{"rendered":"Jos\u00e9 Mourinho, muy cr\u00edtico con Asencio: \u00abErrores cometemos todos, pero es diferente cuando los acumulas\u00bb"},"content":{"rendered":"<p class=\"ft-text\"><strong>El Real Madrid visita este viernes a las 21 horas el estadio de La Cartuja para medirse al Real Betis<\/strong>, en el encuentro correspondiente a la cuarta jornada de LaLiga. Antes de poner rumbo a Sevilla, <strong>Jos\u00e9 Mourinho<\/strong> ha comparecido ante los medios de comunicaci\u00f3n, donde se ha mostrado muy <strong>cr\u00edtico con Ra\u00fal Asencio<\/strong>, condenado por un delito contra la seguridad vial tras casi cuadruplicar la tasa de alcoholemia. <strong>\u00abTodos cometemos errores, pero acumularos es una cosa diferente\u00bb<\/strong>, se\u00f1al\u00f3 el entrenador portugu\u00e9s. <\/p>\n<p class=\"ft-text\">Este jueves, adem\u00e1s, est\u00e1 previsto que comience en Las Palmas de Gran Canaria el juicio por el caso relacionado con la difusi\u00f3n no autorizada de v\u00eddeos de contenido sexual grabados en 2023. <strong>\u00abHabl\u00e9 con \u00e9l cuando llegu\u00e9 en funci\u00f3n de cosas del pasado. Un jugador del Real Madrid, es jugador del Real Madrid 24 horas al d\u00eda, siete d\u00edas a la semana, 365 d\u00edas al a\u00f1o. Lo que haces fuera contin\u00faa siendo Real Madrid y da\u00f1a el prestigio de un club intocable. No estoy feliz\u00bb<\/strong>, explic\u00f3 Mourinho.<\/p>\n<p><img decoding=\"async\" src=\"https:\/\/www.europesays.com\/es\/wp-content\/uploads\/2026\/09\/eda485dd-ef1d-43d0-8390-12a056009062_alta-libre-aspect-ratio_default_0_x600y225.jpg\" width=\"1200\" height=\"675\" alt=\"Ra\u00fal Asencio del Real Madrid se enfrenta a juicio por un v\u00eddeo sexual.\" class=\"ft-helper-img-rd\" loading=\"lazy\" fetchpriority=\"auto\"\/><\/p>\n<p class=\"ft-helper-fontColor-quaternary ft-helper-fontSize-body-S ft-helper-spacer-t-xxs\">Ra\u00fal Asencio, condenado por conducir bajo los efectos del alcohol  \/ EFE\/Andre Coelho<\/p>\n<p class=\"ft-text\">El propio futbolista <a class=\"ft-link ft-link--decoration\" href=\"https:\/\/www.sport.es\/es\/noticias\/real-madrid\/madrid-toma-medidas-asencio-le-133881462\" target=\"_blank\" rel=\"nofollow noopener\">se puso en contacto con el Real Madrid nada m\u00e1s ocurrieron los hechos<\/a>, el pasado mes de agosto. No obstante, <strong>el club blanco le ha abierto un expediente<\/strong>, pese a que el defensa canario, lesionado desde el pasado mes de julio, continuar\u00e1 \u00abun par de semanas\u00bb en el dique seco. Mourinho, pese a su enfado con el canterano, ha reconocido su buen hacer dentro de la Ciudad Deportiva:<strong> \u00abEn Valdebebas es un jugador ejemplar. Ahora que est\u00e1 lesionado, es el primero en llegar y el \u00faltimo en salir\u00bb<\/strong>.<\/p>\n<p class=\"ft-text\">El preparador luso tambi\u00e9n se ha &#8216;mojado&#8217; sobre el<strong> &#8216;caso Juli\u00e1n \u00c1lvarez&#8217;<\/strong> y su no fichaje por el FC Barcelona este mercado de verano. \u00abNo hay nadie que conozca mejor la situaci\u00f3n que Simeone. <strong>Cuando un jugador no est\u00e1 satisfecho, lo tiene que estar cuando llega el 1 de septiembre, porque, si no, no juegas hasta el 1 de enero\u00bb<\/strong>, apun\u00f3 Mourinho, que ha confirmado la presencia de <strong>Sergio Mart\u00ednez<\/strong>, <a class=\"ft-link ft-link--decoration\" href=\"https:\/\/www.sport.es\/es\/noticias\/real-madrid\/chema-aragon-alaba-salinas-deja-133878618\" target=\"_blank\" rel=\"nofollow noopener\">el \u00faltimo fichaje blanco<\/a>, en la convocatoria: <strong>\u00abEstar\u00e1 en el banquillo. <\/strong>Tiene calidad, pero el nivel aqu\u00ed es diferente. Es un paso que est\u00e9 con nosotros\u00bb.<\/p>\n<p>\u00abHe tenido alg\u00fan comentario est\u00fapido\u00bb<\/p>\n<p class=\"ft-text\">El entrenador del Real Madrid se ver\u00e1 las caras de nuevo contra un viejo conocido, <strong>Manuel Pellegrini. <\/strong>Ambos t\u00e9cnicos tuvieron sus m\u00e1s y sus menos en la anterior etapa de Mourinho en el banquillo blanco. \u00ab<strong>En el pasado hay momentos, palabras que uno dice y despu\u00e9s te sientes un idiota. Con \u00e9l he tenido alg\u00fan comentario est\u00fapido.<\/strong> El campeonato que gan\u00f3 con el City se lo regal\u00e9 yo. Nos hemos encontrado alguna vez y ha tenido detalles de se\u00f1or. Es un gran entrenador y un ejemplo, tambi\u00e9n como persona\u00bb, expres\u00f3 el luso.<\/p>\n<p class=\"ft-text\">El Real Betis, que suma seis puntos en tres partidos, anunci\u00f3 el pasado mi\u00e9rcoles la incorporaci\u00f3n de D<strong>ani Ceballos<\/strong>, <a class=\"ft-link ft-link--decoration\" href=\"https:\/\/www.sport.es\/es\/noticias\/betis\/ceballos-corazon-abierto-presentacion-he-133877948\" target=\"_blank\" rel=\"nofollow noopener\">despu\u00e9s de rescindir su contrato con el Real Madrid<\/a>, porque<strong> \u00abno contaba\u00bb<\/strong> para Mourinho. \u00abHablamos tres minutos al tel\u00e9fono. <strong>Muchas veces, el jugador, cuando no cuentan con \u00e9l, se queda agarrado a su contrato, porque se quieren quedar. En este caso, las cosas han sido muy f\u00e1ciles. Me dijo: &#8216;Si no cuentas conmigo, prefiero estar libre para decidir mi futuro'\u00bb<\/strong>, asegur\u00f3 el entrenador de 63 a\u00f1os.<\/p>\n<p class=\"ft-text\">Por \u00faltimo, Mourinho tambi\u00e9n tuvo unas palabras de cari\u00f1o para <strong>Leo Messi<\/strong>, quien anunci\u00f3 su retirada de la selecci\u00f3n argentina. <strong>\u00abHablar de Messi es complicado. No hay palabras que puedan describir su calidad. <\/strong>Tocar\u00e1 ver alg\u00fan partido de MLS, aunque no me gusta mucho (la liga de Estados Unidos). <strong>Es de esos jugadores que echaremos de menos siempre<\/strong>\u00ab, concluy\u00f3 el entrenador del Real Madrid.<\/p>\n","protected":false},"excerpt":{"rendered":"El Real Madrid visita este viernes a las 21 horas el estadio de La Cartuja para medirse al&hellip;\n","protected":false},"author":2,"featured_media":745497,"comment_status":"","ping_status":"","sticky":false,"template":"","format":"standard","meta":{"footnotes":""},"categories":[268],"tags":[37162,168,25,24,280,282,2467,205,15442,798,281,23,167],"class_list":["post-745496","post","type-post","status-publish","format-standard","has-post-thumbnail","category-futbol","tag-asencio","tag-deportes","tag-es","tag-espana","tag-football","tag-futbol","tag-jose","tag-madrid","tag-mourinho","tag-real","tag-soccer","tag-spain","tag-sports"],"share_on_mastodon":{"url":"https:\/\/pubeurope.com\/@es\/117207156845423648","error":""},"_links":{"self":[{"href":"https:\/\/www.europesays.com\/es\/wp-json\/wp\/v2\/posts\/745496","targetHints":{"allow":["GET"]}}],"collection":[{"href":"https:\/\/www.europesays.com\/es\/wp-json\/wp\/v2\/posts"}],"about":[{"href":"https:\/\/www.europesays.com\/es\/wp-json\/wp\/v2\/types\/post"}],"author":[{"embeddable":true,"href":"https:\/\/www.europesays.com\/es\/wp-json\/wp\/v2\/users\/2"}],"replies":[{"embeddable":true,"href":"https:\/\/www.europesays.com\/es\/wp-json\/wp\/v2\/comments?post=745496"}],"version-history":[{"count":0,"href":"https:\/\/www.europesays.com\/es\/wp-json\/wp\/v2\/posts\/745496\/revisions"}],"wp:featuredmedia":[{"embeddable":true,"href":"https:\/\/www.europesays.com\/es\/wp-json\/wp\/v2\/media\/745497"}],"wp:attachment":[{"href":"https:\/\/www.europesays.com\/es\/wp-json\/wp\/v2\/media?parent=745496"}],"wp:term":[{"taxonomy":"category","embeddable":true,"href":"https:\/\/www.europesays.com\/es\/wp-json\/wp\/v2\/categories?post=745496"},{"taxonomy":"post_tag","embeddable":true,"href":"https:\/\/www.europesays.com\/es\/wp-json\/wp\/v2\/tags?post=745496"}],"curies":[{"name":"wp","href":"https:\/\/api.w.org\/{rel}","templated":true}]}}