{"id":745500,"date":"2026-09-03T12:44:20","date_gmt":"2026-09-03T12:44:20","guid":{"rendered":"https:\/\/www.europesays.com\/es\/745500\/"},"modified":"2026-09-03T12:44:20","modified_gmt":"2026-09-03T12:44:20","slug":"joe-satriani-steve-vai-jim-peterik-backbone","status":"publish","type":"post","link":"https:\/\/www.europesays.com\/es\/745500\/","title":{"rendered":"Joe Satriani \u2013 Steve Vai- Jim Peterik \u2013 BACKBONE"},"content":{"rendered":"<p>\u00a0<\/p>\n<p style=\"text-align: center;\"><strong><a href=\"#SATCHVAI\">Joe Satriani y Steve Vai anuncian nuevo disco<\/a> \u2013 <a href=\"#Peterick\">Pr\u00f3ximo \u00e1lbum de duetos de Jim Peterik<\/a> \u2013 <a href=\"#BACKBONE\">BACKBONE estrenan single<\/a>.<\/strong><\/p>\n<p>El proyecto de <a href=\"http:\/\/www.satriani.com\/\" target=\"_blank\" rel=\"noopener nofollow\"><strong>Joe Satriani<\/strong><\/a> y <a href=\"https:\/\/www.vai.com\/\" target=\"_blank\" rel=\"noopener nofollow\"><strong>Steve Vai<\/strong><\/a>, <strong>SATCHVAI<\/strong>, sacar\u00e1 el 6 de noviembre a trav\u00e9s de earMUSIC un nuevo disco titulado \u201cUnite For The Sea Of Emotion\u201d.<\/p>\n<p><img fetchpriority=\"high\" decoding=\"async\" src=\"https:\/\/www.europesays.com\/es\/wp-content\/uploads\/2026\/09\/SatchVaiEmotion.jpg\" alt=\"SATCHVAI\" width=\"400\" height=\"400\"\/><\/p>\n<p>Estos son los temas que incluye:<\/p>\n<ol>\n<li>Mayhem (3:39)<\/li>\n<li>Bronco Freight Train (5:07)<\/li>\n<li>Dancing (3:40)<\/li>\n<li>The Feeling I Know (5:57)<\/li>\n<li>Zoot Suit Riot (4:36)<\/li>\n<li>Old Sins Have Long Shadows (4:43)<\/li>\n<li>I Wanna Play My Guitar (4:16)<\/li>\n<li>The Sea Of Emotion Pt. 1 (5:49)<\/li>\n<li>The Sea Of Emotion Pt. 2 (5:20)<\/li>\n<li>The Sea Of Emotion Pt. 3 \/ Reflections On A Year And A Half (6:39)<\/li>\n<\/ol>\n<p>En el disco han participado el teclista y productor Eric Caudieux, los bater\u00edas Gregg Bissonette, Jeremy Colson, Kenny Aronoff, Matt Chamberlain y Mike Mangini, los bajistas Billy Sheehan, Bryan Beller, Philip Bynoe, Matt Bissonette, Marco Mendoza y Henrik Linder y el cantante y bajista Glenn Hughes.<\/p>\n<p>A continuaci\u00f3n ten\u00e9is el primer single \u201cMayhem\u201d.<\/p>\n<p>El \u00e1lbum estar\u00e1 disponible en CD, vinilo y formato digital.<\/p>\n<p>M\u00e1s sobre la pareja en esta <a href=\"https:\/\/www.rafabasa.com\/2026\/03\/02\/joe-satriani-steve-vai-jeff-waters-robin-beck\/#SATCHVAI\" rel=\"nofollow noopener\" target=\"_blank\">noticia<\/a>.<\/p>\n<p><img loading=\"lazy\" decoding=\"async\" src=\"https:\/\/www.europesays.com\/es\/wp-content\/uploads\/2026\/09\/lanzamiento2026.jpg\" alt=\"SATCHVAI\" width=\"500\" height=\"278\"\/><\/p>\n<p>\u00a0<\/p>\n<p><a href=\"https:\/\/jimpeterik.com\/\" target=\"_blank\" rel=\"noopener nofollow\"><strong>Jim Peterik<\/strong><\/a> editar\u00e1 el 4 de diciembre v\u00eda Frontiers Music un nuevo disco de su proyecto WORLD STAGE titulado \u201cRiver Of Music: The Power Of Duets Vol. 2\u201d.<\/p>\n<p>Estos son los temas que incluye:<\/p>\n<ol>\n<li>Back In The Day (Jim Peterik y Colin Peterik)<\/li>\n<li>Everest (Tony Hitchcock y Bree Gordon)<\/li>\n<li>The Best In Us (Jim Peterik y Cathy Richardson)<\/li>\n<li>Trains (Jim Peterik &amp; Colin Peterik)<\/li>\n<li>You Could Be The One (Dave Mikulskis y Bree Gordon)<\/li>\n<li>Gifted (Jim Peterik y Bree Gordon)<\/li>\n<li>Blaze Of Glory (Jim Peterik y Bree Gordon)<\/li>\n<li>Wanderlust (Jim Peterik y Kaity Heart)<\/li>\n<li>Treasure (Jim Peterik y Kaity Heart)<\/li>\n<li>The Power Of Two (Jim Peterik y Bree Gordon)<\/li>\n<\/ol>\n<p>A continuaci\u00f3n ten\u00e9is el single \u201cBack In The Day\u201d.<\/p>\n<p>En el \u00e1lbum han participado el bater\u00eda Denny Fongheiser, el guitarrista Phil X, el bajista Tony Franklin, el teclista Kim Bullard que tambi\u00e9n se ha encargado de la orquestaci\u00f3n, el tambi\u00e9n bater\u00eda Ed Breckenfeld, el guitarrista Mike Aquino y el bajista Bob Lizik.<\/p>\n<p>El material ha sido producido por Ron Nevison (KISS, LED ZEPPELIN, HEART, BAD COMPANY, SURVIVOR).<\/p>\n<p>El \u00e1lbum estar\u00e1 disponible en CD y formato digital.<\/p>\n<p>M\u00e1s sobre Peterik en esta <a href=\"https:\/\/www.rafabasa.com\/2025\/12\/12\/graham-bonnet-band-jim-peterik-sacred-leather\/#Peterik\" rel=\"nofollow noopener\" target=\"_blank\">noticia<\/a>.<\/p>\n<p>\u00a0<\/p>\n<p>Los argentinos <strong>BACKBONE <\/strong>han estrenado su nuevo single \u201cShadowbound\u201d.<\/p>\n<p>El grupo presenta as\u00ed su nueva formaci\u00f3n compuesta por <strong>Diego Torales<\/strong>\u00a0(quien pasa del bajo a la voz),\u00a0<strong>Maximiliano<\/strong>\u00a0<strong>\u00abCoco\u00bb Rodr\u00edguez<\/strong>\u00a0y\u00a0<strong>Alejandro Petruk<\/strong>\u00a0en guitarras,\u00a0<strong>Mart\u00edn Leiva<\/strong>\u00a0en bater\u00eda e\u00a0<strong>Ian<\/strong>\u00a0<strong>Azcua<\/strong>\u00a0completando la formaci\u00f3n en el bajo.<\/p>\n<p>No obstante en este single participa el anterior vocalista Sergio Montes.<br \/>Su primer y \u00faltimo trabajo \u201cOminous\u201d vio la luz en 2023.<\/p>\n<p>M\u00e1s sobre la banda en esta <a href=\"https:\/\/www.rafabasa.com\/2017\/07\/26\/europe-paradise-lost-orange-goblin-backbone\/#BACKBONE\" rel=\"nofollow noopener\" target=\"_blank\">noticia<\/a>.<\/p>\n<p align=\"center\">Sigue el \u00a0<a href=\"https:\/\/whatsapp.com\/channel\/0029VaCprxVBA1f555USvT2O\" target=\"_blank\" rel=\"nofollow noopener\">Canal de RAFABASA.COM en WhatsApp<\/a>, donde encontrar\u00e1s todas nuestras novedades al instante<\/p>\n<p>\u00a0<\/p>\n<p>&#13;<\/p>\n<tr>&#13;<\/p>\n<td width=\"50%\"><a href=\"https:\/\/carontestudio.com\/agencia-marketing-musical\/?utm_source=referal&amp;utm_medium=banner1&amp;utm_capaign=rafabasa\" target=\"_blank\" rel=\"noopener nofollow\"><img loading=\"lazy\" decoding=\"async\" src=\"https:\/\/www.europesays.com\/es\/wp-content\/uploads\/2026\/09\/1788439458_489_banner_caronte_jon1_09_26.gif\" alt=\"CARONTE\" width=\"216\" height=\"305\"\/><\/a><\/td>\n<p>&#13;<\/p>\n<td width=\"50%\"><a href=\"https:\/\/www.ginetarockfest.es\/\" target=\"_blank\" rel=\"noopener nofollow\"><img loading=\"lazy\" decoding=\"async\" src=\"https:\/\/www.europesays.com\/es\/wp-content\/uploads\/2026\/09\/1788439460_663_banner_gineta_rock12_08_26.jpg\" alt=\"GINETA ROCK 2026\" width=\"216\" height=\"270\"\/><\/a><\/td>\n<p>&#13;<br \/>\n  <\/tr>\n<p>&#13;<\/p>\n","protected":false},"excerpt":{"rendered":"\u00a0 Joe Satriani y Steve Vai anuncian nuevo disco \u2013 Pr\u00f3ximo \u00e1lbum de duetos de Jim Peterik \u2013&hellip;\n","protected":false},"author":2,"featured_media":745501,"comment_status":"","ping_status":"","sticky":false,"template":"","format":"standard","meta":{"footnotes":""},"categories":[170],"tags":[70842,146,147,25,24,46147,69618,184,185,23,51460],"class_list":["post-745500","post","type-post","status-publish","format-standard","has-post-thumbnail","category-musica","tag-backbone","tag-entertainment","tag-entretenimiento","tag-es","tag-espana","tag-jim-peterik","tag-joe-satriani","tag-music","tag-musica","tag-spain","tag-steve-vai"],"share_on_mastodon":{"url":"https:\/\/pubeurope.com\/@es\/117207176419619564","error":""},"_links":{"self":[{"href":"https:\/\/www.europesays.com\/es\/wp-json\/wp\/v2\/posts\/745500","targetHints":{"allow":["GET"]}}],"collection":[{"href":"https:\/\/www.europesays.com\/es\/wp-json\/wp\/v2\/posts"}],"about":[{"href":"https:\/\/www.europesays.com\/es\/wp-json\/wp\/v2\/types\/post"}],"author":[{"embeddable":true,"href":"https:\/\/www.europesays.com\/es\/wp-json\/wp\/v2\/users\/2"}],"replies":[{"embeddable":true,"href":"https:\/\/www.europesays.com\/es\/wp-json\/wp\/v2\/comments?post=745500"}],"version-history":[{"count":0,"href":"https:\/\/www.europesays.com\/es\/wp-json\/wp\/v2\/posts\/745500\/revisions"}],"wp:featuredmedia":[{"embeddable":true,"href":"https:\/\/www.europesays.com\/es\/wp-json\/wp\/v2\/media\/745501"}],"wp:attachment":[{"href":"https:\/\/www.europesays.com\/es\/wp-json\/wp\/v2\/media?parent=745500"}],"wp:term":[{"taxonomy":"category","embeddable":true,"href":"https:\/\/www.europesays.com\/es\/wp-json\/wp\/v2\/categories?post=745500"},{"taxonomy":"post_tag","embeddable":true,"href":"https:\/\/www.europesays.com\/es\/wp-json\/wp\/v2\/tags?post=745500"}],"curies":[{"name":"wp","href":"https:\/\/api.w.org\/{rel}","templated":true}]}}