{"id":745506,"date":"2026-09-03T12:48:20","date_gmt":"2026-09-03T12:48:20","guid":{"rendered":"https:\/\/www.europesays.com\/es\/745506\/"},"modified":"2026-09-03T12:48:20","modified_gmt":"2026-09-03T12:48:20","slug":"el-esperado-regreso-de-anabel-pantoja-a-television-tras-el-caso-de-su-hija-alma-tengo-derecho-a-sentarme-y-a-contarlo","status":"publish","type":"post","link":"https:\/\/www.europesays.com\/es\/745506\/","title":{"rendered":"El esperado regreso de Anabel Pantoja a televisi\u00f3n tras el caso de su hija Alma: \u00abTengo derecho a sentarme y a contarlo\u00bb"},"content":{"rendered":"<p id=\"ebKAnR_OnN\" data-wc=\"93\"><strong>Anabel Pantoja<\/strong> ser\u00e1 la primera invitada de la nueva temporada de\u00a0\u00a1De viernes!. La sobrina de Isabel Pantoja se sentar\u00e1 este viernes, 4 de septiembre, en el programa de Telecinco para abordar los \u00faltimos acontecimientos que han marcado su vida, como la llegada al mundo de su hija Alma el 23 de noviembre de 2024, fruto de <a class=\"hm-link ho-link\" href=\"https:\/\/www.hola.com\/actualidad\/20260807916984\/anabel-pantoja-david-rodriguez-romantica-felicitacion-cumpleanos-crisis\/\" data-mrf-recirculation=\"article-body-link\" rel=\"nofollow noopener\" target=\"_blank\">su relaci\u00f3n con el fisioterapeuta David Rodr\u00edguez<\/a>. \u00ab\u00bfQu\u00e9 es para m\u00ed? Un milagro. La mejor decisi\u00f3n que he tomado, estoy enamorada de ella\u00bb, dice Anabel en el avance de la esperada entrevista emitido por la cadena.\u00a0<\/p>\n<p>Te recomendamosSeguir leyendo<br \/>\n <img src=\"https:\/\/www.europesays.com\/es\/wp-content\/uploads\/2026\/09\/810a1bbfc656-europapress7606042anabelpantojaposapresentaciondatingshowamorsurjatele.jpg\"   width=\"1080\" height=\"1800\" loading=\"lazy\" decoding=\"async\" alt=\"Anabel Pantoja posa durante la presentaci\u00f3n de 'Amor\u2026 \u00a1O lo que surja!', de Telecinco, a 18 de junio de 2026, en Madrid\" fetchpriority=\"auto\" class=\"image ho-image\"\/>\u00a9 Europa PressAnabel Pantoja posa durante la presentaci\u00f3n de &#8216;Amor\u2026 \u00a1O lo que surja!&#8217;, de Telecinco, a 18 de junio de 2026, en Madrid<\/p>\n<p id=\"eHEnROKb59\" data-wc=\"63\">Aunque todav\u00eda no se han desvelado los temas exactos que se abordaran, hay uno especialmente doloroso que suscita gran expectaci\u00f3n: el ingreso de su peque\u00f1a. Anabel nunca se ha pronunciado sobre lo ocurrido y qui\u00e9n sabe si ahora est\u00e1 decidida a contar toda la verdad. \u00ab<strong>Veo gente hablando por m\u00ed, hablando de mis cosas. Creo que tengo derecho a sentarme, a contarlo<\/strong>\u00ab, a\u00f1ade.\u00a0<\/p>\n<p> <img src=\"https:\/\/www.europesays.com\/es\/wp-content\/uploads\/2026\/09\/a4d08ba0a60c-snapinstato708910831185979278470218132930398210161447800n.jpg\"   width=\"1080\" height=\"1080\" loading=\"lazy\" decoding=\"async\" alt=\"Anabel Pantoja, junto a David Rodr\u00edguez y su hija Alma\" fetchpriority=\"auto\" class=\"image ho-image\"\/>\u00a9 anabelpantoja00Anabel Pantoja, junto a David Rodr\u00edguez y su hija Alma<\/p>\n<p id=\"eE74f2Sthp\" data-wc=\"108\"><a class=\"hm-link ho-link\" href=\"https:\/\/www.hola.com\/actualidad\/20260715912975\/el-viaje-con-el-que-anabel-pantoja-da-la-bienvenida-a-los-40\/\" data-mrf-recirculation=\"article-body-link\" rel=\"nofollow noopener\" target=\"_blank\">La influencer, que cumpli\u00f3 40 a\u00f1os el pasado 15 de julio<\/a>, regresa a Telecinco con esta entrevista tras el breve recorrido que tuvo el programa Amor\u2026 \u00a1O lo que surja!, en el que colaboraba. En aquel momento, participar en un formato tan alejado del mundo del coraz\u00f3n le parec\u00eda un aut\u00e9ntico regalo, ya que las pol\u00e9micas que rodeaban a su familia no ten\u00edan cabida en la escaleta. \u00abAqu\u00ed estamos centrados en nuestro casting\u00bb, afirm\u00f3 entonces, sin pronunciar una sola palabra sobre el informe definitivo de los forenses acerca del caso de su hija Alma, que <a class=\"hm-link ho-link\" href=\"https:\/\/www.hola.com\/actualidad\/20260602905064\/anabel-pantoja-reaparece-sonriente-informe-forense-hija\/\" data-mrf-recirculation=\"article-body-link\" rel=\"nofollow noopener\" target=\"_blank\">situar\u00eda a su pareja, de 29 a\u00f1os, en el foco de la investigaci\u00f3n<\/a>.\u00a0<\/p>\n<p id=\"eD-sCSpl20d\" data-wc=\"63\">Lo \u00fanico que cont\u00f3 fue que, como cualquier madre, tuvo que hacer malabares para conciliar su vuelta al trabajo con el cuidado de la peque\u00f1a, sobre todo porque el plat\u00f3 estaba en Madrid y su hogar, en Gran Canaria. Ahora, seg\u00fan ha adelantado el periodista Javi Hoyos,<strong>\u00a0la influencer y su familia habr\u00edan abandonado la isla para comenzar una nueva vida en Sevilla<\/strong>.<\/p>\n<p>Qu\u00e9 dice el informe<\/p>\n<p id=\"eb9Nb1XXKQY\" data-wc=\"44\">Los especialistas del Instituto de Medicina Legal de Las Palmas consideran que <a class=\"hm-link ho-link\" href=\"https:\/\/www.hola.com\/actualidad\/20260530904536\/las-secuelas-del-zarandeo-violento-alma-hija-de-anabel-pantoja\/\" data-mrf-recirculation=\"article-body-link\" rel=\"nofollow noopener\" target=\"_blank\">Alma fue v\u00edctima de un \u00abzarandeo violento\u00bb<\/a> el 9 de enero de 2025, por el que tuvo que permaneci\u00f3 durante 18 d\u00edas ingresada en el Hospital Universitario Materno Infantil de Gran Canaria.\u00a0<\/p>\n<p> <img src=\"https:\/\/www.europesays.com\/es\/wp-content\/uploads\/2026\/09\/c7fe662cd515-745862410186112977220218135045099604751760475n.jpg\"   width=\"768\" height=\"1024\" loading=\"lazy\" decoding=\"async\" alt=\"Anabel Pantoja celebrando su 40 cumplea\u00f1os con su hija y su chico\" fetchpriority=\"auto\" class=\"image ho-image\"\/>\u00a9 anabelpantoja00Anabel Pantoja celebrando su 40 cumplea\u00f1os con su hija y su chico<\/p>\n<p id=\"ed5qZCaNg1\" data-wc=\"72\">Al inicio de la investigaci\u00f3n, Anabel <a class=\"hm-link ho-link\" href=\"https:\/\/www.hola.com\/actualidad\/20260529904474\/anabel-pantoja-palabras-investigacion-posible-maltrato-infantil\/\" data-mrf-recirculation=\"article-body-link\" rel=\"nofollow noopener\" target=\"_blank\">emiti\u00f3 un comunicado<\/a> en el que aseguraba que como padres de la ni\u00f1a \u00ablo \u00fanico que hemos hecho ha sido amar, cuidar e intentar salvar y proteger todo lo que tenga que ver con Alma\u00bb. Adem\u00e1s, hizo hincapi\u00e9 en que despu\u00e9s de lo ocurrido la peque\u00f1a estaba en casa con ellos. \u00abSana y feliz\u00bb, puntualiz\u00f3. \u00abPor muchas historias que se hablen, no hay nada m\u00e1s\u00bb, concluy\u00f3.<\/p>\n","protected":false},"excerpt":{"rendered":"Anabel Pantoja ser\u00e1 la primera invitada de la nueva temporada de\u00a0\u00a1De viernes!. La sobrina de Isabel Pantoja se&hellip;\n","protected":false},"author":2,"featured_media":745507,"comment_status":"","ping_status":"","sticky":false,"template":"","format":"standard","meta":{"footnotes":""},"categories":[91],"tags":[517,4476,146,147,25,24,23],"class_list":["post-745506","post","type-post","status-publish","format-standard","has-post-thumbnail","category-entretenimiento","tag-actualidad","tag-anabel-pantoja","tag-entertainment","tag-entretenimiento","tag-es","tag-espana","tag-spain"],"share_on_mastodon":{"url":"https:\/\/pubeurope.com\/@es\/117207192311567183","error":""},"_links":{"self":[{"href":"https:\/\/www.europesays.com\/es\/wp-json\/wp\/v2\/posts\/745506","targetHints":{"allow":["GET"]}}],"collection":[{"href":"https:\/\/www.europesays.com\/es\/wp-json\/wp\/v2\/posts"}],"about":[{"href":"https:\/\/www.europesays.com\/es\/wp-json\/wp\/v2\/types\/post"}],"author":[{"embeddable":true,"href":"https:\/\/www.europesays.com\/es\/wp-json\/wp\/v2\/users\/2"}],"replies":[{"embeddable":true,"href":"https:\/\/www.europesays.com\/es\/wp-json\/wp\/v2\/comments?post=745506"}],"version-history":[{"count":0,"href":"https:\/\/www.europesays.com\/es\/wp-json\/wp\/v2\/posts\/745506\/revisions"}],"wp:featuredmedia":[{"embeddable":true,"href":"https:\/\/www.europesays.com\/es\/wp-json\/wp\/v2\/media\/745507"}],"wp:attachment":[{"href":"https:\/\/www.europesays.com\/es\/wp-json\/wp\/v2\/media?parent=745506"}],"wp:term":[{"taxonomy":"category","embeddable":true,"href":"https:\/\/www.europesays.com\/es\/wp-json\/wp\/v2\/categories?post=745506"},{"taxonomy":"post_tag","embeddable":true,"href":"https:\/\/www.europesays.com\/es\/wp-json\/wp\/v2\/tags?post=745506"}],"curies":[{"name":"wp","href":"https:\/\/api.w.org\/{rel}","templated":true}]}}