{"id":745530,"date":"2026-09-03T13:14:16","date_gmt":"2026-09-03T13:14:16","guid":{"rendered":"https:\/\/www.europesays.com\/es\/745530\/"},"modified":"2026-09-03T13:14:16","modified_gmt":"2026-09-03T13:14:16","slug":"el-metodo-prevost-como-el-trabajo-de-leon-xiv-en-peru-contra-la-pederastia-en-la-iglesia-fue-clave-para-su-ascenso-contado-por-quienes-estuvieron-a-su-lado","status":"publish","type":"post","link":"https:\/\/www.europesays.com\/es\/745530\/","title":{"rendered":"El m\u00e9todo Prevost: c\u00f3mo el trabajo de Le\u00f3n XIV en Per\u00fa contra la pederastia en la Iglesia fue clave para su ascenso (contado por quienes estuvieron a su lado)"},"content":{"rendered":"<p class=\"has-dropcap body dropcap\">De cardenal a papa en aproximadamente un a\u00f1o y medio. <a href=\"https:\/\/www.revistavanityfair.es\/articulos\/robert-prevost-biografia-papa-leon-xiv\" rel=\"nofollow noopener\" target=\"_blank\"><strong>Robert F. Prevost<\/strong><\/a> ejerc\u00eda como obispo en una regi\u00f3n perif\u00e9rica de Per\u00fa cuando en enero de 2023 el <a href=\"https:\/\/www.revistavanityfair.es\/articulos\/deseo-papa-francisco-regalo-papamovil-ninos-gaza\" rel=\"nofollow noopener\" target=\"_blank\"><strong>papa Francisco<\/strong><\/a> lo llama a Roma para ordenarlo prefecto del Dicasterio para los Obispos, uno de los puestos de mayor influencia en la curia romana. Tambi\u00e9n lo eleva a arzobispo y presidente de la Pontificia Comisi\u00f3n para Am\u00e9rica Latina. En septiembre, se convierte en cardenal di\u00e1cono y en febrero de 2025, cardenal obispo de Albano, una de las di\u00f3cesis de Roma. El 8 de mayo de 2025, cuando de la Capilla Sixtina ascendi\u00f3 la fumata blanca, Prevost era, adem\u00e1s, miembro de siete dicasterios.<\/p>\n<p>Aunque <strong>Benedicto XV<\/strong> (1914-1922) y <strong>P\u00edo XI<\/strong> (1922-1939) tardaron algo menos en pasar de cardenal a sumo pont\u00edfice, ninguno acumulaba tal nivel de responsabilidad vaticana como el primer agustino y el primer norteamericano en ocupar el trono de San Pedro. Jam\u00e1s un papa hab\u00eda roto la tradici\u00f3n de pronunciarse exclusivamente en italiano y lat\u00edn en su primera alocuci\u00f3n hasta que <a href=\"https:\/\/www.revistavanityfair.es\/articulos\/felipe-vi-reina-letizia-y-papa-leon-xiv-hacen-historia-iglesia-mas-alta\" rel=\"nofollow noopener\" target=\"_blank\"><strong>Le\u00f3n XIV<\/strong><\/a> habl\u00f3 en espa\u00f1ol.<\/p>\n<p><img decoding=\"async\" alt=\"Fieles durante una misa en Chiclayo Per\u00fa para celebrar la elecci\u00f3n del papa Le\u00f3n XIV.\" loading=\"lazy\" class=\"ResponsiveImageContainer-dkeESL cQPiWi responsive-image__image\"   src=\"https:\/\/www.europesays.com\/es\/wp-content\/uploads\/2026\/09\/GettyImages-2213860654%20copia.jpg\"\/><\/p>\n<p>Fieles durante una misa en Chiclayo, Per\u00fa, para celebrar la elecci\u00f3n del papa Le\u00f3n XIV.getty images<\/p>\n<p>Robert Francis Prevost (Chicago, Estados Unidos, 1955), hijo de profesor y bibliotecaria, asisti\u00f3 a secundaria en el Seminario Menor de los agustinos y estudi\u00f3 Filosof\u00eda en la Vilanova University de Pensilvania, donde se gradu\u00f3 en Matem\u00e1ticas. Profes\u00f3 los votos en la Orden de San Agust\u00edn, se licenci\u00f3 en Teolog\u00eda en Chicago y en 1985, tras licenciarse en Roma en Derecho Can\u00f3nico, comenz\u00f3 su etapa de misionero. Dios hab\u00eda escogido el Per\u00fa para \u00e9l.<\/p>\n<p>El periodista <a href=\"https:\/\/www.revistavanityfair.es\/autor\/santiago\/855\" rel=\"nofollow noopener\" target=\"_blank\"><strong>Santiago Roncagliolo<\/strong><\/a> (Lima, 1975) publica en Espa\u00f1a el 2 de septiembre El pastor y los lobos (Seix Barral). Afincado en Barcelona, viaj\u00f3 a su pa\u00eds para entrevistarse con personas que conocieron a Robert Francis Prevost desde su llegada a Chulucanas, regi\u00f3n de Piura, durante su etapa en Trujillo y como obispo en Chiclayo. Se trata esta de una investigaci\u00f3n que lo ha llevado a viajar a su propio pasado. El escritor se desnuda y cuenta c\u00f3mo la militancia izquierdista de su padre oblig\u00f3 a la familia a exiliarse a M\u00e9xico, noches de reuniones clandestinas planeando una revoluci\u00f3n que jam\u00e1s llegar\u00eda, el desencanto y las borracheras paternas, sus miedos nocturnos, una madre maltratada, un divorcio tormentoso y c\u00f3mo su padre se dej\u00f3 caer en la autodestrucci\u00f3n. De familia cristiana, estudi\u00f3 en los jesuitas y en los meandros de su biograf\u00eda leemos c\u00f3mo la misma fe que lleg\u00f3 a disolverse en un nihilismo de mil matices regresar\u00eda con tanto vigor como para desear ordenarse sacerdote. \u201cHay algo que me aterra a la vez que me maravilla mientras escribo este libro: la fe. Hay misioneros que dedican la vida a trabajar en emergencias sociales atroces, y a menudo c\u00edclicas, como las inundaciones en el norte peruano. Intentan mitigar la pobreza de gente que siempre ser\u00e1 pobre. A menudo \u2014yo dir\u00eda que siempre\u2014, su trabajo solo sirve para aliviar un poco el desamparo, pero no consiguen ning\u00fan cambio estructural. Y sin embargo, a diferencia de pap\u00e1, todos esos religiosos irradian una paz envidiable\u201d.<\/p>\n","protected":false},"excerpt":{"rendered":"De cardenal a papa en aproximadamente un a\u00f1o y medio. Robert F. Prevost ejerc\u00eda como obispo en una&hellip;\n","protected":false},"author":2,"featured_media":745531,"comment_status":"","ping_status":"","sticky":false,"template":"","format":"standard","meta":{"footnotes":""},"categories":[42],"tags":[17,18,13,14,11,61,62,63,64,19,20,225,9,10,15,16,399,400,12,21,22,403,65,66,67],"class_list":["post-745530","post","type-post","status-publish","format-standard","has-post-thumbnail","category-internacional","tag-breaking-news","tag-breakingnews","tag-featured-news","tag-featurednews","tag-headlines","tag-internacional","tag-international","tag-international-news","tag-internationalnews","tag-latest-news","tag-latestnews","tag-libros","tag-news","tag-noticias","tag-noticias-destacadas","tag-noticiasdestacadas","tag-papa-francisco","tag-papa-leon-xiv","tag-titulares","tag-ultimas-noticias","tag-ultimasnoticias","tag-vaticano","tag-world","tag-world-news","tag-worldnews"],"share_on_mastodon":{"url":"","error":"Validation failed: Text character limit of 500 exceeded"},"_links":{"self":[{"href":"https:\/\/www.europesays.com\/es\/wp-json\/wp\/v2\/posts\/745530","targetHints":{"allow":["GET"]}}],"collection":[{"href":"https:\/\/www.europesays.com\/es\/wp-json\/wp\/v2\/posts"}],"about":[{"href":"https:\/\/www.europesays.com\/es\/wp-json\/wp\/v2\/types\/post"}],"author":[{"embeddable":true,"href":"https:\/\/www.europesays.com\/es\/wp-json\/wp\/v2\/users\/2"}],"replies":[{"embeddable":true,"href":"https:\/\/www.europesays.com\/es\/wp-json\/wp\/v2\/comments?post=745530"}],"version-history":[{"count":0,"href":"https:\/\/www.europesays.com\/es\/wp-json\/wp\/v2\/posts\/745530\/revisions"}],"wp:featuredmedia":[{"embeddable":true,"href":"https:\/\/www.europesays.com\/es\/wp-json\/wp\/v2\/media\/745531"}],"wp:attachment":[{"href":"https:\/\/www.europesays.com\/es\/wp-json\/wp\/v2\/media?parent=745530"}],"wp:term":[{"taxonomy":"category","embeddable":true,"href":"https:\/\/www.europesays.com\/es\/wp-json\/wp\/v2\/categories?post=745530"},{"taxonomy":"post_tag","embeddable":true,"href":"https:\/\/www.europesays.com\/es\/wp-json\/wp\/v2\/tags?post=745530"}],"curies":[{"name":"wp","href":"https:\/\/api.w.org\/{rel}","templated":true}]}}