{"id":745536,"date":"2026-09-03T13:24:08","date_gmt":"2026-09-03T13:24:08","guid":{"rendered":"https:\/\/www.europesays.com\/es\/745536\/"},"modified":"2026-09-03T13:24:08","modified_gmt":"2026-09-03T13:24:08","slug":"la-liga-endesa-se-alia-con-tvg-aragon-tv-y-eitb-refuerza-su-presencia-en-los-canales-autonomicos","status":"publish","type":"post","link":"https:\/\/www.europesays.com\/es\/745536\/","title":{"rendered":"La Liga Endesa se al\u00eda con TVG, Arag\u00f3n TV y EITB refuerza su presencia en los canales auton\u00f3micos"},"content":{"rendered":"<p>La Liga Endesa se abre a nuevos canales en Espa\u00f1a. La Primera Divisi\u00f3n del baloncesto espa\u00f1ol alcanz\u00f3 un acuerdo con<strong> las televisiones auton\u00f3micas de Galicia (TVG), Arag\u00f3n (Arag\u00f3n TV) y Pa\u00eds Vasco (EITB)<\/strong> para retransmitir partidos en abierto durante las dos pr\u00f3ximas temporadas once a\u00f1os despu\u00e9s, tal y como inform\u00f3 la propia competici\u00f3n.<\/p>\n<p>\u00a0<\/p>\n<p>De esta manera se unen a la televisi\u00f3n auton\u00f3mica de <strong>Catalu\u00f1a (TV3)<\/strong>, que ya retransmite un partido por jornada. Un modelo que seguir\u00e1 TVG , que cuenta con la presencia de tres equipos para esta temporada en la Liga Endesa: Leyma Coru\u00f1a, Monbus Obradoiro y R\u00edo Breog\u00e1n.<\/p>\n<p>\u00a0<\/p>\n<p>TVG debutar\u00e1 en la primera jornada el pr\u00f3ximo domingo 27 de septiembre a las 12:00 horas con el R\u00edo Breog\u00e1n \u2013 Asisa Joventut, y en las tres primeras semanas visitar\u00e1 ya a los tres conjuntos gallegos. En la sexta jornada, el 1 de noviembre, se vivir\u00e1 el primer derbi, Monbus Obradoiro \u2013 R\u00edo Breog\u00e1n.<\/p>\n<p>\u00a0<\/p>\n<p>Mientras que <strong>EITB y Arag\u00f3n TV emitir\u00e1n diez partidos por temporada<\/strong>. Las retransmisiones en Arag\u00f3n TV y Arag\u00f3n Play comenzar\u00e1n en la primera jornada con La Laguna Tenerife \u2013 Casademont Zaragoza, uno equipo de la regi\u00f3n aragonesa. En el caso de EITB, Kosner Baskonia y Surne Bilbao se repartir\u00e1n el protagonismo de los diez encuentros, con el Leyma Coru\u00f1a \u2013 Surne Bilbao de la segunda jornada como primera cita en ETB1 y kirolakeitb.eus. El primer derbi llegar\u00e1 el 22 de noviembre con un Surne Bilbao \u2013 Kosner Baskonia.<\/p>\n<p>\u00a0<\/p>\n<p>\u00a0<\/p>\n<p class=\"news_featured_text\">La Liga Endesa registr\u00f3 un total de dos millones de espectadores en la \u00faltima temporada<\/p>\n<p>\u00a0<\/p>\n<p>\u00a0<\/p>\n<p>Adem\u00e1s de las televisiones auton\u00f3micas, la Liga Endesa se puede ver Dazn, <a href=\"https:\/\/palco23.mundodeportivo.com\/media\/dazn-se-convierte-en-el-hogar-del-baloncesto-espanol-con-un-acuerdo-de-cinco-temporadas\" rel=\"nofollow noopener\" target=\"_blank\"><strong>que lleg\u00f3 a un acuerdo con ACB<\/strong><\/a> por el cual adquiri\u00f3 en exclusiva los derechos de la Liga Endesa, la Supercopa Endesa y la Copa del Rey para las pr\u00f3ximas cinco temporadas. Adem\u00e1s, tambi\u00e9n est\u00e1n disponibles a trav\u00e9s de Dazn en Movistar Plus+, con dos partidos en la oferta para todos sus clientes y el resto para el paquete deportes o baloncesto, as\u00ed como en Orange TV y <a href=\"https:\/\/palco23.mundodeportivo.com\/media\/vodafone-se-hace-con-los-derechos-de-la-acb-a-traves-de-un-acuerdo-con-dazn\" rel=\"nofollow noopener\" target=\"_blank\"><strong>Vodafone TV<\/strong><\/a>.\u00a0<\/p>\n<p>\u00a0<\/p>\n<p>En la \u00faltima temporada, la Liga Endesa registr\u00f3 un total de<a href=\"https:\/\/palco23.mundodeportivo.com\/competiciones\/la-liga-endesa-termina-la-temporada-2025-2026-superando-los-2-millones-de-espectadores\" rel=\"nofollow noopener\" target=\"_blank\"> <strong>dos millones de espectadores<\/strong><\/a>, un 2,3% m\u00e1s respecto a los datos de la temporada anterior, cuando el \u2018attendance\u2019 se fij\u00f3 en 1,98 millones de personas, seg\u00fan datos recopilados por Palco23.<\/p>\n<p>\u00a0<\/p>\n<p>Valencia Basket fue el que mayor poder convocatoria tuvo durante la fase regular, congregando en el Roig Arena a <strong>191.691 aficionados<\/strong>. Le siguieron Unicaja, con 163.385 personas, San Pablo Burgos, con 144.232 fans, y Surne Bilbao, con 142.122 asistentes en Bilbao Arena. Tambi\u00e9 super\u00f3 la barrera de los 100.000 espectadores equipos como el Real Madrid, con 129.300 personas; Asisa Joventut, con 118.642, y Coviran Granada, con 113.767 aficionados, entre otros.<\/p>\n<p>\u00a0<\/p>\n<p>FOTO INTERIOR<\/p>\n<p>\u00a0<\/p>\n<p>El partido con mayor asistencia de la temporada regular 2025-2026 fue el que enfrent\u00f3 al <strong>Valencia Basket y Real Madrid, en el Roig Arena, al que asistieron 15.068 personas<\/strong>. Los siete partidos con m\u00e1s aficionados los protagoniza el conjunto taronja, mientras que el otro equipo que aparece en el top es Asisa Badalona, en el partido contra el Bar\u00e7a, al que fueron 12.179 aficionados.<\/p>\n<p>\u00a0<\/p>\n<p>En t\u00e9rminos econ\u00f3micos, la competici\u00f3n present\u00f3 un presupuesto para la temporada 2025-2026 <a href=\"https:\/\/palco23.mundodeportivo.com\/competiciones\/la-acb-rebaja-sus-previsiones-y-apunta-a-ingresos-de-cuarenta-millones-en-2025-2026\" rel=\"nofollow noopener\" target=\"_blank\"><strong>con un resultado de operaciones ordinarias de 15,6 millones de euros<\/strong><\/a>, seg\u00fan se desprende del documento al que pudo acceder Palco23.<\/p>\n<p>\u00a0<\/p>\n<p>\u00a0Por su parte, los ingresos ordinarios se deber\u00edan situar alrededor de los <strong>40,2 millones de euros para la presente temporada<\/strong>. De confirmar sus previsiones, la m\u00e1xima categor\u00eda de baloncesto espa\u00f1ol disminuir\u00eda un 1,2% sus c\u00e1lculos respecto al \u2018budget\u2019 de la temporada pasada, cuando la ACB <strong>apuntaba a un negocio de 40,7 millones de euros<\/strong>.<\/p>\n","protected":false},"excerpt":{"rendered":"La Liga Endesa se abre a nuevos canales en Espa\u00f1a. La Primera Divisi\u00f3n del baloncesto espa\u00f1ol alcanz\u00f3 un&hellip;\n","protected":false},"author":2,"featured_media":745537,"comment_status":"","ping_status":"","sticky":false,"template":"","format":"standard","meta":{"footnotes":""},"categories":[269],"tags":[299,298,168,25,24,23,167],"class_list":["post-745536","post","type-post","status-publish","format-standard","has-post-thumbnail","category-baloncesto","tag-baloncesto","tag-basketball","tag-deportes","tag-es","tag-espana","tag-spain","tag-sports"],"share_on_mastodon":{"url":"https:\/\/pubeurope.com\/@es\/117207332828812336","error":""},"_links":{"self":[{"href":"https:\/\/www.europesays.com\/es\/wp-json\/wp\/v2\/posts\/745536","targetHints":{"allow":["GET"]}}],"collection":[{"href":"https:\/\/www.europesays.com\/es\/wp-json\/wp\/v2\/posts"}],"about":[{"href":"https:\/\/www.europesays.com\/es\/wp-json\/wp\/v2\/types\/post"}],"author":[{"embeddable":true,"href":"https:\/\/www.europesays.com\/es\/wp-json\/wp\/v2\/users\/2"}],"replies":[{"embeddable":true,"href":"https:\/\/www.europesays.com\/es\/wp-json\/wp\/v2\/comments?post=745536"}],"version-history":[{"count":0,"href":"https:\/\/www.europesays.com\/es\/wp-json\/wp\/v2\/posts\/745536\/revisions"}],"wp:featuredmedia":[{"embeddable":true,"href":"https:\/\/www.europesays.com\/es\/wp-json\/wp\/v2\/media\/745537"}],"wp:attachment":[{"href":"https:\/\/www.europesays.com\/es\/wp-json\/wp\/v2\/media?parent=745536"}],"wp:term":[{"taxonomy":"category","embeddable":true,"href":"https:\/\/www.europesays.com\/es\/wp-json\/wp\/v2\/categories?post=745536"},{"taxonomy":"post_tag","embeddable":true,"href":"https:\/\/www.europesays.com\/es\/wp-json\/wp\/v2\/tags?post=745536"}],"curies":[{"name":"wp","href":"https:\/\/api.w.org\/{rel}","templated":true}]}}