{"id":745540,"date":"2026-09-03T13:32:20","date_gmt":"2026-09-03T13:32:20","guid":{"rendered":"https:\/\/www.europesays.com\/es\/745540\/"},"modified":"2026-09-03T13:32:20","modified_gmt":"2026-09-03T13:32:20","slug":"aubameyang-cree-que-ensuciaron-su-nombre-en-gabon-y-deja-a-la-seleccion-en-stand-by","status":"publish","type":"post","link":"https:\/\/www.europesays.com\/es\/745540\/","title":{"rendered":"Aubameyang cree que \u00abensuciaron\u00bb su nombre en Gab\u00f3n y deja a la selecci\u00f3n en &#8216;stand by&#8217;"},"content":{"rendered":"<p class=\"ft-text\">Pronto llegar\u00e1n los parones de selecciones y, por primera vez en mucho tiempo, el <strong>Deportivo <\/strong>se puede ver ampliamente afectado, a pesar de que la competici\u00f3n se detiene unas semanas. <strong>Uruguay <\/strong>se puede acordar de <strong>Jos\u00e9 Mar\u00eda Gim\u00e9nez<\/strong> y futbolistas como <strong>Bil, Noubi y hasta Quagliata y Amatucci <\/strong>est\u00e1n haciedo m\u00e9ritos, adem\u00e1s de alg\u00fan combinado menor con <strong>Bright Ede.<\/strong> Quien, desde luego, tiene un hueco en su combinado nacional por rendimiento deportivo es<strong> Pierre-Emerick Aubameyang<\/strong>, pero el deportivista deja a un lado acudir a la llamada de <strong>Gab\u00f3n<\/strong>, despu\u00e9s de que fuera purgado y se\u00f1alado en el \u00faltimo descalabro<strong>:<\/strong> \u00ab\u00bfVolver con <strong>Gab\u00f3n<\/strong>? Para mi es stand-by por el momento porque despu\u00e9s de lo que ha pasado, despu\u00e9s de la <strong>CAN<\/strong>, eso que hab\u00eda entendido es que estaba banni (desterrado, baneado)\u00bb, razona y prosigue en un programa de <strong>Canal+ Francia<\/strong>. \u00abYo no entend\u00ed realmente por qu\u00e9. Y despu\u00e9s eso ha sido el destierro (\u2026) en fin, yo no entiendo demasiado. Lo que esperaba por parte de esa gente que hicieron esas cosas, lo m\u00ednimo que pod\u00edan hacer era venir, intercambiar, hablar. Cosa que no se hizo as\u00ed que para mi se qued\u00f3 en stand-by\u00bb, cuenta. Pide un cambio en las formas que no se ha producido: \u00abYo nunca enga\u00f1\u00e9. Lo m\u00ednimo es un intercambio y, sobre todo, si yo fui baneado por nada, entender y, por qu\u00e9 no, excusarse porque es ensuciar mi nombre. Es todo un equipo a representar un pa\u00eds. Y eso hace da\u00f1o, ver mi nombre ensuciarse as\u00ed. Entonces como ya lo he dicho, yo vine lesionado, yo lo di todo por estar en forma. Esto pas\u00f3 as\u00ed. Para mi, mientras tanto, la selecci\u00f3n es stand-by\u00bb.<\/p>\n<p>El conflicto<\/p>\n<p class=\"ft-text\">La espalda de <strong>Aubameyang <\/strong>luce un imponente tatuaje que dibuja la silueta del continente africano, coronado por un \u00e1guila, s\u00edmbolo de la libertad que \u00e9l pretende y anhela para la que considera su casa, \u00absu inspiraci\u00f3n\u00bb. El ariete decidi\u00f3 hace mucho tiempo jugar para el pa\u00eds de su padre. Hace unos meses a\u00fan marc\u00f3 cuatro goles ante <strong>Gambia <\/strong>y so\u00f1\u00f3 con llevar a su selecci\u00f3n al <strong>Mundial 2026, <\/strong>pero el equipo se cay\u00f3 por el camino. Aquel asalto interruptus acab\u00f3 mal porque el consejo de ministro suspendi\u00f3 al cuerpo t\u00e9cnico, disolvi\u00f3 temporalmente la selecci\u00f3n y apart\u00f3 a un par de futbolistas, entre ellos <strong>Aubameyang<\/strong>.<\/p>\n","protected":false},"excerpt":{"rendered":"Pronto llegar\u00e1n los parones de selecciones y, por primera vez en mucho tiempo, el Deportivo se puede ver&hellip;\n","protected":false},"author":2,"featured_media":745541,"comment_status":"","ping_status":"","sticky":false,"template":"","format":"standard","meta":{"footnotes":""},"categories":[93],"tags":[53122,554,168,132290,25,24,74127,14043,23,167],"class_list":["post-745540","post","type-post","status-publish","format-standard","has-post-thumbnail","category-deportes","tag-aubameyang","tag-cree","tag-deportes","tag-ensuciaron","tag-es","tag-espana","tag-gabon","tag-nombre","tag-spain","tag-sports"],"share_on_mastodon":{"url":"https:\/\/pubeurope.com\/@es\/117207364410097116","error":""},"_links":{"self":[{"href":"https:\/\/www.europesays.com\/es\/wp-json\/wp\/v2\/posts\/745540","targetHints":{"allow":["GET"]}}],"collection":[{"href":"https:\/\/www.europesays.com\/es\/wp-json\/wp\/v2\/posts"}],"about":[{"href":"https:\/\/www.europesays.com\/es\/wp-json\/wp\/v2\/types\/post"}],"author":[{"embeddable":true,"href":"https:\/\/www.europesays.com\/es\/wp-json\/wp\/v2\/users\/2"}],"replies":[{"embeddable":true,"href":"https:\/\/www.europesays.com\/es\/wp-json\/wp\/v2\/comments?post=745540"}],"version-history":[{"count":0,"href":"https:\/\/www.europesays.com\/es\/wp-json\/wp\/v2\/posts\/745540\/revisions"}],"wp:featuredmedia":[{"embeddable":true,"href":"https:\/\/www.europesays.com\/es\/wp-json\/wp\/v2\/media\/745541"}],"wp:attachment":[{"href":"https:\/\/www.europesays.com\/es\/wp-json\/wp\/v2\/media?parent=745540"}],"wp:term":[{"taxonomy":"category","embeddable":true,"href":"https:\/\/www.europesays.com\/es\/wp-json\/wp\/v2\/categories?post=745540"},{"taxonomy":"post_tag","embeddable":true,"href":"https:\/\/www.europesays.com\/es\/wp-json\/wp\/v2\/tags?post=745540"}],"curies":[{"name":"wp","href":"https:\/\/api.w.org\/{rel}","templated":true}]}}