{"id":745552,"date":"2026-09-03T13:38:16","date_gmt":"2026-09-03T13:38:16","guid":{"rendered":"https:\/\/www.europesays.com\/es\/745552\/"},"modified":"2026-09-03T13:38:16","modified_gmt":"2026-09-03T13:38:16","slug":"illa-firma-en-kiev-tres-acuerdos-de-cooperacion-con-la-regiones-ucranianas-de-zaporiyia-dnipropetrovsk-y-lviv","status":"publish","type":"post","link":"https:\/\/www.europesays.com\/es\/745552\/","title":{"rendered":"Illa firma en Kiev tres acuerdos de cooperaci\u00f3n con la regiones ucranianas de Zaporiyia, Dnipropetrovsk y Lviv"},"content":{"rendered":"<p class=\"ft-text ft-helper-closenews\">El president de la Generalitat, <strong>Salvador Illa<\/strong>, <a class=\"ft-link ft-link--decoration\" href=\"https:\/\/www.elperiodico.com\/es\/politica\/20260902\/salvador-illa-ucrania-viaje-reforzar-alianzas-politicas-cooperacion-catalunya-133826290\" target=\"_blank\" rel=\"nofollow noopener\">ha iniciado ya su agenda de dos d\u00edas de viaje oficial en Ucrania. <\/a>Tras llegar en tren a Kiev esta ma\u00f1ana, ha mantenido un breve encuentro con el ministro para las Comunidades, Territorios y Desplazamientos Internos, <strong>Vitalii Bezghin<\/strong>, y en la misma sede del ministerio ha firmado tres acuerdos de colaboraci\u00f3n con los gobernadores de<strong> Zaporiyia<\/strong>, Ivan Fedorov; <strong>Dnipropetrovsk<\/strong>, Oleksandr Hanzha; y <strong>Lviv<\/strong>, Maksym Kozytskyy. El objetivo es establecer un marco estable de cooperaci\u00f3n para traducir el apoyo de Catalunya en \u00abactuaciones concretas\u00bb con tres regiones \u00abestrat\u00e9gicas\u00bb para Ucrania, que lleva cuatro a\u00f1os y medio en guerra con Rusia.<\/p>\n<p class=\"ft-text\">\u00abEl futuro de Europa es el futuro de Ucrania, y Catalunya es profundamente europe\u00edsta\u00bb, ha defendido el president desde la capital ucraniana junto al alcalde de Barcelona,<strong> Jaume Collboni<\/strong>, y el conseller de Acci\u00f3 Exterior i Uni\u00f3 Europea, <strong>Jaume Duch.<\/strong> El Govern busca as\u00ed comprometer el apoyo de la Generalitat ante las necesidades humanitarias, econ\u00f3micas y sociales que tiene la poblaci\u00f3n a consecuencia del conflicto, as\u00ed como para la reconstrucci\u00f3n del pa\u00eds y acompa\u00f1ar a Ucrania en su proceso de adhesi\u00f3n a la Uni\u00f3n Europea. \u00abDesde el Govern <strong>apoyamos su plena integraci\u00f3n en la Uni\u00f3n Europea<\/strong> lo m\u00e1s pronto posible y somos partidarios de movilizar los activos rusos en suelo europeo para ayudar en su defensa y reconstrucci\u00f3n\u00bb, ha aseverado. <\/p>\n<p><img decoding=\"async\" src=\"https:\/\/www.europesays.com\/es\/wp-content\/uploads\/2026\/09\/7aa1a8fe-bc53-49e7-b716-28744e2ddff5_alta-libre-aspect-ratio_default_0_x1125y562.jpg\" width=\"1200\" height=\"901\" alt=\"El president de la Generalitat, Salvador Illa, durante su desplazamiento en tren a Kiev\" class=\"ft-helper-img-rd\" loading=\"lazy\" fetchpriority=\"auto\"\/><\/p>\n<p class=\"ft-helper-fontColor-quaternary ft-helper-fontSize-body-S ft-helper-spacer-t-xxs\">El president de la Generalitat, Salvador Illa, durante su desplazamiento en tren a Kiev  \/ Rub\u00e9n Castro \/ Govern<\/p>\n<p class=\"ft-text\">En el caso de Zaporiyia, situada en el sureste del pa\u00eds, parte de la regi\u00f3n est\u00e1 bajo control ruso, pero eso no evita que sea un nodo log\u00edstico estrat\u00e9gico en el que se encuentra la <strong>central nuclear m\u00e1s grande de Europa<\/strong>, la de Enerhodar. Aqu\u00ed, el acuerdo firmado contempla, principalmente, la<strong> atenci\u00f3n a la poblaci\u00f3n afectada por la guerra<\/strong>, el impulso de la reactivaci\u00f3n econ\u00f3mica e industrial, promover intercambios en educaci\u00f3n y cultura y contribuir a preservar el patrimonio hist\u00f3rico. <\/p>\n<p class=\"ft-text\">En Dnipropetrovsk<strong>, <\/strong>territorio esencial para la<strong> resistencia ante el conflicto<\/strong> y la asistencia sanitaria, la prioridad pasa por apoyar la reconstrucci\u00f3n, mejorar la eficiencia energ\u00e9tica e impulsar las energ\u00edas renovables, cooperar en materia de salud en contextos de emergencia y reforzar las relaciones industriales en sectores como el metal\u00fargico, qu\u00edmico y de maquinaria. Y, finalmente, en el caso de Lviv, que es la principal regi\u00f3n de acogida de los <strong>ucranianos desplazados<\/strong> y puerta de entrada de la ayuda internacional, el acuerdo firmado se centra en apoyar a los desplazados, recuperar servicios e infraestructuras, compartir conocimiento para reforzar las administraciones y contribuir a la revitalizaci\u00f3n econ\u00f3mica y social. <\/p>\n<p>Reuni\u00f3n con empresarios y oeneg\u00e9s<\/p>\n<p class=\"ft-text\">El president ha obsequiado a los gobernadores con una mermelada de los naranjos del Pati dels Tarongers del Palau de la Generalitat, as\u00ed como con una reproducci\u00f3n de la baldosa t\u00edpica del Passeig de Gr\u00e0cia de Barcelona. M\u00e1s all\u00e1 del bloque institucional de su agenda, Illa tiene previsto mantener un<strong> encuentro con empresarios<\/strong> y con la embajadora de la Uni\u00f3n Europea en Ucrania, <strong>Katar\u00edna Mathernov\u00e1<\/strong>. Este viernes tambi\u00e9n entra dentro de sus planes un acto con la oeneg\u00e9 de <strong>Sor Luc\u00eda Caram<\/strong>, de cuya labor humanitaria ha dicho que es un \u00aborgullo\u00bb. <\/p>\n<p class=\"ft-text\">El president ha subrayado que los ciudadanos de Ucrania no solo se est\u00e1n defendiendo a ellos mismos \u00abcon resiliencia y esfuerzo\u00bb, sino tambi\u00e9n a \u00abtodos los europeos\u00bb. Como hizo este mi\u00e9rcoles, ha vuelto a exigir que cesen los ataques rusos que estos d\u00edas han sumado m\u00e1s fallecidos y heridos. <\/p>\n<p data-close=\"closedContent\" class=\"subscribeHideForDisplay\">Suscr\u00edbete para seguir leyendo<\/p>\n","protected":false},"excerpt":{"rendered":"El president de la Generalitat, Salvador Illa, ha iniciado ya su agenda de dos d\u00edas de viaje oficial&hellip;\n","protected":false},"author":2,"featured_media":745553,"comment_status":"","ping_status":"","sticky":false,"template":"","format":"standard","meta":{"footnotes":""},"categories":[8],"tags":[17,18,25,24,13,14,11,19,20,9,10,15,16,54909,13347,132322,23,12,7081,21,22],"class_list":["post-745552","post","type-post","status-publish","format-standard","has-post-thumbnail","category-espana","tag-breaking-news","tag-breakingnews","tag-es","tag-espana","tag-featured-news","tag-featurednews","tag-headlines","tag-latest-news","tag-latestnews","tag-news","tag-noticias","tag-noticias-destacadas","tag-noticiasdestacadas","tag-politica-catalunya","tag-salvador-illa","tag-salvador-illa-viaje-ucrania-guerra-acuerdos-cooperacion-regiones-reconstruccion","tag-spain","tag-titulares","tag-ucrania","tag-ultimas-noticias","tag-ultimasnoticias"],"share_on_mastodon":{"url":"https:\/\/pubeurope.com\/@es\/117207388990512516","error":""},"_links":{"self":[{"href":"https:\/\/www.europesays.com\/es\/wp-json\/wp\/v2\/posts\/745552","targetHints":{"allow":["GET"]}}],"collection":[{"href":"https:\/\/www.europesays.com\/es\/wp-json\/wp\/v2\/posts"}],"about":[{"href":"https:\/\/www.europesays.com\/es\/wp-json\/wp\/v2\/types\/post"}],"author":[{"embeddable":true,"href":"https:\/\/www.europesays.com\/es\/wp-json\/wp\/v2\/users\/2"}],"replies":[{"embeddable":true,"href":"https:\/\/www.europesays.com\/es\/wp-json\/wp\/v2\/comments?post=745552"}],"version-history":[{"count":0,"href":"https:\/\/www.europesays.com\/es\/wp-json\/wp\/v2\/posts\/745552\/revisions"}],"wp:featuredmedia":[{"embeddable":true,"href":"https:\/\/www.europesays.com\/es\/wp-json\/wp\/v2\/media\/745553"}],"wp:attachment":[{"href":"https:\/\/www.europesays.com\/es\/wp-json\/wp\/v2\/media?parent=745552"}],"wp:term":[{"taxonomy":"category","embeddable":true,"href":"https:\/\/www.europesays.com\/es\/wp-json\/wp\/v2\/categories?post=745552"},{"taxonomy":"post_tag","embeddable":true,"href":"https:\/\/www.europesays.com\/es\/wp-json\/wp\/v2\/tags?post=745552"}],"curies":[{"name":"wp","href":"https:\/\/api.w.org\/{rel}","templated":true}]}}