{"id":745558,"date":"2026-09-03T13:47:14","date_gmt":"2026-09-03T13:47:14","guid":{"rendered":"https:\/\/www.europesays.com\/es\/745558\/"},"modified":"2026-09-03T13:47:14","modified_gmt":"2026-09-03T13:47:14","slug":"sekou-doumbouya-completa-la-plantilla-del-recoletas-salud-san-pablo-burgos","status":"publish","type":"post","link":"https:\/\/www.europesays.com\/es\/745558\/","title":{"rendered":"Sekou Doumbouya completa la plantilla del Recoletas Salud San Pablo Burgos"},"content":{"rendered":"<p>Sekou Doumbouya ya es nuevo jugador del Recoletas Salud San Pablo Burgos. El ala-p\u00edvot guineano y con pasaporte franc\u00e9s completa la plantilla del conjunto burgal\u00e9s, que ya cuenta con 14 piezas tras la llegada de este jugador con pasado en el MoraBanc Andorra y que en el Draft de 2019 de la NBA fue elegido por los Detroit Pistons en el puesto 15. Tras salir del continente americano y destacar en el Principado en la temporada 2024\/25, Doumbouya <strong>ha pasado por el baloncesto japon\u00e9s, franc\u00e9s y liban\u00e9s<\/strong>. Adem\u00e1s, este jugador de 25 a\u00f1os es internacional por la Rep\u00fablica de Guinea.<\/p>\n<p>Doumbouya ya ha firmado con el San Pablo y se incorporar\u00e1 cuanto antes a la din\u00e1mica del primer equipo, asolado por las bajas y obligado a cancelar los dos amistosos que ten\u00eda fijado esta semana. El ala-p\u00edvot <strong>promedi\u00f3 11,3 puntos y 4,5 rebotes en 19:51 minutos con el conjunto andorrano<\/strong> e incluso en sus \u00faltimas experiencias en el extranjero ha mejorado conisderablemente esos guarismos. En el Coliseum se espera que sea importante, pudiendo jugar tanto de ala-p\u00edvot como de p\u00edvot si Porfi Fisac apuesta por menos altura y m\u00e1s f\u00edsico.<\/p>\n<p>Curiosamente, Doumbouya tuvo un contrato de prueba a comienzos del 2024 con el Palencia cuando el equipo castellano estaba estren\u00e1ndose en la Liga Endesa, sin embargo, finalmente no fue fichado y meses despu\u00e9s se incorpor\u00f3 al Andorra, con el que disput\u00f3 una treintena de encuentros al curso siguiente. Con \u00e9l, <strong>el San Pablo ya cuenta con 13 jugadores del primer equipo adem\u00e1s de Joaqu\u00edn Taboada<\/strong>, que tiene ficha del filial pero est\u00e1 en din\u00e1mica con el resto de los pupilos de Fisac. Una plantilla larga para afrontar la doble competici\u00f3n.<\/p>\n","protected":false},"excerpt":{"rendered":"Sekou Doumbouya ya es nuevo jugador del Recoletas Salud San Pablo Burgos. El ala-p\u00edvot guineano y con pasaporte&hellip;\n","protected":false},"author":2,"featured_media":745559,"comment_status":"","ping_status":"","sticky":false,"template":"","format":"standard","meta":{"footnotes":""},"categories":[269],"tags":[517,3592,299,298,57778,42069,33368,623,168,1819,25,24,28915,57779,17650,10,4069,2330,28914,6436,11786,23,167,1284],"class_list":["post-745558","post","type-post","status-publish","format-standard","has-post-thumbnail","category-baloncesto","tag-actualidad","tag-aranda-de-duero","tag-baloncesto","tag-basketball","tag-briviesca","tag-burgales","tag-burgalesa","tag-burgos","tag-deportes","tag-diario","tag-es","tag-espana","tag-grupo-promecal","tag-lerma","tag-miranda-de-ebro","tag-noticias","tag-periodico","tag-prensa","tag-promecal","tag-provincia","tag-salas-de-los-infantes","tag-spain","tag-sports","tag-vivir"],"share_on_mastodon":{"url":"https:\/\/pubeurope.com\/@es\/117207423216262585","error":""},"_links":{"self":[{"href":"https:\/\/www.europesays.com\/es\/wp-json\/wp\/v2\/posts\/745558","targetHints":{"allow":["GET"]}}],"collection":[{"href":"https:\/\/www.europesays.com\/es\/wp-json\/wp\/v2\/posts"}],"about":[{"href":"https:\/\/www.europesays.com\/es\/wp-json\/wp\/v2\/types\/post"}],"author":[{"embeddable":true,"href":"https:\/\/www.europesays.com\/es\/wp-json\/wp\/v2\/users\/2"}],"replies":[{"embeddable":true,"href":"https:\/\/www.europesays.com\/es\/wp-json\/wp\/v2\/comments?post=745558"}],"version-history":[{"count":0,"href":"https:\/\/www.europesays.com\/es\/wp-json\/wp\/v2\/posts\/745558\/revisions"}],"wp:featuredmedia":[{"embeddable":true,"href":"https:\/\/www.europesays.com\/es\/wp-json\/wp\/v2\/media\/745559"}],"wp:attachment":[{"href":"https:\/\/www.europesays.com\/es\/wp-json\/wp\/v2\/media?parent=745558"}],"wp:term":[{"taxonomy":"category","embeddable":true,"href":"https:\/\/www.europesays.com\/es\/wp-json\/wp\/v2\/categories?post=745558"},{"taxonomy":"post_tag","embeddable":true,"href":"https:\/\/www.europesays.com\/es\/wp-json\/wp\/v2\/tags?post=745558"}],"curies":[{"name":"wp","href":"https:\/\/api.w.org\/{rel}","templated":true}]}}