{"id":745566,"date":"2026-09-03T13:57:23","date_gmt":"2026-09-03T13:57:23","guid":{"rendered":"https:\/\/www.europesays.com\/es\/745566\/"},"modified":"2026-09-03T13:57:23","modified_gmt":"2026-09-03T13:57:23","slug":"dos-creativos-transforman-un-convento-del-siglo-xvi-en-florencia-en-su-hogar-particular-con-un-spa-privado-en-el-sotano","status":"publish","type":"post","link":"https:\/\/www.europesays.com\/es\/745566\/","title":{"rendered":"Dos creativos transforman un convento del siglo XVI en Florencia en su hogar particular (con un spa privado en el s\u00f3tano)"},"content":{"rendered":"<p><strong>Este convento del siglo XVI en Florencia se ha convertido en el hogar de una pareja de creativos italianos<\/strong><\/p>\n<p>Hay una obstinaci\u00f3n rom\u00e1ntica, casi un acto de fe, en la forma en que <strong>Tommaso Bencist\u00e0 Falorni<\/strong> y <strong>Matteo Andretta<\/strong>, marido y marido, cuentan c\u00f3mo se hicieron con sus <strong>175 metros cuadrados en la via Ghibellina<\/strong>, a un paso de Santa Croce, en <a href=\"https:\/\/www.revistaad.es\/decoracion\/casas-ad\/articulos\/reliquias-y-objetos-del-mundo-asi-es-la-casa-de-la-anticuaria-monica-lupi-en-florencia\" target=\"_blank\" rel=\"nofollow noopener\">Florencia<\/a>. Al fin y al cabo, vivir en un lugar hist\u00f3rico  siempre requiere una cierta dosis de respeto, pero sobre todo de valent\u00eda. Y de visi\u00f3n.<\/p>\n<p><img decoding=\"async\" alt=\"Casaconvento con b\u00f3vedas en Florencia Italia.\" loading=\"lazy\" class=\"ResponsiveImageContainer-dkeESL cQPiWi responsive-image__image\"   src=\"https:\/\/www.europesays.com\/es\/wp-content\/uploads\/2026\/09\/07_Tom-Mat0123.jpg\"\/><\/p>\n<p>Bajo las b\u00f3vedas de lo que en su d\u00eda fue un convento, se encuentra la obra del artista Federico Caruso, The emperor\u2019s greeting. A la izquierda, Tommaso Bencist\u00e0 Falorni, y a la derecha, Matteo Andretta, junto a su inseparable gata bengal\u00ed, Montecarla.<\/p>\n<p>Matteo es dise\u00f1ador de moda; hoy, tras a\u00f1os en Roberto Cavalli, es <a href=\"https:\/\/www.revistaad.es\/galerias\/ad100-2026\" target=\"_blank\" rel=\"nofollow noopener\">dise\u00f1ador<\/a> jefe de la l\u00ednea masculina de <strong>Ann Demeulemeester<\/strong>. <strong>La suya es una aut\u00e9ntica adicci\u00f3n a la b\u00fasqueda, una caza del tesoro perpetua<\/strong> que se desarrolla entre los puestos de un mercadillo vintage, los lotes de una subasta o las ferias de antig\u00fcedades, entre la inauguraci\u00f3n de una galer\u00eda y un showroom de <a href=\"https:\/\/www.revistaad.es\/articulos\/entramos-en-el-apartamento-de-calvin-klein-en-el-nueva-york-de-los-70\" target=\"_blank\" rel=\"nofollow noopener\">moda<\/a>.<\/p>\n<p>Tommaso, por su parte, es uno de esos raros talentos nacidos con el superpoder de las relaciones p\u00fablicas. Alguien que sabe leer a las personas y, sobre todo, sabe c\u00f3mo hacer que se sientan a gusto. <strong>Desde 2011, esta aptitud se ha convertido en TOMMASOBF<\/strong>, una agencia con la que organiza eventos y se encarga de las relaciones p\u00fablicas para la \u00e9lite de la <a href=\"https:\/\/www.revistaad.es\/compras\/branded\/articulos\/nueva-flagship-de-hoff-en-fuencarral\" target=\"_blank\" rel=\"nofollow noopener\">moda<\/a>. Incluso cuando descansa, le encanta improvisar cenas, crear situaciones y fiestas para dar lugar a nuevas sinergias. Y <strong>este piso <a href=\"https:\/\/www.revistaad.es\/galerias\/colores-de-moda-pintar-casa-loft-florencia-reforma\" target=\"_blank\" rel=\"nofollow noopener\">florentino<\/a>, al fin y al cabo, parece haber sido creado precisamente para ser su mejor c\u00f3mplice.<\/strong><\/p>\n<p><img decoding=\"async\" alt=\"Sal\u00f3n con gran techo abovedado.\" loading=\"lazy\" class=\"ResponsiveImageContainer-dkeESL cQPiWi responsive-image__image\"   src=\"https:\/\/www.europesays.com\/es\/wp-content\/uploads\/2026\/09\/14_Tom-Mat0271.jpg\"\/><\/p>\n<p>En esta toma se aprecia la magnitud del sof\u00e1 en forma de herradura, hecho a medida y seg\u00fan el dise\u00f1o de los propietarios. Obra: La Chinoise, \u00f3leo sobre lienzo, de Samuele Alfani. \u201cEl objetivo principal era crear un hogar acogedor, ante todo para nosotros, pero tambi\u00e9n para los muchos amigos a los que nos encanta recibir. Es natural que quien entra quede impresionado por el gran techo abovedado que enmarca el sal\u00f3n, pero no quer\u00edamos crear un \u00fanico efecto escenogr\u00e1fico\u201d, cuentan los propietarios.<\/p>\n","protected":false},"excerpt":{"rendered":"Este convento del siglo XVI en Florencia se ha convertido en el hogar de una pareja de creativos&hellip;\n","protected":false},"author":2,"featured_media":745567,"comment_status":"","ping_status":"","sticky":false,"template":"","format":"standard","meta":{"footnotes":""},"categories":[91],"tags":[1530,8372,33065,146,147,25,24,23,73163],"class_list":["post-745566","post","type-post","status-publish","format-standard","has-post-thumbnail","category-entretenimiento","tag-casas-ad","tag-decoracion","tag-digital_syndication","tag-entertainment","tag-entretenimiento","tag-es","tag-espana","tag-spain","tag-textbelowcenterfullbleed"],"share_on_mastodon":{"url":"https:\/\/pubeurope.com\/@es\/117207463083508586","error":""},"_links":{"self":[{"href":"https:\/\/www.europesays.com\/es\/wp-json\/wp\/v2\/posts\/745566","targetHints":{"allow":["GET"]}}],"collection":[{"href":"https:\/\/www.europesays.com\/es\/wp-json\/wp\/v2\/posts"}],"about":[{"href":"https:\/\/www.europesays.com\/es\/wp-json\/wp\/v2\/types\/post"}],"author":[{"embeddable":true,"href":"https:\/\/www.europesays.com\/es\/wp-json\/wp\/v2\/users\/2"}],"replies":[{"embeddable":true,"href":"https:\/\/www.europesays.com\/es\/wp-json\/wp\/v2\/comments?post=745566"}],"version-history":[{"count":0,"href":"https:\/\/www.europesays.com\/es\/wp-json\/wp\/v2\/posts\/745566\/revisions"}],"wp:featuredmedia":[{"embeddable":true,"href":"https:\/\/www.europesays.com\/es\/wp-json\/wp\/v2\/media\/745567"}],"wp:attachment":[{"href":"https:\/\/www.europesays.com\/es\/wp-json\/wp\/v2\/media?parent=745566"}],"wp:term":[{"taxonomy":"category","embeddable":true,"href":"https:\/\/www.europesays.com\/es\/wp-json\/wp\/v2\/categories?post=745566"},{"taxonomy":"post_tag","embeddable":true,"href":"https:\/\/www.europesays.com\/es\/wp-json\/wp\/v2\/tags?post=745566"}],"curies":[{"name":"wp","href":"https:\/\/api.w.org\/{rel}","templated":true}]}}