{"id":74557,"date":"2025-08-26T23:59:10","date_gmt":"2025-08-26T23:59:10","guid":{"rendered":"https:\/\/www.europesays.com\/es\/74557\/"},"modified":"2025-08-26T23:59:10","modified_gmt":"2025-08-26T23:59:10","slug":"pokemon-go-celebrara-los-nuevos-episodios-de-la-conserje-pokemon-con-bonus-y-un-debut-especial-vandal","status":"publish","type":"post","link":"https:\/\/www.europesays.com\/es\/74557\/","title":{"rendered":"Pok\u00e9mon GO celebrar\u00e1 los nuevos episodios de &#039;La Conserje Pok\u00e9mon&#039; con bonus y un debut especial &#8211; Vandal"},"content":{"rendered":"<ol>\n<li><a href=\"https:\/\/news.google.com\/rss\/articles\/CBMi2wFBVV95cUxQc2R0Y1Q4Ri1iUVB3OHJiNzJfSExzOG5Wb0hYVnR4a2s4cjZ3S3BRS0x3Q05rRjA1a0xLeVU1TjNPV2V1QzBoTGlSdVhsc2NnT3lhZlJRd2hyZHJuMEhLYXJYRG5OM1hFak9YZ3hWVklfT1UzeUVUc1RIeWpwQTR1TlI5OGg2UW14ZkNZNEdKVGpHLTl0VGJzSmhoMUltM2JzeXRCbS1MazFwdTZZd3ZiWUNILWl3RG5qeEZza2NjNFVtNUp6ZklacEFvekJrSk1aX1JOSmhKWlZYRW8?oc=5\" target=\"_blank\" rel=\"nofollow noopener\">Pok\u00e9mon GO celebrar\u00e1 los nuevos episodios de &#8216;La Conserje Pok\u00e9mon&#8217; con bonus y un debut especial<\/a>&nbsp;&nbsp;Vandal<\/li>\n<li><a href=\"https:\/\/news.google.com\/rss\/articles\/CBMi9gFBVV95cUxPQkpvNDBNVi1wcjNTSndrRmRSTUxNRXJGZ1NMajRmWkVQNmJVZkZ0bFJwTHF3czFKRDJYSDhaZ292UkcwYTVTNjNTTUk1ald4amVzYVF1RWZnNEFrRDFseFRIV1lLd2lJVUp4RExKdS1uUWgxUmx3YTFsTXNReGhkQlpsYWM2Vl9BRlcwYVVueDY2UzN2aWY3VzAxcGpaMUdBOXdTbmtfNUw2YlNmLTU1Y2hpMFhYTzZXckgyZWdmT0lNd1FpSTI5dXpJSTFXenUtY2ItSm92QVdqaDFkZldRbGdpbXZBTmtHclJMT0I5RFRzOXlpYlE?oc=5\" target=\"_blank\" rel=\"nofollow noopener\">Pok\u00e9mon Concierge revela nuevas escenas y confirma estrenos de episodios 5\u20138 en Netflix este septiembre | #Pokemon #Netflix #Anime<\/a>&nbsp;&nbsp;multianime.com.mx<\/li>\n<li><a href=\"https:\/\/news.google.com\/rss\/articles\/CBMikwFBVV95cUxQUGRyc3Z1NjVWWjlONi1Bdi1SV0JmQ01aMWxEY3dzNzdmeEdnSm9COVo5Z2hxMFVSY3N2QjEtakpRbmtsbXRHZUtNQlVTYlBRRWQ2TG1iX3dlOHZaZlVqT2dSMXNVb2VNZXViNXQxcFhOVDZCcnVxODR1REVoRF9xU3hRSDIzbWlIRDlYUjRMT1ZIRHPSAZMBQVVfeXFMUFBkcnN2dTY1Vlo5TjYtQXYtUldCZkNNWjFsRGN3czc3ZnhHZ0pvQjlaOWdocTBVUmNzdkIxLWpKUW5rbG10R2VLTUJVU2JQUUVkNkxtYl93ZTh2WmZVak9nUjFzVW9lTWV1YjV0MXBYTlQ2QnJ1cTg0dURFaERfcVN4UUgyM21pSEQ5WFI0TE9WSERz?oc=5\" target=\"_blank\" rel=\"nofollow noopener\">Pok\u00e9mon GO detalla evento de La conserje Pok\u00e9mon<\/a>&nbsp;&nbsp;Nintenderos<\/li>\n<li><a href=\"https:\/\/news.google.com\/rss\/articles\/CBMiZkFVX3lxTE10Uk4waWRKTUw0Y1lyUGxXeGxBUTZVNEtoU2FpYWVKcG91c2NUUHFMUTRzM00tMkRpb3lKRVlBRi1fRjc0RzNDdDYydlF1V21jTkdvZnhSYjFEZVRsRHJTaEhqM3dVdw?oc=5\" target=\"_blank\" rel=\"nofollow noopener\">\u00a1Rel\u00e1jate con Pok\u00e9mon GO durante el Evento de Celebraci\u00f3n de Concierge Pok\u00e9mon!<\/a>&nbsp;&nbsp;Pokemon Go<\/li>\n<\/ol>\n","protected":false},"excerpt":{"rendered":"Pok\u00e9mon GO celebrar\u00e1 los nuevos episodios de &#8216;La Conserje Pok\u00e9mon&#8217; con bonus y un debut especial&nbsp;&nbsp;Vandal Pok\u00e9mon Concierge&hellip;\n","protected":false},"author":2,"featured_media":74558,"comment_status":"","ping_status":"","sticky":false,"template":"","format":"standard","meta":{"footnotes":""},"categories":[81],"tags":[119,123,124,29106,25,24,29105,1783,29103,133,29104,935,134,117,121,122,23,118,120,131,132,135],"class_list":{"0":"post-74557","1":"post","2":"type-post","3":"status-publish","4":"format-standard","5":"has-post-thumbnail","7":"category-ciencia-y-tecnologia","8":"tag-ciencia","9":"tag-ciencia-y-tecnologia","10":"tag-cienciaytecnologia","11":"tag-conserje","12":"tag-es","13":"tag-espana","14":"tag-go","15":"tag-la","16":"tag-niantic","17":"tag-online","18":"tag-pokeacutemon","19":"tag-pokemon-go","20":"tag-ps4","21":"tag-science","22":"tag-science-and-technology","23":"tag-scienceandtechnology","24":"tag-spain","25":"tag-technology","26":"tag-tecnologia","27":"tag-vandal","28":"tag-videojuegos","29":"tag-xbox-one"},"share_on_mastodon":{"url":"","error":""},"_links":{"self":[{"href":"https:\/\/www.europesays.com\/es\/wp-json\/wp\/v2\/posts\/74557","targetHints":{"allow":["GET"]}}],"collection":[{"href":"https:\/\/www.europesays.com\/es\/wp-json\/wp\/v2\/posts"}],"about":[{"href":"https:\/\/www.europesays.com\/es\/wp-json\/wp\/v2\/types\/post"}],"author":[{"embeddable":true,"href":"https:\/\/www.europesays.com\/es\/wp-json\/wp\/v2\/users\/2"}],"replies":[{"embeddable":true,"href":"https:\/\/www.europesays.com\/es\/wp-json\/wp\/v2\/comments?post=74557"}],"version-history":[{"count":0,"href":"https:\/\/www.europesays.com\/es\/wp-json\/wp\/v2\/posts\/74557\/revisions"}],"wp:featuredmedia":[{"embeddable":true,"href":"https:\/\/www.europesays.com\/es\/wp-json\/wp\/v2\/media\/74558"}],"wp:attachment":[{"href":"https:\/\/www.europesays.com\/es\/wp-json\/wp\/v2\/media?parent=74557"}],"wp:term":[{"taxonomy":"category","embeddable":true,"href":"https:\/\/www.europesays.com\/es\/wp-json\/wp\/v2\/categories?post=74557"},{"taxonomy":"post_tag","embeddable":true,"href":"https:\/\/www.europesays.com\/es\/wp-json\/wp\/v2\/tags?post=74557"}],"curies":[{"name":"wp","href":"https:\/\/api.w.org\/{rel}","templated":true}]}}