{"id":745578,"date":"2026-09-03T14:10:22","date_gmt":"2026-09-03T14:10:22","guid":{"rendered":"https:\/\/www.europesays.com\/es\/745578\/"},"modified":"2026-09-03T14:10:22","modified_gmt":"2026-09-03T14:10:22","slug":"el-baskonia-bilbao-basket-de-la-euskal-kopa-adelanta-su-horario","status":"publish","type":"post","link":"https:\/\/www.europesays.com\/es\/745578\/","title":{"rendered":"El Baskonia-Bilbao Basket de la Euskal Kopa adelanta su horario"},"content":{"rendered":"<p>\n        La Federaci\u00f3n Vasca de Baloncesto ha confirmado este jueves que<strong> la Euskal Kopa<\/strong>, prevista en un primer momento el 15 de septiembre en Mendizorroza a las 19:00 horas de la tarde, <strong>se adelantar\u00e1 una hora y por lo tanto comenzar\u00e1 a las 18:00<\/strong>.\n<\/p>\n<p class=\"article-body__text \">\n        Sus rectores han tomado esta determinaci\u00f3n <strong>para evitar la coincidencia con otro acontecimiento deportivo del m\u00e1ximo nivel<\/strong> que tendr\u00e1 lugar ese mismo d\u00eda como el choque de f\u00fatbol de Primera Divisi\u00f3n entre el Deportivo Alav\u00e9s y el Valencia.\n<\/p>\n<p class=\"article-body__text \">\n        El duelo entre albiazules y levantinos ha quedado fijado para las 20:00 horas y, tras adelantarse una hora el inicio de la Euskal Kopa, <strong>los aficionados que as\u00ed lo deseen dispondr\u00e1n de margen suficiente para presenciar ambos partidos<\/strong>.\n<\/p>\n<p>            <a href=\"https:\/\/www.noticiasdealava.eus\/baskonia\/2026\/07\/23\/euskal-kopa-regresa-mendizorroza-seis-baskonia-bilbao-basket-11365055.html\" title=\"La Euskal Kopa regresa a Mendizorroza seis a\u00f1os despu\u00e9s\" class=\"new__media\" rel=\"nofollow noopener\" target=\"_blank\"><\/p>\n<p>                <img alt=\"La Euskal Kopa regresa a Mendizorroza seis a\u00f1os despu\u00e9s\" data-src=\"https:\/\/www.europesays.com\/es\/wp-content\/uploads\/2026\/09\/98a3c5ec-437f-4424-af9c-04fd81371d4d_16-9-aspect-ratio_default_0.jpg\" class=\"lozad\"\/><\/p>\n<p>        <\/a><\/p>\n<p>        <a href=\"https:\/\/www.noticiasdealava.eus\/baskonia\/2026\/07\/23\/euskal-kopa-regresa-mendizorroza-seis-baskonia-bilbao-basket-11365055.html\" title=\"La Euskal Kopa regresa a Mendizorroza seis a\u00f1os despu\u00e9s\" class=\"new__headline\" rel=\"nofollow noopener\" target=\"_blank\"><br \/>\n            La Euskal Kopa regresa a Mendizorroza seis a\u00f1os despu\u00e9s<br \/>\n        <\/a><\/p>\n<p class=\"article-body__text \">\n        El encuentro ante el Bilbao Basket llegar\u00e1 en plena <strong>preparaci\u00f3n de la nueva temporada<\/strong> y tendr\u00e1 un valor especial para el <strong>Baskonia<\/strong>, que afrontar\u00e1 la cita como \u00faltimo test antes de la <strong>Supercopa Endesa<\/strong>. Cuatro d\u00edas despu\u00e9s, el <strong>19 de septiembre<\/strong>, el conjunto azulgrana se medir\u00e1 al <strong>Joventut en Badalona<\/strong> en la primera gran cita oficial del curso.\n<\/p>\n<p class=\"article-body__text \">\n        La \u00faltima vez que la <strong>Euskal Kopa masculina se disput\u00f3 en Vitoria fue el 5 de septiembre de 2020,<\/strong> tambi\u00e9n en el Polideportivo de Mendizorroza. En aquella final, el Baskonia se proclam\u00f3 campe\u00f3n tras superar al Bilbao Basket por 87-77.<\/p>\n","protected":false},"excerpt":{"rendered":"La Federaci\u00f3n Vasca de Baloncesto ha confirmado este jueves que la Euskal Kopa, prevista en un primer momento&hellip;\n","protected":false},"author":2,"featured_media":745579,"comment_status":"","ping_status":"","sticky":false,"template":"","format":"standard","meta":{"footnotes":""},"categories":[269],"tags":[294,299,298,4714,168,25,24,15668,4712,43576,23,167],"class_list":["post-745578","post","type-post","status-publish","format-standard","has-post-thumbnail","category-baloncesto","tag-adelanta","tag-baloncesto","tag-basketball","tag-baskonia","tag-deportes","tag-es","tag-espana","tag-euskal","tag-inicio","tag-kopa","tag-spain","tag-sports"],"share_on_mastodon":{"url":"https:\/\/pubeurope.com\/@es\/117207513812977276","error":""},"_links":{"self":[{"href":"https:\/\/www.europesays.com\/es\/wp-json\/wp\/v2\/posts\/745578","targetHints":{"allow":["GET"]}}],"collection":[{"href":"https:\/\/www.europesays.com\/es\/wp-json\/wp\/v2\/posts"}],"about":[{"href":"https:\/\/www.europesays.com\/es\/wp-json\/wp\/v2\/types\/post"}],"author":[{"embeddable":true,"href":"https:\/\/www.europesays.com\/es\/wp-json\/wp\/v2\/users\/2"}],"replies":[{"embeddable":true,"href":"https:\/\/www.europesays.com\/es\/wp-json\/wp\/v2\/comments?post=745578"}],"version-history":[{"count":0,"href":"https:\/\/www.europesays.com\/es\/wp-json\/wp\/v2\/posts\/745578\/revisions"}],"wp:featuredmedia":[{"embeddable":true,"href":"https:\/\/www.europesays.com\/es\/wp-json\/wp\/v2\/media\/745579"}],"wp:attachment":[{"href":"https:\/\/www.europesays.com\/es\/wp-json\/wp\/v2\/media?parent=745578"}],"wp:term":[{"taxonomy":"category","embeddable":true,"href":"https:\/\/www.europesays.com\/es\/wp-json\/wp\/v2\/categories?post=745578"},{"taxonomy":"post_tag","embeddable":true,"href":"https:\/\/www.europesays.com\/es\/wp-json\/wp\/v2\/tags?post=745578"}],"curies":[{"name":"wp","href":"https:\/\/api.w.org\/{rel}","templated":true}]}}